{"id":244958,"date":"2025-11-19T17:54:09","date_gmt":"2025-11-19T17:54:09","guid":{"rendered":"https:\/\/www.europesays.com\/es\/244958\/"},"modified":"2025-11-19T17:54:09","modified_gmt":"2025-11-19T17:54:09","slug":"el-emotivo-recuerdo-de-carlos-alcaraz-sobre-el-homenaje-a-rafa-nadal-en-roland-garros","status":"publish","type":"post","link":"https:\/\/www.europesays.com\/es\/244958\/","title":{"rendered":"El emotivo recuerdo de Carlos Alcaraz sobre el homenaje a Rafa Nadal en Roland Garros"},"content":{"rendered":"<p class=\"L6-news-detail__text\"><b>Carlos Alcaraz<\/b> contin\u00faa en boca de todos, esta vez no solo por su derrota ante Sinner en la final de la <b>ATP Finals<\/b> o su retirada de la <b>Copa Davis<\/b> de \u00faltima hora, sino por sus declaraciones.<\/p>\n<p class=\"L6-news-detail__text\">El murciano ha concedido una entrevista a &#8216;Marca&#8217; tras el anuncio de su lesi\u00f3n a causa de un<b> edema en el isquiotibial de la pierna derecha<\/b>.<\/p>\n<p class=\"L6-news-detail__text\">En ella, adem\u00e1s de hablar sobre su trayectoria, inicios, rivalidades o patrocinios, el n\u00famero 1 del mundo ha dedicado unas bonitas palabras a su \u00eddolo y expareja en dobles masculinos durante las pasadas olimpiadas, <b><a title=\"Rafael Nadal.\" href=\"https:\/\/www.lasexta.com\/noticias\/deportes\/tenis\/carlos-alcaraz-recuerda-derrota-mas-triste-tiene-que-ver-rafa-nadal_20251119691da3e539b3f1652bf95f79.html\" target=\"_blank\" rel=\"nofollow noopener\">Rafael Nadal.<\/a><\/b><\/p>\n<p class=\"L6-news-detail__text\">El manacor\u00ed se despidi\u00f3 de forma oficial del tenis el pasado 19 de noviembre de 2024, al caer ante el neerland\u00e9s <b>Botic van de Zandschulp<\/b> en los cuartos de final de la Copa Davis.<\/p>\n<p class=\"L6-news-detail__text\">Sin embargo, Nadal regres\u00f3 a la pista <b>Philippe Chatrier del Roland Garros<\/b>, su torneo por excelencia, el 25 de mayo de 2025, en un homenaje realizado por la organizaci\u00f3n del torneo, donde estuvo presente Alcaraz.<\/p>\n<p class=\"L6-news-detail__text\">\u00ab<b>Se me puso la piel de gallina<\/b> porque fue un momento muy emocionante a la vez que bonito como \u00e9l se merec\u00eda. Con Roger, con Novak y con Andy. Los v\u00eddeos, Roland Garros, la placa. <b>La despedida fue magn\u00edfica<\/b>\u00ab, recuerda el murciano.<\/p>\n<p class=\"L6-news-detail__text\">A ra\u00edz de la despedida de Nadal, Alcaraz respondi\u00f3 sobre si le gustar\u00eda tener una despedida similar. \u00abObviamente s\u00ed que me gustar\u00eda, porque <b>significar\u00e1 que me lo he merecido durante toda mi carrera<\/b>. Todo el mundo tiene lo que se merece y Rafa tuvo lo que se merec\u00eda\u00bb, a\u00f1ade.<\/p>\n<p class=\"L6-news-detail__text\">Adem\u00e1s, el tenista ha se\u00f1alado que \u00abde momento no se ve jugando\u00bb hasta los 38 a\u00f1os como Nadal o Djokovic. \u00ab<b>Prefiero ir a\u00f1o a a\u00f1o a ver hasta d\u00f3nde puede llegar mi cuerpo<\/b>. Y, sobre todo, si tengo la motivaci\u00f3n y las ganas\u00bb, ha concluido.<\/p>\n<p class=\"L6-support-news-video__title\">Entrevista &#8216;Jugones&#8217;<\/p>\n<p>            <a href=\"https:\/\/www.lasexta.com\/noticias\/deportes\/futbol\/madridismo-athenea-castillo-que-naci-primero_20251119691dd6a9360d0840bceb3c32.html\" class=\"L6-news__link\" rel=\"nofollow noopener\" target=\"_blank\"><br \/>\n                El madridismo de Athenea del Castillo: \u00abDesde que nac\u00ed lo primero&#8230;\u00bb<\/p>\n<p class=\"recirculation-video-desc\">La jugadora del Real Madrid atiende a &#8216;Jugones&#8217; y muestra su amor por el Real Madrid: \u00abLo primero era la camiseta del Real Madrid\u00bb.<\/p>\n<p>            <\/a><\/p>\n","protected":false},"excerpt":{"rendered":"Carlos Alcaraz contin\u00faa en boca de todos, esta vez no solo por su derrota ante Sinner en la&hellip;\n","protected":false},"author":2,"featured_media":244959,"comment_status":"","ping_status":"","sticky":false,"template":"","format":"standard","meta":{"footnotes":""},"categories":[274],"tags":[168,25,24,23,167,327,326],"class_list":{"0":"post-244958","1":"post","2":"type-post","3":"status-publish","4":"format-standard","5":"has-post-thumbnail","7":"category-tenis","8":"tag-deportes","9":"tag-es","10":"tag-espana","11":"tag-spain","12":"tag-sports","13":"tag-tenis","14":"tag-tennis"},"share_on_mastodon":{"url":"https:\/\/pubeurope.com\/@es\/115577649061318139","error":""},"_links":{"self":[{"href":"https:\/\/www.europesays.com\/es\/wp-json\/wp\/v2\/posts\/244958","targetHints":{"allow":["GET"]}}],"collection":[{"href":"https:\/\/www.europesays.com\/es\/wp-json\/wp\/v2\/posts"}],"about":[{"href":"https:\/\/www.europesays.com\/es\/wp-json\/wp\/v2\/types\/post"}],"author":[{"embeddable":true,"href":"https:\/\/www.europesays.com\/es\/wp-json\/wp\/v2\/users\/2"}],"replies":[{"embeddable":true,"href":"https:\/\/www.europesays.com\/es\/wp-json\/wp\/v2\/comments?post=244958"}],"version-history":[{"count":0,"href":"https:\/\/www.europesays.com\/es\/wp-json\/wp\/v2\/posts\/244958\/revisions"}],"wp:featuredmedia":[{"embeddable":true,"href":"https:\/\/www.europesays.com\/es\/wp-json\/wp\/v2\/media\/244959"}],"wp:attachment":[{"href":"https:\/\/www.europesays.com\/es\/wp-json\/wp\/v2\/media?parent=244958"}],"wp:term":[{"taxonomy":"category","embeddable":true,"href":"https:\/\/www.europesays.com\/es\/wp-json\/wp\/v2\/categories?post=244958"},{"taxonomy":"post_tag","embeddable":true,"href":"https:\/\/www.europesays.com\/es\/wp-json\/wp\/v2\/tags?post=244958"}],"curies":[{"name":"wp","href":"https:\/\/api.w.org\/{rel}","templated":true}]}}