{"id":244964,"date":"2025-11-19T17:58:09","date_gmt":"2025-11-19T17:58:09","guid":{"rendered":"https:\/\/www.europesays.com\/es\/244964\/"},"modified":"2025-11-19T17:58:09","modified_gmt":"2025-11-19T17:58:09","slug":"javier-fernandez-presidente-de-la-diputacion-de-sevilla-le-manda-un-mensaje-a-fajardo-sobre-fabian-lo-he-fichado-yo","status":"publish","type":"post","link":"https:\/\/www.europesays.com\/es\/244964\/","title":{"rendered":"Javier Fern\u00e1ndez, presidente de la Diputaci\u00f3n de Sevilla, le manda un mensaje a Fajardo sobre Fabi\u00e1n: \u00abLo he fichado yo\u00bb"},"content":{"rendered":"<p style=\"\">Los aficionados del <strong>Real Betis<\/strong> pudieron ver en la noche de este martes c\u00f3mo uno de sus canteranos m\u00e1s importantes de la historia verdiblanca volv\u00eda a Sevilla. Esta vez fue con la selecci\u00f3n espa\u00f1ola en el Estadio La Cartuja, en el \u00faltimo partido de  &#8230; la fase de clasificaci\u00f3n al <strong>Mundial de 2026<\/strong> ante Turqu\u00eda. El de Los Palacios de Villafranca parti\u00f3 como titular y en el minuto 83, fue sustituido por el verdiblanco <strong>Pablo Fornals<\/strong>. <\/p>\n<p class=\"voc-p\" style=\"\">Tras conseguir el billete al pr\u00f3ximo Mundial de forma matem\u00e1tica, Fabi\u00e1n Ruiz ha tenido otro acto en la ciudad de Sevilla durante la ma\u00f1ana de este mi\u00e9rcoles. El pasado mes de abril, la <strong>Diputaci\u00f3n de Sevilla<\/strong> nombr\u00f3 al jugador del Paris Saint Germain como <strong>Medalla de Oro de la Provincia de Sevilla de 2025<\/strong>. La gala, celebrada el 23 de mayo, no pudo contar con la presencia de Fabi\u00e1n, que en aquel momento se encontraba concentrado con el equipo parisino para disputar la final de la Copa de Francia. <\/p>\n<p class=\"voc-p\" style=\"\">En consecuencia de su ausencia, la Diputaci\u00f3n de Sevilla ha aprovechado su estancia por la ciudad hispalense para hacerle entrega de la Medalla de Oro en un evento que ha tenido lugar en la Sede de la Diputaci\u00f3n. Adem\u00e1s, tambi\u00e9n se le ha entregado una camiseta que la Diputaci\u00f3n ha realizado en exclusiva para el futbolista palaciego. <\/p>\n<p class=\"voc-p\" style=\"\">En el propio acto ha estado presente <strong>Manu Fajardo<\/strong>. Por su parte, <strong>Javier Fern\u00e1ndez,<\/strong> presidente de la Diputaci\u00f3n de Sevilla le ha mandado un gui\u00f1o al director deportivo del Betis cuando le hac\u00eda entrega de la camiseta a Fabi\u00e1n: \u00ab<strong>Lo he fichado yo<\/strong>\u00ab. <\/p>\n<p class=\"voc-p\" style=\"\">Tras el acto, el internacional espa\u00f1ol ha atendido a los medios de comunicaci\u00f3n, donde ha destacado la presencia de Manu Fajardo en un d\u00eda tan especial para \u00e9l: \u00ab<strong>Para m\u00ed es un honor que un representante del Betis, en este caso Manu Fajardo, est\u00e9 en un acto tan importante para m\u00ed<\/strong>. Siempre que hay un premio est\u00e1n pendientes y agradezco que el equipo de tu tierra, del que eres, est\u00e9 siempre apoy\u00e1ndote\u00ab. <\/p>\n<p class=\"voc-p\" style=\"\">Ya en la rueda de prensa previa al encuentro ante Turqu\u00eda, Fabi\u00e1n volvi\u00f3 a expresar su deseo de regresar en un futuro al conjunto verdiblanco: \u00abNo me escondo, soy b\u00e9tico. Para m\u00ed es una alegr\u00eda. Siempre he dicho que me gustar\u00eda volver algun d\u00eda. No s\u00e9 cu\u00e1ndo, pero <strong>siempre he dicho que me gustar\u00eda acabar mi carrera en mi equipo<\/strong>. Esperemos que se pueda cumplir\u00ab.<\/p>\n","protected":false},"excerpt":{"rendered":"Los aficionados del Real Betis pudieron ver en la noche de este martes c\u00f3mo uno de sus canteranos&hellip;\n","protected":false},"author":2,"featured_media":244965,"comment_status":"","ping_status":"","sticky":false,"template":"","format":"standard","meta":{"footnotes":""},"categories":[268],"tags":[168,7821,25,24,16902,19463,10994,62671,280,282,5264,11787,8079,1461,1171,57,281,23,167],"class_list":{"0":"post-244964","1":"post","2":"type-post","3":"status-publish","4":"format-standard","5":"has-post-thumbnail","7":"category-futbol","8":"tag-deportes","9":"tag-diputacion","10":"tag-es","11":"tag-espana","12":"tag-fabian","13":"tag-fajardo","14":"tag-fernandez","15":"tag-fichado","16":"tag-football","17":"tag-futbol","18":"tag-javier","19":"tag-manda","20":"tag-mensaje","21":"tag-presidente","22":"tag-sevilla","23":"tag-sobre","24":"tag-soccer","25":"tag-spain","26":"tag-sports"},"share_on_mastodon":{"url":"https:\/\/pubeurope.com\/@es\/115577664663840052","error":""},"_links":{"self":[{"href":"https:\/\/www.europesays.com\/es\/wp-json\/wp\/v2\/posts\/244964","targetHints":{"allow":["GET"]}}],"collection":[{"href":"https:\/\/www.europesays.com\/es\/wp-json\/wp\/v2\/posts"}],"about":[{"href":"https:\/\/www.europesays.com\/es\/wp-json\/wp\/v2\/types\/post"}],"author":[{"embeddable":true,"href":"https:\/\/www.europesays.com\/es\/wp-json\/wp\/v2\/users\/2"}],"replies":[{"embeddable":true,"href":"https:\/\/www.europesays.com\/es\/wp-json\/wp\/v2\/comments?post=244964"}],"version-history":[{"count":0,"href":"https:\/\/www.europesays.com\/es\/wp-json\/wp\/v2\/posts\/244964\/revisions"}],"wp:featuredmedia":[{"embeddable":true,"href":"https:\/\/www.europesays.com\/es\/wp-json\/wp\/v2\/media\/244965"}],"wp:attachment":[{"href":"https:\/\/www.europesays.com\/es\/wp-json\/wp\/v2\/media?parent=244964"}],"wp:term":[{"taxonomy":"category","embeddable":true,"href":"https:\/\/www.europesays.com\/es\/wp-json\/wp\/v2\/categories?post=244964"},{"taxonomy":"post_tag","embeddable":true,"href":"https:\/\/www.europesays.com\/es\/wp-json\/wp\/v2\/tags?post=244964"}],"curies":[{"name":"wp","href":"https:\/\/api.w.org\/{rel}","templated":true}]}}