{"id":244966,"date":"2025-11-19T17:59:30","date_gmt":"2025-11-19T17:59:30","guid":{"rendered":"https:\/\/www.europesays.com\/es\/244966\/"},"modified":"2025-11-19T17:59:30","modified_gmt":"2025-11-19T17:59:30","slug":"el-actor-eduard-fernandez-es-demoledor-como-nadie-con-el-19-de-los-jovenes-espanoles-que-cree-que-el-franquismo-fue-bueno","status":"publish","type":"post","link":"https:\/\/www.europesays.com\/es\/244966\/","title":{"rendered":"El actor Eduard Fern\u00e1ndez es demoledor como nadie con el 19% de los j\u00f3venes espa\u00f1oles que cree que el franquismo fue bueno"},"content":{"rendered":"<p>El actor Eduard Fern\u00e1ndez, ganador de cuatro Premios Goya, ha calificado como nadie al 19% de los j\u00f3venes espa\u00f1oles que creen que<b> los a\u00f1os del franquismo fueron \u00abbuenos o muy buenos<\/b>, <a href=\"https:\/\/www.huffingtonpost.es\/virales\/ana-belen-da-repaso-historico-digno-ensenar-colegios-universidades-encuesta-cis-mucha-gente-dio-vida.html\" rel=\"nofollow noopener\" target=\"_blank\">seg\u00fan una encuesta del CIS publicada en octubre.<\/a><\/p>\n<p>En declaraciones a Cinerama, Fern\u00e1ndez ha sido muy claro:<a href=\"https:\/\/www.huffingtonpost.es\/virales\/victor-manuel-responde-pocos-han-hecho-19-jovenes-echa-franquismo.html\" rel=\"nofollow noopener\" target=\"_blank\"> \u00abEntre los j\u00f3venes mucha gente prefiere la dictadura a la democracia<\/a>. \u00bfPrefieren una dictadura y que alguien mande?<b> Me parece que es gente con poca autoestima\u00bb.<\/b><\/p>\n<p>\u00ab\u00bfT\u00fa no prefieres delegar tu voto en alguien? Ve t\u00fa al Congreso que piensas parecido a m\u00ed y nos organizamos entre todos. <b>Yo creo que es importante que se sepa qu\u00e9 es la democracia,<\/b> c\u00f3mo se luch\u00f3 por la democracia en este pa\u00eds y poner en su valor lo que es la democracia. Imperfecta, como todo\u00bb, ha insistido el actor, que estos d\u00edas presenta\u00a0Anatom\u00eda de un instante,\u00a0la miniserie de Movistar sobre el 23-F en la que participa tambi\u00e9n \u00c1lvaro Morte.<\/p>\n<p>Otro de los rostros conocidos que se ha pronunciado \u00faltimamente sobre lo que algunos j\u00f3venes piensan del franquismo ha sido la cantante Ana Bel\u00e9n, a quien en RNE le han preguntado si cree que peligran algunas de las cosas por las que lucharon durante el final del franquismo y la transici\u00f3n. Ella ha sido rotunda: \u00abPeligrar no s\u00e9. Ahora, que <b>hay que estar alerta<\/b>, por supuesto. Porque hay discursos en este momento tan peligrosos y como tan fr\u00edvolos, peligrosamente fr\u00edvolos\u00bb.<\/p>\n<p>Ana Bel\u00e9n y la importancia de la educaci\u00f3n\u00a0<\/p>\n<p>\u00abY hay una cosa peor, que son las redes sociales, que amplifican tremendamente y horrorosamente todo esto y todo eso cala en la gente m\u00e1s joven que no sabe. <b>Hay una cosa que creo que s\u00ed hemos hecho mal<\/b> y ha sido la educaci\u00f3n. La educaci\u00f3n hacia nuestros chavalines, j\u00f3venes&#8230;\u00bb, se ha lamentado Ana Bel\u00e9n.<\/p>\n<p>En esa misma l\u00ednea, el cantante V\u00edctor Manuel ha asegurado que <b>\u00ablos j\u00f3venes que echan de menos una dictadura no saben lo que dicen<\/b> y parece que no hemos hecho bien el trabajo los mayores para que lleguen a esos extremos de desinformaci\u00f3n\u00bb.<\/p>\n<p>El cantautor ha defendido que Espa\u00f1a \u00abes un pa\u00eds nuevo\u00bb en comparaci\u00f3n con la etapa de la dictadura, aunque <b>\u00abun mont\u00f3n de gilipollas se empe\u00f1en en decir lo contrario\u00bb<\/b> y ha destacado lo que piensan quienes tienen \u00abcierta edad\u00bb.<\/p>\n","protected":false},"excerpt":{"rendered":"El actor Eduard Fern\u00e1ndez, ganador de cuatro Premios Goya, ha calificado como nadie al 19% de los j\u00f3venes&hellip;\n","protected":false},"author":2,"featured_media":244967,"comment_status":"","ping_status":"","sticky":false,"template":"","format":"standard","meta":{"footnotes":""},"categories":[174],"tags":[1014,255,62672,146,147,25,24,256,1470,23],"class_list":{"0":"post-244966","1":"post","2":"type-post","3":"status-publish","4":"format-standard","5":"has-post-thumbnail","7":"category-famosos","8":"tag-actores","9":"tag-celebrities","10":"tag-dictaduras","11":"tag-entertainment","12":"tag-entretenimiento","13":"tag-es","14":"tag-espana","15":"tag-famosos","16":"tag-franquismo","17":"tag-spain"},"share_on_mastodon":{"url":"https:\/\/pubeurope.com\/@es\/115577668555327042","error":""},"_links":{"self":[{"href":"https:\/\/www.europesays.com\/es\/wp-json\/wp\/v2\/posts\/244966","targetHints":{"allow":["GET"]}}],"collection":[{"href":"https:\/\/www.europesays.com\/es\/wp-json\/wp\/v2\/posts"}],"about":[{"href":"https:\/\/www.europesays.com\/es\/wp-json\/wp\/v2\/types\/post"}],"author":[{"embeddable":true,"href":"https:\/\/www.europesays.com\/es\/wp-json\/wp\/v2\/users\/2"}],"replies":[{"embeddable":true,"href":"https:\/\/www.europesays.com\/es\/wp-json\/wp\/v2\/comments?post=244966"}],"version-history":[{"count":0,"href":"https:\/\/www.europesays.com\/es\/wp-json\/wp\/v2\/posts\/244966\/revisions"}],"wp:featuredmedia":[{"embeddable":true,"href":"https:\/\/www.europesays.com\/es\/wp-json\/wp\/v2\/media\/244967"}],"wp:attachment":[{"href":"https:\/\/www.europesays.com\/es\/wp-json\/wp\/v2\/media?parent=244966"}],"wp:term":[{"taxonomy":"category","embeddable":true,"href":"https:\/\/www.europesays.com\/es\/wp-json\/wp\/v2\/categories?post=244966"},{"taxonomy":"post_tag","embeddable":true,"href":"https:\/\/www.europesays.com\/es\/wp-json\/wp\/v2\/tags?post=244966"}],"curies":[{"name":"wp","href":"https:\/\/api.w.org\/{rel}","templated":true}]}}