{"id":244970,"date":"2025-11-19T18:03:09","date_gmt":"2025-11-19T18:03:09","guid":{"rendered":"https:\/\/www.europesays.com\/es\/244970\/"},"modified":"2025-11-19T18:03:09","modified_gmt":"2025-11-19T18:03:09","slug":"gira-de-manowar-celebrando-fighting-the-world-y-kings-of-metal-nuevo-disco-de-paul-gilbert-fechas-peninsulares-de-hitten","status":"publish","type":"post","link":"https:\/\/www.europesays.com\/es\/244970\/","title":{"rendered":"Gira de MANOWAR celebrando \u201cFighting The World\u201d y \u201cKings Of Metal\u201d. Nuevo disco de Paul Gilbert. Fechas peninsulares de HITTEN."},"content":{"rendered":"<p>\u00a0<\/p>\n<p style=\"text-align: center;\"><strong><a href=\"#MANOWAR\">Gira de MANOWAR celebrando \u201cFighting The World\u201d y \u201cKings Of Metal\u201d<\/a> \u2013 <a href=\"#Gilbert\">Nuevo disco de Paul Gilbert<\/a> \u2013 <a href=\"#HITTEN\">Fechas peninsulares de HITTEN<\/a>.<\/strong><\/p>\n<p><a href=\"https:\/\/manowar.com\/\" target=\"_blank\" rel=\"noopener nofollow\"><strong>MANOWAR<\/strong><\/a> han anunciado una nueva gira para 2027 en la que celebrar\u00e1n sus discos \u201cFighting The World\u201d y \u201cKings Of Metal\u201d.<\/p>\n<p>Estos conciertos contar\u00e1n con repertorios alternos, en los que se interpretar\u00e1 el \u00e1lbum completo \u00abKings Of Metal\u00bb o el \u00e1lbum completo \u00abFighting The World\u00bb, adem\u00e1s de otros himnos \u00e9picos, en una producci\u00f3n totalmente nueva.<\/p>\n<p>Este es el cartel con las fechas:<\/p>\n<p><img fetchpriority=\"high\" decoding=\"async\" src=\"https:\/\/www.europesays.com\/es\/wp-content\/uploads\/2025\/11\/ManowarTour2027.jpg\" alt=\"RAMMSTEIN\" width=\"500\" height=\"625\"\/><\/p>\n<p>La banda sigue <a href=\"https:\/\/www.rafabasa.com\/2025\/10\/21\/manowar-the-aristocrats-rainover\/#MANOWAR2\" rel=\"nofollow noopener\" target=\"_blank\">trabajando en la regrabaci\u00f3n<\/a> de su disco \u201cSign Of The Hammer\u201d.<\/p>\n<p>En principio siguen preparando un <a href=\"https:\/\/www.rafabasa.com\/2025\/07\/16\/manowar-in-this-moment-benefactor-decease\/#MANOWAR\" rel=\"nofollow noopener\" target=\"_blank\">nuevo disco<\/a>.<\/p>\n<p>Ten\u00e9is fotos de su paso por Pamplona en este <a href=\"https:\/\/www.rafabasa.com\/2025\/03\/14\/fotos-de-manowar-en-el-kingdom-of-rock-festival-2025\/\" rel=\"nofollow noopener\" target=\"_blank\">enlace<\/a> y la cr\u00f3nica de su actuaci\u00f3n en <a href=\"https:\/\/www.rafabasa.com\/2025\/03\/12\/cronica-y-fotos-del-kingdom-of-rock-festival-con-manowar-doro-freedom-call-electrikeel\/\" rel=\"nofollow noopener\" target=\"_blank\">este<\/a>.<\/p>\n<p>\u00a0<\/p>\n<p>\u00a0<\/p>\n<p><a href=\"http:\/\/www.paulgilbert.com\/\" target=\"_blank\" rel=\"noopener nofollow\"><strong>Paul Gilbert<\/strong><\/a> editar\u00e1 el 27 de febrero a trav\u00e9s de Mascot Records un nuevo disco titulado \u201cWROC\u201d.<\/p>\n<p>Estos son los temas que incluye:<\/p>\n<p>1. Keep Your Feet Firm and Even<br \/>2. Show Not Yourself Glad (At the Misfortune of Another)<br \/>3. Maintain a Sweet and Cheerful Countenance<br \/>4. Go Not Thither<br \/>5. Orderly And Distinctly<br \/>6. If You Soak Bread in the Sauce<br \/>7. Let Thy Carriage<br \/>8. Speak Not Evil of the Absent *<br \/>9. Turn Not Your Back (To Others) *<br \/>10. Conscience is the Most Certain Judge<br \/>11. Every Action Done in Company *<br \/>12. Spark of Celestial Fire<br \/>13. George Washington Rules<\/p>\n<p>* No incluidos en el vinilo<\/p>\n<p>El trabajo estar\u00e1 disponible en CD, vinilo y formato digital.<\/p>\n<p>A continuaci\u00f3n ten\u00e9is el nuevo single \u201cGo Not Thither\u201d.<\/p>\n<p>Sus \u00faltimos lanzamientos en esta <a href=\"https:\/\/www.rafabasa.com\/2023\/03\/23\/paul-gilbert-pedro-botero-immortal-guardian\/#Paul_Gilbert\" rel=\"nofollow noopener\" target=\"_blank\">noticia<\/a>.<\/p>\n<p>\u00a0<\/p>\n<p>\u00a0<\/p>\n<p><strong>HITTEN<\/strong> han anunciado las siguientes fechas en la pen\u00ednsula:<\/p>\n<ul>\n<li>D\u00eda 6 de marzo \u2013 Sala T\u00f3tem \u2013 PAMPLONA<\/li>\n<li>D\u00eda 7 de marzo \u2013 Sala Capitol \u2013 SANTIAGO DE COMPOSTELA<\/li>\n<li>D\u00eda 8 de marzo \u2013 Sala Hard Club \u2013 OPORTO<\/li>\n<li>D\u00eda 10 de marzo \u2013 Sala LAV \u2013 LISBOA<\/li>\n<li>D\u00eda 11 de marzo \u2013 Sal Custom \u2013 SEVILLA<\/li>\n<li>D\u00eda 12 de marzo \u2013 Sala Mamba \u2013 MURCIA<\/li>\n<li>D\u00eda 13 de marzo \u2013 Sala Rock City \u2013 VALENCIA<\/li>\n<\/ul>\n<p>El \u00faltimo disco de <strong>HITTEN<\/strong> \u201cWhile Passion Lasts\u201d aparecido el 24 de noviembre de 2023 a trav\u00e9s de High Roller Records, puede escucharse \u00edntegro en este <a href=\"https:\/\/www.rafabasa.com\/2023\/11\/27\/dream-theater-mike-portnoy-hitten-ural\/#HITTEN\" target=\"_blank\" rel=\"noopener nofollow\">bloque<\/a>.<\/p>\n<p>Todos los detalles en esta <a href=\"https:\/\/www.rafabasa.com\/2023\/09\/21\/motley-crue-hitten-cruel-force\/#HITTEN\" target=\"_blank\" rel=\"noopener nofollow\">noticia<\/a>.<\/p>\n<p>\u00a0<\/p>\n<p align=\"center\"><strong>Sigue el\u00a0<a href=\"https:\/\/whatsapp.com\/channel\/0029VaCprxVBA1f555USvT2O\" target=\"_blank\" rel=\"nofollow noopener\">Canal de RAFABASA.COM en WhatsApp<\/a>, donde encontrar\u00e1s todas nuestras novedades al instante<\/strong><\/p>\n<p>\u00a0<\/p>\n","protected":false},"excerpt":{"rendered":"\u00a0 Gira de MANOWAR celebrando \u201cFighting The World\u201d y \u201cKings Of Metal\u201d \u2013 Nuevo disco de Paul Gilbert&hellip;\n","protected":false},"author":2,"featured_media":244971,"comment_status":"","ping_status":"","sticky":false,"template":"","format":"standard","meta":{"footnotes":""},"categories":[170],"tags":[146,147,25,24,62674,53107,184,185,62675,23],"class_list":{"0":"post-244970","1":"post","2":"type-post","3":"status-publish","4":"format-standard","5":"has-post-thumbnail","7":"category-musica","8":"tag-entertainment","9":"tag-entretenimiento","10":"tag-es","11":"tag-espana","12":"tag-hitten","13":"tag-manowar","14":"tag-music","15":"tag-musica","16":"tag-paul-gilbert","17":"tag-spain"},"share_on_mastodon":{"url":"https:\/\/pubeurope.com\/@es\/115577684937964174","error":""},"_links":{"self":[{"href":"https:\/\/www.europesays.com\/es\/wp-json\/wp\/v2\/posts\/244970","targetHints":{"allow":["GET"]}}],"collection":[{"href":"https:\/\/www.europesays.com\/es\/wp-json\/wp\/v2\/posts"}],"about":[{"href":"https:\/\/www.europesays.com\/es\/wp-json\/wp\/v2\/types\/post"}],"author":[{"embeddable":true,"href":"https:\/\/www.europesays.com\/es\/wp-json\/wp\/v2\/users\/2"}],"replies":[{"embeddable":true,"href":"https:\/\/www.europesays.com\/es\/wp-json\/wp\/v2\/comments?post=244970"}],"version-history":[{"count":0,"href":"https:\/\/www.europesays.com\/es\/wp-json\/wp\/v2\/posts\/244970\/revisions"}],"wp:featuredmedia":[{"embeddable":true,"href":"https:\/\/www.europesays.com\/es\/wp-json\/wp\/v2\/media\/244971"}],"wp:attachment":[{"href":"https:\/\/www.europesays.com\/es\/wp-json\/wp\/v2\/media?parent=244970"}],"wp:term":[{"taxonomy":"category","embeddable":true,"href":"https:\/\/www.europesays.com\/es\/wp-json\/wp\/v2\/categories?post=244970"},{"taxonomy":"post_tag","embeddable":true,"href":"https:\/\/www.europesays.com\/es\/wp-json\/wp\/v2\/tags?post=244970"}],"curies":[{"name":"wp","href":"https:\/\/api.w.org\/{rel}","templated":true}]}}