{"id":244972,"date":"2025-11-19T18:04:13","date_gmt":"2025-11-19T18:04:13","guid":{"rendered":"https:\/\/www.europesays.com\/es\/244972\/"},"modified":"2025-11-19T18:04:13","modified_gmt":"2025-11-19T18:04:13","slug":"tom-holland-revela-el-companero-de-rodaje-que-salvo-su-primera-escena-como-spider-man-donde-estan-los-dialogos-del-chico","status":"publish","type":"post","link":"https:\/\/www.europesays.com\/es\/244972\/","title":{"rendered":"Tom Holland revela el compa\u00f1ero de rodaje que salv\u00f3 su primera escena como Spider-Man: \u201c\u00bfD\u00f3nde est\u00e1n los di\u00e1logos del chico?\u201d"},"content":{"rendered":"<p class=\"\">Tom Holland se ha convertido en el Spiderman m\u00e1s duradero de Marvel, gracias a la cuarta entrega en desarrollo de su franquicia y a su incorporaci\u00f3n en el MCU, pero todo se lo debe a Robert Downey Jr. Y es que la escena que labr\u00f3 su \u00e9xito, el peque\u00f1o cameo con el que debut\u00f3 en la piel del Hombre Ara\u00f1a dentro de \u2018Capit\u00e1n Am\u00e9rica: Civil War\u2019,<b> fue por un breve tiempo modificada por problemas con la duraci\u00f3n del metraje. <\/b><\/p>\n<p class=\"\">Ante la eliminaci\u00f3n de buena parte del dialogo entre Tony Stark y Peter Parker,<b> Iron Man tuvo que tomar cartas en el asunto<\/b>: \u201cCuando llegu\u00e9 al set de rodaje despu\u00e9s de lograr el papel, mi escena hab\u00eda sido reducida significativamente de lo que hice en la audici\u00f3n. Ahora eran quiz\u00e1s dos p\u00e1ginas. Downey intervino: <b>\u201c\u00bfAd\u00f3nde se fueron todas las l\u00edneas del chico?\u201d<\/b>\u201c, record\u00f3 Holland en una entrevista para <a href=\"https:\/\/www.youtube.com\/watch?v=zfyU30zrHHI\" target=\"_self\" rel=\"nofollow noopener\" title=\"https:\/\/www.youtube.com\/watch?v=zfyU30zrHHI\">Rich Roll Podcast<\/a>. <\/p>\n<p><img decoding=\"async\" src=\"https:\/\/www.europesays.com\/es\/wp-content\/uploads\/2025\/11\/CPOHFVZ6Y5HCVD3CCE73RKYDEQ.jpg\" alt=\"Tom Holland revela el compa\u00f1ero de rodaje que salv\u00f3 su primera escena como Spider-Man: \u201c\u00bfD\u00f3nde est\u00e1n los di\u00e1logos del chico?\u201d&#9;\" height=\"720\" width=\"1608\"   loading=\"lazy\"\/><b>Tom Holland le debe una a Robert Downey Jr.<\/b><\/p>\n<p class=\"\">El actor brit\u00e1nico contin\u00faa explicando: \u201cDowney fue quien dijo: \u201cNo, vais a querer dedicar tiempo a esto. <b>Rodemos todo lo de la audici\u00f3n<\/b>. Siempre pueden cortarlo, pero vais a querer tenerlo. Y usaron todo. Se lo debo a \u00e9l. Eso es realmente genial\u201d. Esta secuencia elev\u00f3 instant\u00e1neamente la expectaci\u00f3n por \u2018<b>Spiderman: Homecoming<\/b>\u2019, que se <b>convirti\u00f3 en todo un \u00e9xito de cr\u00edtica y taquilla<\/b>, llegando a recaudar cerca de 880 millones de d\u00f3lares alrededor del mundo. <\/p>\n<p class=\"\">Cerca de una d\u00e9cada despu\u00e9s, Holland <b>se encuentra inmerso en el rodaje de la cuarta entrega <\/b>de la franquicia, \u2018Brand New Day\u2019, una producci\u00f3n <a href=\"https:\/\/as.com\/meristation\/cine\/se-cuelan-dos-nuevas-fotos-del-rodaje-de-spider-man-4-y-una-pista-en-forma-de-columnas-de-humo-f202510-n\/\" target=\"_self\" rel=\"nofollow noopener\" title=\"https:\/\/as.com\/meristation\/cine\/se-cuelan-dos-nuevas-fotos-del-rodaje-de-spider-man-4-y-una-pista-en-forma-de-columnas-de-humo-f202510-n\/\">seguida muy de cerca<\/a> por los fans de Marvel. Dirigida por Destin Daniel Cretton, la cinta contar\u00e1 nuevamente con Zendaya y tendr\u00e1 grandes estrellas en su reparto como <a href=\"https:\/\/as.com\/meristation\/cine\/el-set-de-spider-man-brand-new-day-tiene-una-nueva-estrella-sadie-sink-stranger-things-ha-llegado-al-rodaje-f202510-n\/\" target=\"_self\" rel=\"nofollow noopener\" title=\"https:\/\/as.com\/meristation\/cine\/el-set-de-spider-man-brand-new-day-tiene-una-nueva-estrella-sadie-sink-stranger-things-ha-llegado-al-rodaje-f202510-n\/\">Sadie Sink<\/a>, <a href=\"https:\/\/as.com\/meristation\/cine\/una-de-las-estrellas-de-la-serie-mas-nominada-a-los-proximos-emmy-se-une-a-spider-man-brand-new-day-n\/\" target=\"_self\" rel=\"nofollow noopener\" title=\"https:\/\/as.com\/meristation\/cine\/una-de-las-estrellas-de-la-serie-mas-nominada-a-los-proximos-emmy-se-une-a-spider-man-brand-new-day-n\/\">Tramell Tillman<\/a> o <a href=\"https:\/\/as.com\/meristation\/cine\/la-presencia-de-hulk-en-spider-man-es-oficial-se-filtra-una-fotografia-de-mark-ruffalo-en-el-set-de-brand-new-day-f202510-n\/\" target=\"_self\" rel=\"nofollow noopener\" title=\"https:\/\/as.com\/meristation\/cine\/la-presencia-de-hulk-en-spider-man-es-oficial-se-filtra-una-fotografia-de-mark-ruffalo-en-el-set-de-brand-new-day-f202510-n\/\">Mark Ruffalo<\/a> en el papel de Hulk. La suspensi\u00f3n temporal de las grabaciones causadas por la <a href=\"https:\/\/as.com\/meristation\/cine\/el-padre-de-tom-holland-desmiente-la-horrenda-lesion-del-actor-de-spider-man-nunca-hay-que-creer-f202510-n\/\" target=\"_self\" rel=\"nofollow noopener\" title=\"https:\/\/as.com\/meristation\/cine\/el-padre-de-tom-holland-desmiente-la-horrenda-lesion-del-actor-de-spider-man-nunca-hay-que-creer-f202510-n\/\">conmoci\u00f3n cerebral<\/a> que sufri\u00f3 Holland al realizar una secuencia de acci\u00f3n no ha retrasado la fecha de estrena prevista de la cinta, que llegar\u00e1 a los cines el pr\u00f3ximo<b> 31 de julio.<\/b><\/p>\n<p>Noticias relacionadas<\/p>\n<p class=\"\">Suscr\u00edbete al <a href=\"https:\/\/www.youtube.com\/@meristation\" target=\"_self\" rel=\"nofollow noopener\" title=\"https:\/\/www.youtube.com\/@meristation\">canal de MeriStation en YouTube<\/a>, tu web de videojuegos y entretenimiento para conocer todas las noticias y novedades sobre el mundo del videojuego, cine, series, manga y anime. An\u00e1lisis, entrevistas, tr\u00e1ileres, gameplays, p\u00f3dcast y mucho m\u00e1s. Tambi\u00e9n te animamos a seguir <a href=\"https:\/\/www.tiktok.com\/@meristation\" rel=\"nofollow noopener\" title=\"https:\/\/www.tiktok.com\/@meristation\" target=\"_blank\">nuestra cuenta de TikTok<\/a>. <\/p>\n<p class=\"\">\u00a1S\u00edguenos en ambas y, si est\u00e1s interesado en licenciar este contenido, pincha <a href=\"https:\/\/profesional.elpais.com\/soluciones-sindicacion?utm_medium=interno&amp;utm_source=crosslinking&amp;utm_campaign=sindicacion_as_pie_articulos\" target=\"_blank\" rel=\"nofollow noopener\" title=\"https:\/\/profesional.elpais.com\/soluciones-sindicacion?utm_medium=interno&amp;utm_source=crosslinking&amp;utm_campaign=sindicacion_as_pie_articulos\">aqu\u00ed<\/a>!<\/p>\n<p><script async src=\"\/\/www.tiktok.com\/embed.js\"><\/script><\/p>\n","protected":false},"excerpt":{"rendered":"Tom Holland se ha convertido en el Spiderman m\u00e1s duradero de Marvel, gracias a la cuarta entrega en&hellip;\n","protected":false},"author":2,"featured_media":244973,"comment_status":"","ping_status":"","sticky":false,"template":"","format":"standard","meta":{"footnotes":""},"categories":[169],"tags":[177,146,147,25,24,176,175,23],"class_list":{"0":"post-244972","1":"post","2":"type-post","3":"status-publish","4":"format-standard","5":"has-post-thumbnail","7":"category-cine","8":"tag-cine","9":"tag-entertainment","10":"tag-entretenimiento","11":"tag-es","12":"tag-espana","13":"tag-film","14":"tag-movies","15":"tag-spain"},"share_on_mastodon":{"url":"https:\/\/pubeurope.com\/@es\/115577688394359365","error":""},"_links":{"self":[{"href":"https:\/\/www.europesays.com\/es\/wp-json\/wp\/v2\/posts\/244972","targetHints":{"allow":["GET"]}}],"collection":[{"href":"https:\/\/www.europesays.com\/es\/wp-json\/wp\/v2\/posts"}],"about":[{"href":"https:\/\/www.europesays.com\/es\/wp-json\/wp\/v2\/types\/post"}],"author":[{"embeddable":true,"href":"https:\/\/www.europesays.com\/es\/wp-json\/wp\/v2\/users\/2"}],"replies":[{"embeddable":true,"href":"https:\/\/www.europesays.com\/es\/wp-json\/wp\/v2\/comments?post=244972"}],"version-history":[{"count":0,"href":"https:\/\/www.europesays.com\/es\/wp-json\/wp\/v2\/posts\/244972\/revisions"}],"wp:featuredmedia":[{"embeddable":true,"href":"https:\/\/www.europesays.com\/es\/wp-json\/wp\/v2\/media\/244973"}],"wp:attachment":[{"href":"https:\/\/www.europesays.com\/es\/wp-json\/wp\/v2\/media?parent=244972"}],"wp:term":[{"taxonomy":"category","embeddable":true,"href":"https:\/\/www.europesays.com\/es\/wp-json\/wp\/v2\/categories?post=244972"},{"taxonomy":"post_tag","embeddable":true,"href":"https:\/\/www.europesays.com\/es\/wp-json\/wp\/v2\/tags?post=244972"}],"curies":[{"name":"wp","href":"https:\/\/api.w.org\/{rel}","templated":true}]}}