{"id":244976,"date":"2025-11-19T18:07:09","date_gmt":"2025-11-19T18:07:09","guid":{"rendered":"https:\/\/www.europesays.com\/es\/244976\/"},"modified":"2025-11-19T18:07:09","modified_gmt":"2025-11-19T18:07:09","slug":"broncano-se-acuerda-de-marilo-montero-tras-ganar-masterchef-para-lanzarle-este-dardo-nuestra-mejor-amiga","status":"publish","type":"post","link":"https:\/\/www.europesays.com\/es\/244976\/","title":{"rendered":"Broncano se acuerda de Maril\u00f3 Montero tras ganar &#8216;MasterChef&#8217; para lanzarle este &#8216;dardo&#8217;: \u00abNuestra mejor amiga\u00bb"},"content":{"rendered":"<p style=\"\"><strong>Maril\u00f3 Montero<\/strong> se ha coronado como ganadora absoluta en la d\u00e9cima edici\u00f3n del programa de cocina m\u00e1s popular del momento, &#8216;<strong>MasterChef Celebrity<\/strong>&#8216;. La presentadora consigui\u00f3 hacerse con el podio en una final con el exfutbolista Miguel Torres como contrincante y ella ha vivido  &#8230; al m\u00e1ximo la experiencia: \u00abHa sido incre\u00edble\u00bb. As\u00ed lo compart\u00eda en estos d\u00edas con ABC, explicando que no hab\u00eda pensado \u00aben la posibilidad de llegar a tener este premio en mis manos hasta la semifinal. Cuando me vi all\u00ed pens\u00e9 en doblar mis esfuerzos para conseguirlo\u00bb. <\/p>\n<p class=\"voc-p\" style=\"\">Est\u00e1 recibiendo mensajes de felicitaci\u00f3n de todo tipo, de familiares, amigos y compa\u00f1eros de profesi\u00f3n, entre estos, David Broncano. El jefe de &#8216;<strong>La Revuelta<\/strong>&#8216; le ha mandando un dardo a Montero, que visit\u00f3 el programa a comienzos del septiembre pasado. Broncano ha comenzado diciendo: \u00abHablando de televisi\u00f3n, se me ha olvidado felicitar, porque tengo que felicitar\u2026\u00bb. <strong>Grison y Ricardo Castella<\/strong> han comenzado a hacerles bromas en relaci\u00f3n a la rivalidad en audiencias con &#8216;El Hormiguero&#8217; y el presentador ha entrado al trapo: \u00abAyer no gan\u00e9 por 100.000 espectadores nada m\u00e1s, \u00bfeh? Pero s\u00ed ganamos a &#8216;La isla de las tentaciones&#8217;, que no es poca cosa\u00bb.<\/p>\n<p class=\"voc-p\" style=\"\">Dicho esto, ha retomado lo que quer\u00eda decir y es entonces que ha llegado ese mensaje para Maril\u00f3: \u00abQuer\u00eda felicitar que ayer fue la <strong>final de &#8216;MasterChef&#8217;<\/strong> y nuestra amiga Maril\u00f3 Montero se alz\u00f3 con el t\u00edtulo\u00bb. \u00abEstar\u00eda bien invitarla, la verdad, por eso de que ha ganado el concurso, pero no se, dos veces en dos meses. Si viene pues ese d\u00eda acuchillamos aqu\u00ed a una vaquilla o algo y listo\u00bb, ha continuado diciendo, en tono de broma. <\/p>\n<p class=\"voc-p\" style=\"\">Dicho esto, <strong>David Broncano<\/strong> ha terminado mirando a c\u00e1mara para suavizar la iron\u00eda del momento: \u00abLe mandamos un beso a Maril\u00f3. Maril\u00f3, \u00a1enhorabuena!\u00bb. \u00abNo, si yo le tengo cari\u00f1o, de verdad\u00bb, ha terminado diciendo.<\/p>\n<p>\nMaril\u00f3 Montero, ganadora de MasterChef\n<\/p>\n<p class=\"voc-p\" style=\"\">La colaboradora de &#8216;<strong>Espejo P\u00fablico<\/strong>&#8216; triunf\u00f3 en la gran final gracias a un <strong>men\u00fa<\/strong> con mucho de sentimental e \u00edntimo para ella. Lo denomin\u00f3 &#8216;La huerta&#8217;, como homenaje a su madre, a la que ha recordado en varios momentos del programa. Este se compon\u00eda de un solomillo Wellington de corzo y un postre con fresas escabechadas, helado de yogur, velo de pachar\u00e1n y algod\u00f3n de az\u00facar. <\/p>\n<p class=\"voc-p\" style=\"\"><strong>Maril\u00f3 Montero<\/strong> ha compartido en varias ocasiones que cuando decidi\u00f3 participar en el concurso ella apenas cocinaba, no sab\u00eda guisar bien. Sin embargo, conforme ha ido avanzando el programa se ha ido familiarizando con los fogones y ha llegado a afirmar que ha aprendido \u00aba construir recetas y a contar una historia a trav\u00e9s de la cocina. Fue un placer descubrirlo\u00bb. Para la comunicadora, este formato es \u00abuna de las grandes joyas\u00bb de la televisi\u00f3n p\u00fablica.<\/p>\n","protected":false},"excerpt":{"rendered":"Maril\u00f3 Montero se ha coronado como ganadora absoluta en la d\u00e9cima edici\u00f3n del programa de cocina m\u00e1s popular&hellip;\n","protected":false},"author":2,"featured_media":244977,"comment_status":"","ping_status":"","sticky":false,"template":"","format":"standard","meta":{"footnotes":""},"categories":[91],"tags":[4969,4637,13289,14233,146,147,25,24,2000,62676,36325,15297,1684,2466,23,575],"class_list":{"0":"post-244976","1":"post","2":"type-post","3":"status-publish","4":"format-standard","5":"has-post-thumbnail","7":"category-entretenimiento","8":"tag-acuerda","9":"tag-amiga","10":"tag-broncano","11":"tag-dardo","12":"tag-entertainment","13":"tag-entretenimiento","14":"tag-es","15":"tag-espana","16":"tag-ganar","17":"tag-lanzarle","18":"tag-marilo","19":"tag-masterchef","20":"tag-mejor","21":"tag-montero","22":"tag-spain","23":"tag-tras"},"share_on_mastodon":{"url":"https:\/\/pubeurope.com\/@es\/115577700147982129","error":""},"_links":{"self":[{"href":"https:\/\/www.europesays.com\/es\/wp-json\/wp\/v2\/posts\/244976","targetHints":{"allow":["GET"]}}],"collection":[{"href":"https:\/\/www.europesays.com\/es\/wp-json\/wp\/v2\/posts"}],"about":[{"href":"https:\/\/www.europesays.com\/es\/wp-json\/wp\/v2\/types\/post"}],"author":[{"embeddable":true,"href":"https:\/\/www.europesays.com\/es\/wp-json\/wp\/v2\/users\/2"}],"replies":[{"embeddable":true,"href":"https:\/\/www.europesays.com\/es\/wp-json\/wp\/v2\/comments?post=244976"}],"version-history":[{"count":0,"href":"https:\/\/www.europesays.com\/es\/wp-json\/wp\/v2\/posts\/244976\/revisions"}],"wp:featuredmedia":[{"embeddable":true,"href":"https:\/\/www.europesays.com\/es\/wp-json\/wp\/v2\/media\/244977"}],"wp:attachment":[{"href":"https:\/\/www.europesays.com\/es\/wp-json\/wp\/v2\/media?parent=244976"}],"wp:term":[{"taxonomy":"category","embeddable":true,"href":"https:\/\/www.europesays.com\/es\/wp-json\/wp\/v2\/categories?post=244976"},{"taxonomy":"post_tag","embeddable":true,"href":"https:\/\/www.europesays.com\/es\/wp-json\/wp\/v2\/tags?post=244976"}],"curies":[{"name":"wp","href":"https:\/\/api.w.org\/{rel}","templated":true}]}}