{"id":244981,"date":"2025-11-19T18:10:09","date_gmt":"2025-11-19T18:10:09","guid":{"rendered":"https:\/\/www.europesays.com\/es\/244981\/"},"modified":"2025-11-19T18:10:09","modified_gmt":"2025-11-19T18:10:09","slug":"maduro-ofrecio-a-ee-uu-dimitir-en-dos-anos-pero-trump-vio-inaceptable-la-demora","status":"publish","type":"post","link":"https:\/\/www.europesays.com\/es\/244981\/","title":{"rendered":"Maduro ofreci\u00f3 a EE.UU. dimitir en dos a\u00f1os pero Trump vio inaceptable la demora"},"content":{"rendered":"<p>El presidente de Venezuela, Nicol\u00e1s <strong>Maduro<\/strong>, <strong>propuso<\/strong> a Estados Unidos presentar su <strong>dimisi\u00f3n<\/strong> tras una transici\u00f3n de <strong>dos a tres a\u00f1os<\/strong>, algo que  la <strong>Casa Blanca<\/strong> rechaz\u00f3 al considerar \u00ab<strong>inaceptable<\/strong>\u00bb cualquier demora en la salida del l\u00edder chavista del poder, seg\u00fan una investigaci\u00f3n del The <a href=\"https:\/\/www.nytimes.com\/es\/2025\/11\/18\/espanol\/america-latina\/trump-operacion-encubierta-venezuela.html?searchResultPosition=4\" target=\"_blank\" rel=\"nofollow noopener\">New York Times<\/a>. Esta situaci\u00f3n se da en medio de la <strong>tensi\u00f3n<\/strong> por los <strong>ataques <\/strong>estadounidenses contra supuestas &#8216;<strong>narcolanchas<\/strong>&#8216; en el Caribe y el Pac\u00edfico oriental, que deja desde septiembre <strong>m\u00e1s de 80 muertos.<\/strong><\/p>\n<p>\u00ab<strong>Trump<\/strong> dio el visto bueno a los planes de la <strong>CIA<\/strong> sobre<strong> medidas encubiertas <\/strong>dentro de Venezuela, operaciones que podr\u00edan estar destinadas a preparar el campo de batalla para<strong> nuevas acciones<\/strong>\u00ab, dijeron al rotativo neoyorkino diversas fuentes, sin especificar en qu\u00e9 consistir\u00edan esas medidas ni cu\u00e1ndo podr\u00edan llevarse a cabo. El mandatario republicano, contin\u00faa el art\u00edculo, a\u00fan <strong>no ha autorizado <\/strong>la presencia de<strong> fuerzas de combate<\/strong> sobre el terreno en Venezuela, por lo que la siguiente fase de la campa\u00f1a de<strong> presi\u00f3n cada vez mayor <\/strong>sobre el gobierno chavista podr\u00eda ser el sabotaje o alg\u00fan tipo de operaci\u00f3n cibern\u00e9tica, psicol\u00f3gica o informativa.<\/p>\n<p>La CIA tiene ubicadas distintas<strong> instalaciones<\/strong> supuestamente relacionadas al <strong>narcotr\u00e1fico<\/strong> que podr\u00edan ser <strong>atacadas<\/strong> bajo una orden presidencial. <\/p>\n<p>Las fuentes aseguraron al peri\u00f3dico que Trump autoriz\u00f3 una <strong>nueva ronda de negociaciones <\/strong>a trav\u00e9s de canales indirectos que, en un momento dado, derivaron en la oferta de Maduro de dimitir tras una pr\u00f3rroga de un par de a\u00f1os.<\/p>\n<p>\u00ab<strong>Funcionarios venezolanos<\/strong> han dicho a los estadounidenses que <strong>Maduro <\/strong>podr\u00eda estar dispuesto a <strong>dimitir,<\/strong> tras una transici\u00f3n<strong> de dos a tres a\u00f1os<\/strong>, seg\u00fan las personas informadas sobre el asunto. Cualquier demora en la salida de Maduro del poder es inaceptable para la Casa Blanca\u00bb, agrega el diario. Las negociaciones \u00aba puerta cerrada\u00bb muestran que \u00aba\u00fan es posible una <strong>soluci\u00f3n diplom\u00e1tica<\/strong>\u00ab.<\/p>\n<p>El art\u00edculo period\u00edstico desvela que en esas conversaciones, Maduro tambi\u00e9n habr\u00eda mostrado su disposici\u00f3n a ofrecer acceso a la <strong>riqueza petrolera <\/strong>de su pa\u00eds a las <a href=\"https:\/\/www.rtve.es\/noticias\/20250330\/trump-revoca-permiso-a-repsol-a-otras-petroleras-exportan-crudo-derivados-venezuela\/16513594.shtml\" target=\"_blank\" rel=\"nofollow noopener\">empresas energ\u00e9ticas estadounidenses<\/a>. \u00abAunque <strong>Trump<\/strong> hace hincapi\u00e9 en el <strong>papel de Venezuela<\/strong> en el tr\u00e1fico de drogas o en la migraci\u00f3n ilegal cuando trata el tema en p\u00fablico, en privado ha hablado de las <strong>enormes reservas de petr\u00f3leo <\/strong>del pa\u00eds y de que las empresas estadounidenses puedan acceder a ellas\u00bb, sentencia.<\/p>\n<p>El presidente de Estados Unidos, Donald Trump, hablando durante una rueda de prensa este lunes\u00a0EFE\/ @WhiteHouse \/SOLO USO EDITORIAL<\/p>\n<p>Trump y su disposici\u00f3n a hablar con Maduro<\/p>\n<p>Trump se\u00f1al\u00f3 este lunes durante una rueda de prensa que no descarta ninguna opci\u00f3n con respecto a una <strong>posible intervenci\u00f3n militar <\/strong>en territorio venezolano, pero a la par se mostr\u00f3 <strong>abierto a hablar con<\/strong> Maduro. \u00abNo descarto nada, simplemente tenemos que encargarnos de Venezuela (&#8230;) Probablemente hablar\u00e9 con \u00e9l, hablo con mucha gente\u00bb, asegur\u00f3. El republicano agreg\u00f3 sobre su hom\u00f3logo venezolano que \u00abno ha sido bueno con EE.UU.\u00bb y le reproch\u00f3 el supuesto env\u00edo, orquestado desde su Gobierno, de<strong> inmigrantes irregulares<\/strong>, incluyendo a miembros de la banda criminal Tren de Aragua, a su pa\u00eds.<\/p>\n<p>\u00abNo me entusiasman quienes gobiernan Venezuela. <strong>Amo a Venezuela<\/strong>. Amo al pueblo venezolano, pero lo que le han hecho a este pa\u00eds es inaceptable\u00bb, remarc\u00f3 Trump. \u00ab<strong>Veremos qu\u00e9 pasa<\/strong>. En un momento dado estar\u00e9 hablando con \u00e9l\u00bb, asever\u00f3. Un d\u00eda antes, el domingo, ya hab\u00eda asegurado que<strong> \u00abpodr\u00eda haber discusiones\u00bb con el l\u00edder chavista<\/strong>, \u00abporque Venezuela quiere hablar\u00bb, mientras que el viernes afirm\u00f3 haber tomado ya una determinaci\u00f3n sobre qu\u00e9 medidas implementar con respecto al pa\u00eds sudamericano, sin desvelar m\u00e1s detalles.<\/p>\n<p>Desde agosto pasado, la Administraci\u00f3n Trump ha lanzado <strong>al menos 21 ataques<\/strong> contra embarcaciones sospechosas de narcotr\u00e1fico en el Caribe y el Pac\u00edfico, que ha dejado un saldo de<strong> m\u00e1s de 80 muertes<\/strong>. La <a href=\"http:\/\/rtve.es\/noticias\/20251031\/onu-acusa-eeuu-violar-derecho-internacional-embarcaciones-caribe\/16795393.shtml\" target=\"_blank\" rel=\"nofollow noopener\">ONU <\/a>ha rechazado estos ataques por violar el derecho internacional. La semana pasada el Gobierno estadounidense anunci\u00f3 la denominada operaci\u00f3n &#8216;<a href=\"https:\/\/www.rtve.es\/noticias\/20251114\/eeuu-operacion-lanza-sur-ofensiva-trump-caribe-narcotrafico\/16815134.shtml\" target=\"_blank\" rel=\"nofollow noopener\">Lanza del Sur<\/a>&#8216;, con un <strong>despliegue naval hist\u00f3rico <\/strong>en el Caribe: el portaaviones Gerald R. Ford, varios buques de guerra y cerca de 12.000 militares. <\/p>\n<p>El presidente de Venezuela, Nicol\u00e1s Maduro.\u00a0AP Photo\/Cristian Hernandez<\/p>\n<p>El chavismo movilizado<\/p>\n<p>Mientras, en Venezuela <strong>Maduro <\/strong>ha pedido a<strong> Trump hablar \u00abcara a cara\u00bb<\/strong> <strong>y el chavismo<\/strong> se ha movilizado en medio de la <strong>tensi\u00f3n por la presencia militar estadounidense.<\/strong><\/p>\n<p>El s\u00e1bado pasado, se establecieron <a href=\"https:\/\/www.rtve.es\/noticias\/20251115\/chavismo-establece-grupos-calle-para-defender-cada-centimetro-venezuela-ante-presencia-militar-eeuu\/16817372.shtml\" target=\"_blank\" rel=\"nofollow noopener\">miles de grupos de calle <\/a>con la tarea de defender cada \u00abcent\u00edmetro\u00bb del territorio. Seg\u00fan el gobernante Partido Socialista Unido de Venezuela, se conformaron unos<strong> 260.000 grupos<\/strong> denominados Comit\u00e9s Bolivarianos de Base Integral, que son equipos de trabajo en \u00abcada calle del pa\u00eds\u00bb. Y Maduro convoc\u00f3 a seis regiones a \u00abuna <strong>vigilia y una marcha permanente en las calles<\/strong>\u00bb en respuesta a la anunciada reanudaci\u00f3n de <strong>ejercicios militares de Estados Unidos en Trinidad y Tobago<\/strong>.<\/p>\n<p>\u00ab<strong><a href=\"https:\/\/www.rtve.es\/noticias\/20251115\/maduro-pide-pueblo-estadounidense-pare-mano-enloquecida-quien-ordena-bombardear\/16816759.shtml\" rel=\"nofollow noopener\" target=\"_blank\">Paren la mano enloquecida<\/a><\/strong> de quien ordena bombardear, matar y llevar una guerra a Sudam\u00e9rica y al Caribe.<strong> Detengan la guerra. <\/strong>No a la guerra\u00bb, alent\u00f3 el viernes el mandatario.<\/p>\n<p>El presidente del Parlamento venezolano, el chavista <strong>Jorge Rodr\u00edguez<\/strong>, advirti\u00f3 sobre las \u00ab<strong>consecuencias incalculables<\/strong>\u00bb que podr\u00eda tener una eventual <strong>guerra en el Caribe<\/strong>. \u00abNo solamente para Venezuela, sino para todos los pa\u00edses del Caribe, para todos los pa\u00edses del continente americano y tambi\u00e9n para Estados Unidos\u00bb, asever\u00f3.<\/p>\n<p>Una situaci\u00f3n que tambi\u00e9n mantiene en tensi\u00f3n la relaci\u00f3n de EE.UU. con Colombia. Su presidente, <strong>Gustavo Petro<\/strong>, fue acusado por Trump de ser <a href=\"https:\/\/www.rtve.es\/noticias\/20251024\/estados-unidos-sanciona-presidente-colombia-a-quien-trump-acuso-liderar-narcotrafico\/16786049.shtml\" rel=\"nofollow noopener\" target=\"_blank\">\u00abnarcotraficante\u00bb<\/a>. Y ha rechazado los ataques a las &#8216;narcolanchas&#8217; al considerarlos de \u00abejecuciones extrajudiciales\u00bb.<\/p>\n<p>\t\tMaduro pide a Trump hablar \u00abcara a cara\u00bb en medio de los ataques de EEUU a narcolanchas en el Caribe\t<\/p>\n","protected":false},"excerpt":{"rendered":"El presidente de Venezuela, Nicol\u00e1s Maduro, propuso a Estados Unidos presentar su dimisi\u00f3n tras una transici\u00f3n de dos&hellip;\n","protected":false},"author":2,"featured_media":244982,"comment_status":"","ping_status":"","sticky":false,"template":"","format":"standard","meta":{"footnotes":""},"categories":[42],"tags":[17,18,13,14,11,61,62,63,64,19,20,9,10,15,16,12,21,22,65,66,67],"class_list":{"0":"post-244981","1":"post","2":"type-post","3":"status-publish","4":"format-standard","5":"has-post-thumbnail","7":"category-internacional","8":"tag-breaking-news","9":"tag-breakingnews","10":"tag-featured-news","11":"tag-featurednews","12":"tag-headlines","13":"tag-internacional","14":"tag-international","15":"tag-international-news","16":"tag-internationalnews","17":"tag-latest-news","18":"tag-latestnews","19":"tag-news","20":"tag-noticias","21":"tag-noticias-destacadas","22":"tag-noticiasdestacadas","23":"tag-titulares","24":"tag-ultimas-noticias","25":"tag-ultimasnoticias","26":"tag-world","27":"tag-world-news","28":"tag-worldnews"},"share_on_mastodon":{"url":"https:\/\/pubeurope.com\/@es\/115577714363847529","error":""},"_links":{"self":[{"href":"https:\/\/www.europesays.com\/es\/wp-json\/wp\/v2\/posts\/244981","targetHints":{"allow":["GET"]}}],"collection":[{"href":"https:\/\/www.europesays.com\/es\/wp-json\/wp\/v2\/posts"}],"about":[{"href":"https:\/\/www.europesays.com\/es\/wp-json\/wp\/v2\/types\/post"}],"author":[{"embeddable":true,"href":"https:\/\/www.europesays.com\/es\/wp-json\/wp\/v2\/users\/2"}],"replies":[{"embeddable":true,"href":"https:\/\/www.europesays.com\/es\/wp-json\/wp\/v2\/comments?post=244981"}],"version-history":[{"count":0,"href":"https:\/\/www.europesays.com\/es\/wp-json\/wp\/v2\/posts\/244981\/revisions"}],"wp:featuredmedia":[{"embeddable":true,"href":"https:\/\/www.europesays.com\/es\/wp-json\/wp\/v2\/media\/244982"}],"wp:attachment":[{"href":"https:\/\/www.europesays.com\/es\/wp-json\/wp\/v2\/media?parent=244981"}],"wp:term":[{"taxonomy":"category","embeddable":true,"href":"https:\/\/www.europesays.com\/es\/wp-json\/wp\/v2\/categories?post=244981"},{"taxonomy":"post_tag","embeddable":true,"href":"https:\/\/www.europesays.com\/es\/wp-json\/wp\/v2\/tags?post=244981"}],"curies":[{"name":"wp","href":"https:\/\/api.w.org\/{rel}","templated":true}]}}