{"id":244985,"date":"2025-11-19T18:12:36","date_gmt":"2025-11-19T18:12:36","guid":{"rendered":"https:\/\/www.europesays.com\/es\/244985\/"},"modified":"2025-11-19T18:12:36","modified_gmt":"2025-11-19T18:12:36","slug":"la-uco-investiga-a-dos-hermanos-del-presidente-de-la-diputacion-de-almeria-por-el-amano-de-contratos","status":"publish","type":"post","link":"https:\/\/www.europesays.com\/es\/244985\/","title":{"rendered":"La UCO investiga a dos hermanos del presidente de la Diputaci\u00f3n de Almer\u00eda por el ama\u00f1o de contratos"},"content":{"rendered":"<p class=\"article-text\">\n        La Unidad Central Operativa (UCO) de la Guardia Civil investiga a dos hermanos <a href=\"https:\/\/www.eldiario.es\/politica\/uco-detiene-presidente-diputacion-almeria-caso-mascarillas_1_12775949.html\" target=\"_blank\" data-mrf-recirculation=\"links-noticia\" class=\"link\" rel=\"nofollow noopener\">del presidente de la Diputaci\u00f3n de Almer\u00eda<\/a>, Javier Aureliano Garc\u00eda, dentro de la pieza secreta por ama\u00f1os en adjudicaciones de contratos p\u00fablicos de la administracion supramunicipal, adelantan a elDiario.es fuentes pr\u00f3ximas a las pesquisas. Se trata de las dos personas que ayer figuraban como investigadas, no detenidas, y a los que se identific\u00f3 como \u201cempresarios\u201d.\n    <\/p>\n<p>    <a href=\"https:\/\/www.eldiario.es\/andalucia\/coches-casas-administracion-loteria-pelotazo-caso-mascarillas-salpica-pp-almeria_1_12778270.html\" data-mrf-recirculation=\"saber-mas\" data-dl-event=\"saber-mas\" rel=\"nofollow noopener\" target=\"_blank\"><\/p>\n<p class=\"know-more__title\">Coches, casas y hasta una administraci\u00f3n de loter\u00eda: el pelotazo del &#8216;caso mascarillas&#8217; que salpica al PP de Almer\u00eda<\/p>\n<p>            <img decoding=\"async\" class=\"lazy\" loading=\"lazy\" data-src=\"https:\/\/static.eldiario.es\/clip\/e3d1f5ac-d20d-4faa-a341-5d06c1b3997a_16-9-aspect-ratio_default_0.jpg\" src=\"data:image\/svg+xml,%3Csvg xmlns=\" http:=\"\" viewbox=\"0 0 880 495\" alt=\"Coches, casas y hasta una administraci\u00f3n de loter\u00eda: el pelotazo del 'caso mascarillas' que salpica al PP de Almer\u00eda\"\/><\/p>\n<p>                        <\/a><\/p>\n<p class=\"article-text\">\n        En total, son ocho investigados por la pieza secreta del Juzgado de Instrucci\u00f3n n\u00famero 1, de los que cinco de ellos fueron arrestados en el d\u00eda de ayer y est\u00e1n pendientes de pasar a disposici\u00f3n judicial en la jornada del jueves. Entre esos detenidos est\u00e1 el presidente de la Diputaci\u00f3n de Almer\u00eda. Esta pieza secreta indaga sobre ama\u00f1os en las adjudicaciones de contratos con dinero p\u00fablico de la Diputaci\u00f3n. La pieza investiga delitos de cohecho, malversaci\u00f3n y blanqueo de capitales.\n    <\/p>\n<p class=\"article-text\">\n        Los otros cuatro detenidos son el vicepresidente de la Diputacion, Fernando Gim\u00e9nez, el alcalde de Fines, Rodrigo S\u00e1nchez Sim\u00f3n; su hijo, y un t\u00e9cnico de la Delegaci\u00f3n de Medioambiente de la instituci\u00f3n provincial. El tercer investigado, no detenido, es \u00d3scar Liria, quien fue arrestado en la primera fase de la operaci\u00f3n en 2021, cuando era el n\u00famero tres de la Diputacion de Almer\u00eda.\n    <\/p>\n<p class=\"article-text\">\n        La investigaci\u00f3n llevada a cabo muestra indicios de que los investigados \u201chubieran colaborado o, cuanto menos facilitado, la adjudicaci\u00f3n fraudulenta de contratos p\u00fablicos a favor de determinadas empresas con el objetivo de cobrar comisiones de las que ellos podr\u00edan haber sido destinatarios, entre otros\u201d. Algunos de los implicados no habr\u00edan tenido participaci\u00f3n en la adjudicaci\u00f3n presuntamente fraudulenta de los contratos, pero s\u00ed \u201cen la posterior canalizaci\u00f3n de los fondos ilegales en el tr\u00e1fico legal del dinero, lo que podr\u00eda ser constitutivo de un delito de blanqueo de capitales\u201d.\n    <\/p>\n<p class=\"article-text\">\n        El origen de esta segunda fase se remonta a las actuaciones practicadas en junio de 2021, cuando el entonces vicepresidente tercero y diputado provincial de Fomento \u00d3scar Liria fue arrestado por la compra supuestamente fraudulenta en plena pandemia de mascarillas, guantes y equipos de protecci\u00f3n individual (EPI) a trav\u00e9s de un contrato de urgencia valorado en 2.036.186,24 euros, cuyo coste hecho efectivo al proveedor no alcanz\u00f3 el mill\u00f3n de euros. Liria vuelve a estar investigado en esta nueva fase de las pesquisas.\n    <\/p>\n<p>    <a href=\"https:\/\/www.eldiario.es\/andalucia\/almeria\/pp-suspende-militancia-presidente-diputacion-lider-partido-almeria-detencion_1_12777591.html\" data-mrf-recirculation=\"saber-mas-abajo\" data-dl-event=\"saber-mas-abajo\" rel=\"nofollow noopener\" target=\"_blank\"><\/p>\n<p class=\"know-more__title\">El PP suspende de militancia al presidente de la Diputaci\u00f3n y l\u00edder del partido en Almer\u00eda tras su detenci\u00f3n\n<\/p>\n<p>            <img decoding=\"async\" class=\"lazy\" loading=\"lazy\" data-src=\"https:\/\/static.eldiario.es\/clip\/a7d578c7-33b8-41fe-9795-28189091c186_16-9-aspect-ratio_default_0.jpg\" src=\"data:image\/svg+xml,%3Csvg xmlns=\" http:=\"\" viewbox=\"0 0 880 495\" alt=\"El PP suspende de militancia al presidente de la Diputaci\u00f3n y l\u00edder del partido en Almer\u00eda tras su detenci\u00f3n\"\/><\/p>\n<p>                        <\/a><\/p>\n<p class=\"article-text\">\n        El Juzgado de Instrucci\u00f3n tambi\u00e9n autoriz\u00f3 el martes a los miembros de la UCO para llevar a cabo el volcado, visionado y copiado de comunicaciones privadas relacionadas con los hechos investigados, ha requerido documentaci\u00f3n a la Diputaci\u00f3n de Almer\u00eda, al Ayuntamiento de Fines y a las mercantiles cuya actuaci\u00f3n est\u00e1 siendo investigada. Asimismo, orden\u00f3 medidas de aseguramiento patrimonial de los investigados a entidades bancarias, cajas de ahorro, cajas de seguridad y prohibi\u00f3 enajenar o vender propiedades inmuebles y veh\u00edculos a motor.\n    <\/p>\n","protected":false},"excerpt":{"rendered":"La Unidad Central Operativa (UCO) de la Guardia Civil investiga a dos hermanos del presidente de la Diputaci\u00f3n&hellip;\n","protected":false},"author":2,"featured_media":244986,"comment_status":"","ping_status":"","sticky":false,"template":"","format":"standard","meta":{"footnotes":""},"categories":[5],"tags":[5644,56729,17,18,1165,7821,25,24,13,14,11,9215,15307,19,20,9,10,15,16,1461,23,12,2155,21,22],"class_list":{"0":"post-244985","1":"post","2":"type-post","3":"status-publish","4":"format-standard","5":"has-post-thumbnail","7":"category-titulares","8":"tag-almeria","9":"tag-amano","10":"tag-breaking-news","11":"tag-breakingnews","12":"tag-contratos","13":"tag-diputacion","14":"tag-es","15":"tag-espana","16":"tag-featured-news","17":"tag-featurednews","18":"tag-headlines","19":"tag-hermanos","20":"tag-investiga","21":"tag-latest-news","22":"tag-latestnews","23":"tag-news","24":"tag-noticias","25":"tag-noticias-destacadas","26":"tag-noticiasdestacadas","27":"tag-presidente","28":"tag-spain","29":"tag-titulares","30":"tag-uco","31":"tag-ultimas-noticias","32":"tag-ultimasnoticias"},"share_on_mastodon":{"url":"","error":""},"_links":{"self":[{"href":"https:\/\/www.europesays.com\/es\/wp-json\/wp\/v2\/posts\/244985","targetHints":{"allow":["GET"]}}],"collection":[{"href":"https:\/\/www.europesays.com\/es\/wp-json\/wp\/v2\/posts"}],"about":[{"href":"https:\/\/www.europesays.com\/es\/wp-json\/wp\/v2\/types\/post"}],"author":[{"embeddable":true,"href":"https:\/\/www.europesays.com\/es\/wp-json\/wp\/v2\/users\/2"}],"replies":[{"embeddable":true,"href":"https:\/\/www.europesays.com\/es\/wp-json\/wp\/v2\/comments?post=244985"}],"version-history":[{"count":0,"href":"https:\/\/www.europesays.com\/es\/wp-json\/wp\/v2\/posts\/244985\/revisions"}],"wp:featuredmedia":[{"embeddable":true,"href":"https:\/\/www.europesays.com\/es\/wp-json\/wp\/v2\/media\/244986"}],"wp:attachment":[{"href":"https:\/\/www.europesays.com\/es\/wp-json\/wp\/v2\/media?parent=244985"}],"wp:term":[{"taxonomy":"category","embeddable":true,"href":"https:\/\/www.europesays.com\/es\/wp-json\/wp\/v2\/categories?post=244985"},{"taxonomy":"post_tag","embeddable":true,"href":"https:\/\/www.europesays.com\/es\/wp-json\/wp\/v2\/tags?post=244985"}],"curies":[{"name":"wp","href":"https:\/\/api.w.org\/{rel}","templated":true}]}}