{"id":244999,"date":"2025-11-19T18:26:09","date_gmt":"2025-11-19T18:26:09","guid":{"rendered":"https:\/\/www.europesays.com\/es\/244999\/"},"modified":"2025-11-19T18:26:09","modified_gmt":"2025-11-19T18:26:09","slug":"mediaset-prescinde-de-alessandro-lecquio-tras-el-testimonio-de-antonia-dellatte-de-violencia-machista-sociedad","status":"publish","type":"post","link":"https:\/\/www.europesays.com\/es\/244999\/","title":{"rendered":"Mediaset prescinde de Alessandro Lecquio tras el testimonio de Antonia dell\u2019Atte de violencia machista | Sociedad"},"content":{"rendered":"<p class=\"\">Este mi\u00e9rcoles, despu\u00e9s de d\u00e9cadas como tertuliano, Mediaset prescinde de Alessandro Lecquio. Seg\u00fan fuentes conocedoras de la decisi\u00f3n, el tertuliano ha sido despedido del programa en el que ahora colaboraba, Vamos a ver, de la productora Unicorn Content, de Ana Rosa Quintana, y emitido por las ma\u00f1anas en Telecinco. El motivo: el maltrato que hace poco m\u00e1s de un mes denunci\u00f3 <a href=\"https:\/\/elpais.com\/sociedad\/2025-10-12\/antonia-dellatte-la-primera-patada-que-me-dio-lequio-estando-embarazada-fue-a-la-vuelta-de-la-luna-de-miel.html\" target=\"_blank\" rel=\"noreferrer nofollow noopener\" title=\"https:\/\/elpais.com\/sociedad\/2025-10-12\/antonia-dellatte-la-primera-patada-que-me-dio-lequio-estando-embarazada-fue-a-la-vuelta-de-la-luna-de-miel.html\">en este peri\u00f3dico Antonia Dell\u2019Atte<\/a>, su exmujer y madre de su primer hijo, seg\u00fan ha podido saber este diario. Justo despu\u00e9s de la publicaci\u00f3n de la entrevista en la que la exmodelo y presentadora narr\u00f3 con detalle la violencia sufrida por Lecquio cuando estaban casados, a finales de los a\u00f1os 80, Mediaset se prepar\u00f3 para estudiar c\u00f3mo actuar, hubo contacto tanto con Dell\u2019Atte como con su abogado y en este \u00faltimo mes se ha producido una reuni\u00f3n entre el letrado y la corporaci\u00f3n y este mismo mi\u00e9rcoles entre la corporaci\u00f3n y la productora. <\/p>\n<p class=\"\">La decisi\u00f3n ha llegado en menos de 24 horas, tras la revisi\u00f3n por parte de Mediaset de toda la documentaci\u00f3n judicial que el abogado de la exmodelo les ha entregado de la causa que Lecquio abri\u00f3 contra Dell\u2019Atte por llamarle \u201cmaltratador\u201d en p\u00fablico, algo que ocurri\u00f3 hace m\u00e1s de 20 a\u00f1os. Porque esa violencia que Dell\u2019Atte cont\u00f3 a EL PA\u00cdS el pasado octubre no era un secreto. <\/p>\n<p class=\"\">Tambi\u00e9n hac\u00eda d\u00e9cadas, las mismas que lleva Lecquio sent\u00e1ndose en plat\u00f3s de televisi\u00f3n, que <a href=\"https:\/\/elpais.com\/sociedad\/2025-10-12\/a-la-prensa-rosa-se-le-atraganta-la-violencia-machista-de-rocio-carrasco-a-mar-flores.html\" target=\"_blank\" rel=\"noreferrer nofollow noopener\" title=\"https:\/\/elpais.com\/sociedad\/2025-10-12\/a-la-prensa-rosa-se-le-atraganta-la-violencia-machista-de-rocio-carrasco-a-mar-flores.html\">era conocida por compa\u00f1eros de profesi\u00f3n, periodistas<\/a> y cualquiera que hubiese visto las m\u00faltiples veces que Dell\u2019Atte lo calific\u00f3 as\u00ed, como \u201cmaltratador\u201d, adem\u00e1s de contar alg\u00fan episodio de violencia. Por ello Lecquio la denunci\u00f3 por calumnias en enero de 2004, y ella prepar\u00f3 su defensa con la abogada Cristina Almeida. <\/p>\n<p class=\"\">\u201cLa Justicia fall\u00f3 que yo no ment\u00eda cuando lo llamaba maltratador\u201d, y por lo que lo denunci\u00f3 en 1991, y luego la retir\u00f3, recordaba Dell\u2019Atte en la entrevista. Y tambi\u00e9n as\u00ed consta en el auto del juzgado n\u00famero 35 de Madrid de julio de ese mismo a\u00f1o, en el que la magistrada expone que la \u201cexceptio veritatis se considera suficiente\u201d para sobreseer la causa; es decir, que la declaraci\u00f3n de Dell\u2019Atte y las pruebas aportadas para ese juicio eran suficientes para demostrar que ella no minti\u00f3 al calificarlo como maltratador. <\/p>\n<p class=\"\">Ese auto, adem\u00e1s de otros archivos, han sido el \u00faltimo cabo legal que fuentes cercanas a Mediaset aseguran que necesitaba la empresa para reunirse con Ana Rosa Quintana, la due\u00f1a de la productora del programa en el que trabaja Lecquio, y llegar a un acuerdo que ha sido \u201c100% consensuado\u201d, seg\u00fan las mismas fuentes. <\/p>\n<p class=\"\">Mientras, durante estas \u00faltimas semanas, el tertuliano ha estado en el foco de comentarios y debates en diversos programas de entretenimiento, incluido en el que trabaja, aunque sin ning\u00fan posicionamiento frente a la violencia ni ninguna pregunta expl\u00edcita. <\/p>\n<p class=\"\">Al d\u00eda siguiente de la publicaci\u00f3n de la entrevista a Dell\u2019Atte, <a href=\"https:\/\/elpais.com\/sociedad\/2025-10-14\/alessandro-lequio-responde-a-la-entrevista-de-antonia-dellatte-y-el-plato-guarda-silencio-ya-esta-todo-dicho.html\" target=\"_blank\" rel=\"noreferrer nofollow noopener\" title=\"https:\/\/elpais.com\/sociedad\/2025-10-14\/alessandro-lequio-responde-a-la-entrevista-de-antonia-dellatte-y-el-plato-guarda-silencio-ya-esta-todo-dicho.html\">Lequio habl\u00f3 en el programa en el que ha trabajaba<\/a> hasta este mi\u00e9rcoles sobre las palabras de la exmodelo: \u201cHe derivado las afirmaciones de Antonia Dell\u2019Atte a mi abogado para el tratamiento legal correspondiente\u201d. Despu\u00e9s, el plat\u00f3 qued\u00f3 en silencio. Nadie dijo nada. Y entonces Lecqui\u00f3 a\u00f1adi\u00f3: \u201cYa est\u00e1 todo dicho. Lo dem\u00e1s, que lo resuelva quien deba\u201d. <\/p>\n<p class=\"\">La presentadora, Patricia Pardo, hizo una invitaci\u00f3n al resto de tertulianos para que comentaran, pero ni Cristina T\u00e0rrega, ni Alejandra Rubio, ni Pepe del Real, ni Marisa Mart\u00edn Bl\u00e1zquez, ni Kike Calleja lo hicieron. Se oy\u00f3 alg\u00fan balbuceo y poco m\u00e1s. Telecinco, preguntada tambi\u00e9n tras la entrevista por este peri\u00f3dico, respondi\u00f3 que no ten\u00eda comentarios que hacer. Hasta este mi\u00e9rcoles. A partir de ma\u00f1ana, Alessandro Lecquio ya no se sentar\u00e1 en ese plat\u00f3.<\/p>\n","protected":false},"excerpt":{"rendered":"Este mi\u00e9rcoles, despu\u00e9s de d\u00e9cadas como tertuliano, Mediaset prescinde de Alessandro Lecquio. Seg\u00fan fuentes conocedoras de la decisi\u00f3n,&hellip;\n","protected":false},"author":2,"featured_media":245000,"comment_status":"","ping_status":"","sticky":false,"template":"","format":"standard","meta":{"footnotes":""},"categories":[171],"tags":[41564,880,62680,146,147,25,24,4043,955,8618,25284,492,23,807,214,8615,6580],"class_list":{"0":"post-244999","1":"post","2":"type-post","3":"status-publish","4":"format-standard","5":"has-post-thumbnail","7":"category-tv","8":"tag-alessandro-lecquio","9":"tag-ana-rosa-quintana","10":"tag-antonia-dellatte","11":"tag-entertainment","12":"tag-entretenimiento","13":"tag-es","14":"tag-espana","15":"tag-machismo","16":"tag-mediaset","17":"tag-patriarcado","18":"tag-programas-entretenimiento","19":"tag-sociedad","20":"tag-spain","21":"tag-television","22":"tag-tv","23":"tag-violencia-genero","24":"tag-violencia-machista"},"share_on_mastodon":{"url":"https:\/\/pubeurope.com\/@es\/115577774824071687","error":""},"_links":{"self":[{"href":"https:\/\/www.europesays.com\/es\/wp-json\/wp\/v2\/posts\/244999","targetHints":{"allow":["GET"]}}],"collection":[{"href":"https:\/\/www.europesays.com\/es\/wp-json\/wp\/v2\/posts"}],"about":[{"href":"https:\/\/www.europesays.com\/es\/wp-json\/wp\/v2\/types\/post"}],"author":[{"embeddable":true,"href":"https:\/\/www.europesays.com\/es\/wp-json\/wp\/v2\/users\/2"}],"replies":[{"embeddable":true,"href":"https:\/\/www.europesays.com\/es\/wp-json\/wp\/v2\/comments?post=244999"}],"version-history":[{"count":0,"href":"https:\/\/www.europesays.com\/es\/wp-json\/wp\/v2\/posts\/244999\/revisions"}],"wp:featuredmedia":[{"embeddable":true,"href":"https:\/\/www.europesays.com\/es\/wp-json\/wp\/v2\/media\/245000"}],"wp:attachment":[{"href":"https:\/\/www.europesays.com\/es\/wp-json\/wp\/v2\/media?parent=244999"}],"wp:term":[{"taxonomy":"category","embeddable":true,"href":"https:\/\/www.europesays.com\/es\/wp-json\/wp\/v2\/categories?post=244999"},{"taxonomy":"post_tag","embeddable":true,"href":"https:\/\/www.europesays.com\/es\/wp-json\/wp\/v2\/tags?post=244999"}],"curies":[{"name":"wp","href":"https:\/\/api.w.org\/{rel}","templated":true}]}}