{"id":245001,"date":"2025-11-19T18:27:15","date_gmt":"2025-11-19T18:27:15","guid":{"rendered":"https:\/\/www.europesays.com\/es\/245001\/"},"modified":"2025-11-19T18:27:15","modified_gmt":"2025-11-19T18:27:15","slug":"he-estado-cansado-christian-nodal-explica-por-que-omitio-agradecer-a-angela-aguilar-en-los-latin-grammy-2025","status":"publish","type":"post","link":"https:\/\/www.europesays.com\/es\/245001\/","title":{"rendered":"\u201cHe estado cansado\u201d: Christian Nodal explica por qu\u00e9 omiti\u00f3 agradecer a \u00c1ngela Aguilar en los Latin Grammy 2025"},"content":{"rendered":"<p><img alt=\"Angela Aguilar and Christian Nodal\" class=\"global-image\" decoding=\"async\" fetchpriority=\"high\" height=\"1473\" loading=\"eager\" src=\"https:\/\/www.europesays.com\/es\/wp-content\/uploads\/2025\/11\/CF2UQEPZS5CNRA2FJSNZ7GEH3I.JPG\" width=\"2338\"\/>Angela Aguilar and Christian Nodal pose on the red carpet at the 26th Annual Latin Grammy Awards in Las Vegas, Nevada, U.S., November 13, 2025. REUTERS\/Ronda Churchill     TPX IMAGES OF THE DAY<\/p>\n<p class=\"paragraph\">Christian Nodal rompi\u00f3 el silencio tras la controversia desatada en redes sociales luego de los <b>Latin Grammy 2025<\/b>, donde el cantante no mencion\u00f3 a <b>\u00c1ngela Aguilar<\/b> en<a href=\"https:\/\/www.infobae.com\/mexico\/2025\/11\/14\/christian-nodal-omite-mencionar-a-angela-aguilar-en-discurso-tras-ganar-el-latin-grammy-2025\/\" target=\"_blank\" rel=\"noreferrer nofollow noopener\" title=\"https:\/\/www.infobae.com\/mexico\/2025\/11\/14\/christian-nodal-omite-mencionar-a-angela-aguilar-en-discurso-tras-ganar-el-latin-grammy-2025\/\"> su discurso<\/a>. Tras salir de la audiencia en el <b>Reclusorio Oriente<\/b>, Nodal reaccion\u00f3 a los cuestionamientos y abord\u00f3 la conversaci\u00f3n p\u00fablica que mantuvo en debate a sus seguidores.<\/p>\n<p class=\"paragraph\">Durante el encuentro con la prensa, Nodal expres\u00f3: <\/p>\n<p class=\"paragraph\"><b>\u201cMi esposa es mi familia, su familia es mi familia, mi hija es mi familia, mis padres son mi familia, mis hermanos son mi familia\u201d<\/b>.<\/p>\n<p class=\"paragraph\">De igual manera, el cantante de Botella tras Botella atribuy\u00f3 su discurso a sus exhaustivas jornadas laborales, consecuencia de su actual gira por EEUU:<\/p>\n<p class=\"paragraph\">\u201cNo s\u00e9 si han visto mi agenda,<b> he estado muy cansado, esa misma noche ten\u00eda un show, por tres noches seguidas\u201d<\/b>, sentenci\u00f3.<\/p>\n<p><img alt=\"(Captura de pantalla)\" class=\"global-image\" decoding=\"async\" fetchpriority=\"low\" height=\"522\" loading=\"lazy\" src=\"https:\/\/www.europesays.com\/es\/wp-content\/uploads\/2025\/11\/LC5XGNUN6JAGZFHOFFY5ZTBSJ4.png\" width=\"754\"\/>(Captura de pantalla)<\/p>\n<p class=\"paragraph\">Nodal tambi\u00e9n ahond\u00f3 en que le hubiera gustado poder dedicar palabras m\u00e1s certeras tras ganar su s\u00e9ptimo Grammy. <\/p>\n<p class=\"paragraph\">\u201cMe encantar\u00eda tener los mejores discursos, pero improviso mucho y eso fue lo del momento y creo que<b> m\u00e1s de una persona se merec\u00eda un discurso mega especial<\/b> porque muchos me dedicaron fortaleza, su tiempo, me aguantaron en el estudio, una de ellas fue mi esposa y para m\u00ed fue muy f\u00e1cil decir familia\u201d.<\/p>\n<p class=\"paragraph\">La actitud de <b>Nodal<\/b> en la pasada entrega de los <b>Latin Grammy 2025<\/b> deton\u00f3 severas cr\u00edticas en redes sociales. <\/p>\n<p><img alt=\"\u00c1ngela Aguilar celebr\u00f3 su cumplea\u00f1os\" class=\"global-image\" decoding=\"async\" fetchpriority=\"low\" height=\"1080\" loading=\"lazy\" src=\"https:\/\/www.europesays.com\/es\/wp-content\/uploads\/2025\/11\/XV6BRY7W6JGXVDH32JDFNWW7P4.jpg\" width=\"1920\"\/>\u00c1ngela Aguilar celebr\u00f3 su cumplea\u00f1os n\u00faemro 22 en compa\u00f1\u00eda de  y Christian Nodal.<br \/>\n(Captura de pantalla @gordoelpugaguilar)<\/p>\n<p class=\"paragraph\">El artista recibi\u00f3 su s\u00e9ptimo galard\u00f3n y opt\u00f3 por agradecer a su equipo y hablar de su trayectoria, sin nombrar a <b>\u00c1ngela Aguilar<\/b>.<\/p>\n<p class=\"paragraph\">\u201cMuch\u00edsimas gracias de todo coraz\u00f3n,<b>a mi familia, mis amigos, mi equipo con el que hago m\u00fasica<\/b>, que me aguantan todas las madrugadas, todos los tequilas, todos los cigarros&#8230; Toda la inspiraci\u00f3n. Gracias, significa mucho para m\u00ed, es un orgullo, un honor&#8230; Me falta Alex Ram\u00edrez, Rebeca, JP&#8230; Sony Music, gracias por siempre tratarme como familia, los amo much\u00edsimo.<b>\u00a1Arriba Caborca, Sonora! Y \u00a1Arriba la raza latina!\u201d<\/b>, expres\u00f3 el cantante.<\/p>\n<p class=\"paragraph\">En premiaciones anteriores, hab\u00eda dedicado mensajes a exparejas como Belinda y Cazzu, hecho que aliment\u00f3 la ola de comentarios y comparaciones.<\/p>\n<p><img alt=\"Christian Nodal accepts the award\" class=\"global-image\" decoding=\"async\" fetchpriority=\"low\" height=\"3666\" loading=\"lazy\" src=\"https:\/\/www.europesays.com\/es\/wp-content\/uploads\/2025\/11\/WHC3H4QUYNFQLOXPA25YNRH3FA.JPG\" width=\"5499\"\/>Christian Nodal accepts the award for Best Ranchero Mariachi Album for \u00abQuien Y Como Yo?\u00bb at the 26th Annual Latin Grammy Awards in Las Vegas, Nevada, U.S., November 13, 2025. REUTERS\/Mario Anzuoni<\/p>\n<p class=\"paragraph\">La conversaci\u00f3n creci\u00f3 despu\u00e9s de que \u00c1ngela public\u00f3 un mensaje en Instagram.<\/p>\n<p class=\"paragraph\"><b>\u00c1ngela Aguilar<\/b> public\u00f3 un mensaje en redes sociales tras la pol\u00e9mica generada por un supuesto desaire de <b>Christian Nodal<\/b> durante la ceremonia de los <b>Latin Grammy 2025<\/b>. <\/p>\n<p class=\"paragraph\">La cantante comparti\u00f3 una fotograf\u00eda junto a su esposo y su padre, <b>Pepe Aguilar<\/b>, celebrando que los tres coincidieron como nominados en la categor\u00eda de <b>Mejor \u00c1lbum de M\u00fasica Ranchera Mariachi<\/b>.<\/p>\n<p><img alt=\"(IG: @angela_aguilar_)\" class=\"global-image\" decoding=\"async\" fetchpriority=\"low\" height=\"864\" loading=\"lazy\" src=\"https:\/\/www.europesays.com\/es\/wp-content\/uploads\/2025\/11\/IOQ6CO7CUJHMLBS5QOUXYHEGPU.png\" width=\"476\"\/>(IG: @angela_aguilar_)<\/p>\n<p class=\"paragraph\">El mensaje de <b>\u00c1ngela Aguilar<\/b> destac\u00f3 la importancia de su familia y el v\u00ednculo que une a su padre y a su esposo, a quienes describi\u00f3 como fuente de inspiraci\u00f3n. <\/p>\n<p class=\"paragraph\">\u201c<b>No todos tienen la fortuna de ver a su pap\u00e1 y a su amor coincidir en un escenario as\u00ed, y yo s\u00ed. Es un privilegio que agradezco con toda el alma<\/b>\u201d, expres\u00f3 la artista. Adem\u00e1s, subray\u00f3 el apoyo y el cari\u00f1o que recibe de ambos: \u201c<b>La vida me ha dado una familia que se expande en cari\u00f1o, en talento y en historias que se entrelazan<\/b>\u201d.<\/p>\n","protected":false},"excerpt":{"rendered":"Angela Aguilar and Christian Nodal pose on the red carpet at the 26th Annual Latin Grammy Awards in&hellip;\n","protected":false},"author":2,"featured_media":245002,"comment_status":"","ping_status":"","sticky":false,"template":"","format":"standard","meta":{"footnotes":""},"categories":[170],"tags":[231,3118,5797,146,147,25,24,184,185,3119,23,62681],"class_list":{"0":"post-245001","1":"post","2":"type-post","3":"status-publish","4":"format-standard","5":"has-post-thumbnail","7":"category-musica","8":"tag-arts","9":"tag-arts-culture-entertainment","10":"tag-culture","11":"tag-entertainment","12":"tag-entretenimiento","13":"tag-es","14":"tag-espana","15":"tag-music","16":"tag-musica","17":"tag-north-america","18":"tag-spain","19":"tag-top-picture"},"share_on_mastodon":{"url":"https:\/\/pubeurope.com\/@es\/115577779107826045","error":""},"_links":{"self":[{"href":"https:\/\/www.europesays.com\/es\/wp-json\/wp\/v2\/posts\/245001","targetHints":{"allow":["GET"]}}],"collection":[{"href":"https:\/\/www.europesays.com\/es\/wp-json\/wp\/v2\/posts"}],"about":[{"href":"https:\/\/www.europesays.com\/es\/wp-json\/wp\/v2\/types\/post"}],"author":[{"embeddable":true,"href":"https:\/\/www.europesays.com\/es\/wp-json\/wp\/v2\/users\/2"}],"replies":[{"embeddable":true,"href":"https:\/\/www.europesays.com\/es\/wp-json\/wp\/v2\/comments?post=245001"}],"version-history":[{"count":0,"href":"https:\/\/www.europesays.com\/es\/wp-json\/wp\/v2\/posts\/245001\/revisions"}],"wp:featuredmedia":[{"embeddable":true,"href":"https:\/\/www.europesays.com\/es\/wp-json\/wp\/v2\/media\/245002"}],"wp:attachment":[{"href":"https:\/\/www.europesays.com\/es\/wp-json\/wp\/v2\/media?parent=245001"}],"wp:term":[{"taxonomy":"category","embeddable":true,"href":"https:\/\/www.europesays.com\/es\/wp-json\/wp\/v2\/categories?post=245001"},{"taxonomy":"post_tag","embeddable":true,"href":"https:\/\/www.europesays.com\/es\/wp-json\/wp\/v2\/tags?post=245001"}],"curies":[{"name":"wp","href":"https:\/\/api.w.org\/{rel}","templated":true}]}}