{"id":245009,"date":"2025-11-19T18:31:18","date_gmt":"2025-11-19T18:31:18","guid":{"rendered":"https:\/\/www.europesays.com\/es\/245009\/"},"modified":"2025-11-19T18:31:18","modified_gmt":"2025-11-19T18:31:18","slug":"del-dos-piezas-de-chanel-de-charlotte-casiraghi-el-vestido-clasico-dior-de-beatrice-borromeo-o-el-prada-de-alexandra-de-hannover-pasarela-de-estilo-en-el-dia-nacional-de-monaco","status":"publish","type":"post","link":"https:\/\/www.europesays.com\/es\/245009\/","title":{"rendered":"Del dos piezas de Chanel de Charlotte Casiraghi, el vestido cl\u00e1sico Dior de Beatrice Borromeo o el Prada de Alexandra de Hannover: pasarela de estilo en el D\u00eda Nacional de M\u00f3naco"},"content":{"rendered":"<p>Cada 19 de diciembre M\u00f3naco se viste de gala para celebrar su fiesta nacional. Una cita que comienza con una misa y termina con el posado en los balcones del palacio y a la que por supuesto asisten todos los miembros de la familia real de M\u00f3naco. Los primeros en llegar a la catedral de M\u00f3naco, donde se celebra la tradicional misa han sido los hijos de Carolina y Estefan\u00eda de M\u00f3naco.<\/p>\n<p><a href=\"https:\/\/www.revistavanityfair.es\/articulos\/charlotte-casiraghi-habla-de-filosofia-y-violencia-infantil-en-madrid\" rel=\"nofollow noopener\" target=\"_blank\"><strong>Charlotte Casiraghi<\/strong><\/a> entraba en el templo con un conjunto dos piezas de tweed de <strong>Chanel<\/strong>. Un original conjunto de color amarillo, adornado con hilos metalizados y lentejuelas que acompa\u00f1aba de unas medias negras y zapatos de tac\u00f3n. Los pendientes dorados de gran tama\u00f1o inspirados en el cosmos completaban su estilismo. Junto a ella iba su hermana, la princesa <a href=\"https:\/\/www.revistavanityfair.es\/articulos\/alexandra-de-hannover-y-las-pistas-sobre-su-vida-en-instagram\" rel=\"nofollow noopener\" target=\"_blank\"><strong>Alexandra de Hannover<\/strong><\/a>, con un sobrio vestido satinado de color negro de <strong>Prada<\/strong> y un tocado pill-box a juego.<\/p>\n<p><img decoding=\"async\" alt=\"Carolina y Alexandra de M\u00f3naco\" loading=\"lazy\" class=\"ResponsiveImageContainer-eNxvmU cfBbTk responsive-image__image\"   src=\"https:\/\/www.europesays.com\/es\/wp-content\/uploads\/2025\/11\/GettyImages-2246858865.jpg\"\/><\/p>\n<p>VALERY HACHE\/Getty Images<\/p>\n<p><strong>Tatiana Santo Domingo<\/strong> tambi\u00e9n ha optado por vestir del mismo color, llevando en su caso un abrigo de manga francesa y botones joya de gran tama\u00f1o firmado por <strong>Valentino<\/strong>. <strong>Pierre y Andrea Casiraghi<\/strong> vest\u00edan con chaqu\u00e9 tal y como dicta el c\u00f3digo de vestimenta.<\/p>\n<p><img decoding=\"async\" alt=\"Tatiana Santo Domingo\" loading=\"lazy\" class=\"ResponsiveImageContainer-eNxvmU cfBbTk responsive-image__image\"   src=\"https:\/\/www.europesays.com\/es\/wp-content\/uploads\/2025\/11\/Captura%20de%20pantalla%202025-11-19%20a%20las%2013.15.33.png\"\/><\/p>\n<p>getty images<\/p>\n","protected":false},"excerpt":{"rendered":"Cada 19 de diciembre M\u00f3naco se viste de gala para celebrar su fiesta nacional. Una cita que comienza&hellip;\n","protected":false},"author":2,"featured_media":245010,"comment_status":"","ping_status":"","sticky":false,"template":"","format":"standard","meta":{"footnotes":""},"categories":[91],"tags":[62682,26315,5324,1253,146,147,25,24,35386,23,62683],"class_list":{"0":"post-245009","1":"post","2":"type-post","3":"status-publish","4":"format-standard","5":"has-post-thumbnail","7":"category-entretenimiento","8":"tag-alexandra-de-hannover","9":"tag-beatrice-borromeo","10":"tag-carolina-de-monaco","11":"tag-charlotte-casiraghi","12":"tag-entertainment","13":"tag-entretenimiento","14":"tag-es","15":"tag-espana","16":"tag-familia-real-de-monaco","17":"tag-spain","18":"tag-tatiana-santo-domingo"},"share_on_mastodon":{"url":"https:\/\/pubeurope.com\/@es\/115577794867396018","error":""},"_links":{"self":[{"href":"https:\/\/www.europesays.com\/es\/wp-json\/wp\/v2\/posts\/245009","targetHints":{"allow":["GET"]}}],"collection":[{"href":"https:\/\/www.europesays.com\/es\/wp-json\/wp\/v2\/posts"}],"about":[{"href":"https:\/\/www.europesays.com\/es\/wp-json\/wp\/v2\/types\/post"}],"author":[{"embeddable":true,"href":"https:\/\/www.europesays.com\/es\/wp-json\/wp\/v2\/users\/2"}],"replies":[{"embeddable":true,"href":"https:\/\/www.europesays.com\/es\/wp-json\/wp\/v2\/comments?post=245009"}],"version-history":[{"count":0,"href":"https:\/\/www.europesays.com\/es\/wp-json\/wp\/v2\/posts\/245009\/revisions"}],"wp:featuredmedia":[{"embeddable":true,"href":"https:\/\/www.europesays.com\/es\/wp-json\/wp\/v2\/media\/245010"}],"wp:attachment":[{"href":"https:\/\/www.europesays.com\/es\/wp-json\/wp\/v2\/media?parent=245009"}],"wp:term":[{"taxonomy":"category","embeddable":true,"href":"https:\/\/www.europesays.com\/es\/wp-json\/wp\/v2\/categories?post=245009"},{"taxonomy":"post_tag","embeddable":true,"href":"https:\/\/www.europesays.com\/es\/wp-json\/wp\/v2\/tags?post=245009"}],"curies":[{"name":"wp","href":"https:\/\/api.w.org\/{rel}","templated":true}]}}