{"id":245020,"date":"2025-11-19T18:41:13","date_gmt":"2025-11-19T18:41:13","guid":{"rendered":"https:\/\/www.europesays.com\/es\/245020\/"},"modified":"2025-11-19T18:41:13","modified_gmt":"2025-11-19T18:41:13","slug":"primer-zarpazo-de-berrettini-en-la-italia-sin-sinner-en-la-copa-davis","status":"publish","type":"post","link":"https:\/\/www.europesays.com\/es\/245020\/","title":{"rendered":"Primer zarpazo de Berrettini en la Italia sin Sinner en la Copa Davis"},"content":{"rendered":"<p data-gtm-element-container=\"modulo-texto-link\" class=\"paragraph\">Italia es una fiesta cuando se juega al tenis. Un pa\u00eds de tradici\u00f3n y torneos que se ha volcado definitivamente en la actual era dorada, masculina y femenina. Lleno en Tur\u00edn para ver el \u00e9xito de <strong>Jannik Sinner<\/strong> en las ATP Finals, ni una entrada libre en Bolonia para ver la defensa de la Copa Davis, que el pa\u00eds gan\u00f3 consecutivamente en 2023 y 2024.<\/p>\n<p data-gtm-element-container=\"modulo-texto-link\" class=\"paragraph\">Esta vez sin el l\u00edder, <strong>Jannik Sinner, <\/strong>como tampoco el otro top-10, <strong>Lorenzo Musetti<\/strong>, ambos \u00eddolos en la Copa de Maestros. Pero el fondo de armario del grupo transalpino da para mucho. Y entr\u00f3 en acci\u00f3n un antiguo finalista de Wimbledon, un jugador que ser\u00eda top de no ser por las lesiones.<\/p>\n<p data-gtm-element-container=\"modulo-texto-link\" class=\"paragraph\">Sin Sinner y Musetti, emergi\u00f3 otro hombre fuerte, ya pieza imprescindible en M\u00e1laga 2024. <strong>Matteo Berrettini,<\/strong> 29 a\u00f1os y n\u00ba 56, dio la cara en la apertura de la eliminatoria de cuartos de final entre Italia y Austria. Puso el 1-0 batiendo al zurdo austr\u00edaco <strong>Jurij Rodionov<\/strong> por 6-3 y 7-6 (4) en 1h.46&#8242;.<\/p>\n<blockquote class=\"twitter-tweet\" data-lang=\"es\"><p>\n<a href=\"https:\/\/twitter.com\/MovistarTenis\/status\/1991183884642578696\" rel=\"nofollow noopener\" target=\"_blank\">\n<\/p><\/blockquote>\n<p data-gtm-element-container=\"modulo-texto-link\" class=\"paragraph\">El romano es un seguro de vida con la selecci\u00f3n. S\u00e9ptima victoria consecutiva en la Copa Davis, tras el 6-0 del curso anterior. Remont\u00f3 un 2-4 en la segunda manga. Ejerci\u00f3 de veterano ante su afici\u00f3n, doblegando como deb\u00eda a un jugador te\u00f3ricamente de nivel inferior. Aunque en esta competici\u00f3n el ranking puede ser traicionero.<\/p>\n<p>    Lee tambi\u00e9n<\/p>\n<p data-gtm-element-container=\"modulo-texto-link\" class=\"paragraph\"><strong>Berrettini<\/strong> cumpli\u00f3, son 10 individuales ganados de 12 en este torneo. Aplac\u00f3 a Rodionov, h\u00e9roe austr\u00edaco ante Hungr\u00eda en la calificaci\u00f3n. Espera en semifinales B\u00e9lgica. Italia dispondr\u00e1 de la primera oportunidad de clasificarse a trav\u00e9s de<strong> Flavio Cobolli,<\/strong> que se las ver\u00e1 con <strong>Filip Misolic<\/strong> en la confrontaci\u00f3n entre n\u00fameros uno de los equipos.\u00a0<\/p>\n<p data-gtm-element-container=\"modulo-texto-link\" class=\"paragraph\">El encuentro sufri\u00f3 un par\u00f3n de un cuarto de hora en los comienzos del segundo set debi\u00f3 a un problema con las luces cenitales del SuperTennis Arena, como se ha rebautizado para la ocasi\u00f3n a un pabell\u00f3n de la Feria de Bolonia.\u00a0<\/p>\n<p><script async src=\"https:\/\/platform.twitter.com\/widgets.js\" charset=\"utf-8\"><\/script><\/p>\n","protected":false},"excerpt":{"rendered":"Italia es una fiesta cuando se juega al tenis. Un pa\u00eds de tradici\u00f3n y torneos que se ha&hellip;\n","protected":false},"author":2,"featured_media":245021,"comment_status":"","ping_status":"","sticky":false,"template":"","format":"standard","meta":{"footnotes":""},"categories":[274],"tags":[168,25,24,23,167,327,326],"class_list":{"0":"post-245020","1":"post","2":"type-post","3":"status-publish","4":"format-standard","5":"has-post-thumbnail","7":"category-tenis","8":"tag-deportes","9":"tag-es","10":"tag-espana","11":"tag-spain","12":"tag-sports","13":"tag-tenis","14":"tag-tennis"},"share_on_mastodon":{"url":"https:\/\/pubeurope.com\/@es\/115577833599350324","error":""},"_links":{"self":[{"href":"https:\/\/www.europesays.com\/es\/wp-json\/wp\/v2\/posts\/245020","targetHints":{"allow":["GET"]}}],"collection":[{"href":"https:\/\/www.europesays.com\/es\/wp-json\/wp\/v2\/posts"}],"about":[{"href":"https:\/\/www.europesays.com\/es\/wp-json\/wp\/v2\/types\/post"}],"author":[{"embeddable":true,"href":"https:\/\/www.europesays.com\/es\/wp-json\/wp\/v2\/users\/2"}],"replies":[{"embeddable":true,"href":"https:\/\/www.europesays.com\/es\/wp-json\/wp\/v2\/comments?post=245020"}],"version-history":[{"count":0,"href":"https:\/\/www.europesays.com\/es\/wp-json\/wp\/v2\/posts\/245020\/revisions"}],"wp:featuredmedia":[{"embeddable":true,"href":"https:\/\/www.europesays.com\/es\/wp-json\/wp\/v2\/media\/245021"}],"wp:attachment":[{"href":"https:\/\/www.europesays.com\/es\/wp-json\/wp\/v2\/media?parent=245020"}],"wp:term":[{"taxonomy":"category","embeddable":true,"href":"https:\/\/www.europesays.com\/es\/wp-json\/wp\/v2\/categories?post=245020"},{"taxonomy":"post_tag","embeddable":true,"href":"https:\/\/www.europesays.com\/es\/wp-json\/wp\/v2\/tags?post=245020"}],"curies":[{"name":"wp","href":"https:\/\/api.w.org\/{rel}","templated":true}]}}