{"id":245026,"date":"2025-11-19T18:48:14","date_gmt":"2025-11-19T18:48:14","guid":{"rendered":"https:\/\/www.europesays.com\/es\/245026\/"},"modified":"2025-11-19T18:48:14","modified_gmt":"2025-11-19T18:48:14","slug":"yangel-herrera-recae-de-su-lesion-y-podria-estar-de-baja-hasta-el-ano-que-viene-mundo-deportivo","status":"publish","type":"post","link":"https:\/\/www.europesays.com\/es\/245026\/","title":{"rendered":"Yangel Herrera recae de su lesi\u00f3n y podr\u00eda estar de baja hasta el a\u00f1o que viene &#8211; Mundo Deportivo"},"content":{"rendered":"<ol>\n<li><a href=\"https:\/\/news.google.com\/rss\/articles\/CBMiuwFBVV95cUxQQWlNREpDMlFPNWtZVmpnYzR4ZnNvQm5HMUNJaC1pZWhPSXNjMkdfMVZodzVWUkpaMkxkc0Z6MHdJeDE2b3k1VkUzdy01Q2d2UmlhaUc0NGkxTUZ3NzdpaUVEWFNVZU9sV2NmTThVQ3J2UFU4aVdLajRfaFBwanpVbGRLd0I4Q29YODluUGdvRVJOU0xobGVhN0hBUzdXam9IZ2M4MlZYWFFEdkFVVXhNX2ZiRW11XzNYd3NZ0gHIAUFVX3lxTE9YSDFNYVQ5cUdNMldyUjZWMjNaRU1VOUpsOS1SWXZnMHNITVhTWGFlcVhLVWNBUjFlQ1pLblJCS0pWWFhwbXdKTndtdUtKQjVOczdTVFpBSkpROF9hZlM5UmgwV2FpaFNNcmRmUDU1OVd6N0hlaGdUeU4zS1ZYbXFMS1F2dk1KdFdyZjI0TUgtYmlDRnczVFozWjMtRWYyQXE2LXFxaFpHc01kcHVPUHE2TmR6ekhOZTF4ZC1mMmVyNTBRZjVPY2Jv?oc=5\" target=\"_blank\" rel=\"nofollow noopener\">Yangel Herrera recae de su lesi\u00f3n y podr\u00eda estar de baja hasta el a\u00f1o que viene<\/a>&nbsp;&nbsp;Mundo Deportivo<\/li>\n<li><a href=\"https:\/\/news.google.com\/rss\/articles\/CBMic0FVX3lxTE1SSjZrQmk5Vm45QzJic2J6eFdYZlN2Q3JjNzZWUFhIV01IWjhzelhEWlNXTEFCTFRsZ0JuS0h4TkctRVBpMDVXUXRhbllqdXlBeFJZV3FDN3hrVHcydnVQbFRmb0hGZERySW1rN2NlOEZlZFU?oc=5\" target=\"_blank\" rel=\"nofollow noopener\">Parte m\u00e9dico<\/a>&nbsp;&nbsp;Real Sociedad de F\u00fatbol<\/li>\n<li><a href=\"https:\/\/news.google.com\/rss\/articles\/CBMiqwFBVV95cUxNTHhibEZnNGVnYUVFc0hDcl95Tkl6aVNOMHEwNzN4NEtOTHFObVJrSWtYZ2FHdXJsNXd1dHRhUHgyUUVoZ1RjMVZaVGtKeV9VdzRqVDU2eVVxc0VVc2ZfYkl2TU5ZbkZLUV9NaG92M05GTThfY2lDdHBxcV9LQU5JTTJsbE82N2pKNUtxbWozMDhjb0dwb3NfR2kzQnpxMWxMVE5LcExlSk15ZmM?oc=5\" target=\"_blank\" rel=\"nofollow noopener\">Malas noticias: Yangel Herrera recae de su lesi\u00f3n<\/a>&nbsp;&nbsp;El Diario Vasco<\/li>\n<li><a href=\"https:\/\/news.google.com\/rss\/articles\/CBMipwFBVV95cUxPWlpjbDd6RlhRM0lIbkZSdFZtaW1td2hXdVJHcGV5UVU0YnRuWVhONFo3eUVaVEw0emRQMzFXQmhUYm9ZRTJRU2hLTmZHNFljd2c1bXl2MVBCc2taQ0lFbWd2bzFqVFItdFBSRVNIY0lOQ1VPT0lBZ3owMk5DbEc3OWF0d1ZyNUVFVkxOV0I4TWJxeWl2QXNWRmJqRU9DZk14TTVUeGNQc9IBpwFBVV95cUxQelE4eUE5UHpmVzNHVkptSWhfT1hNckpRQm5ndnBFTld4NkZKelAtcjJqNldlTUhsUV9zVXZZUUtVUzB1M0RVdlZadlZoQmVWNlhtZ0h2QWJZYTJQS3kzTGxnZV9EN3RhT1l3eWd3VXVXNXN2V0w3Q09SR29MOUpSNGQ4SXBocW9LaXljSHRLeVhBWDEyU1FVei1sdTkyWDFISWJVVWliTQ?oc=5\" target=\"_blank\" rel=\"nofollow noopener\">Yangel Herrera recae de su lesi\u00f3n muscular y apunta a no jugar hasta 2026<\/a>&nbsp;&nbsp;MARCA<\/li>\n<li><a href=\"https:\/\/news.google.com\/rss\/articles\/CBMiwgFBVV95cUxOYjhpYjJjUHI5MDRSMmloZHktTTNwOWRxZUpNRHJpSmhsWVZUNG5OWTY5LVNpYUdVVnR1X3l5TWxJYjctWkJxZzNVQTBRZTlOd0Z2REtUSDZMRUVhek4xMnUtUWxQLUJqRThqbG9XS1RZdmVsc2ZoT2hHYnhrc2pWek9PLTFES2dzNm1MRkJWOENraEZuUmlMV3hiM0hBamFWQWppSXViWkxSc1NRQVBKX2MtVXdHU2YydGMxR0pCUkNoZw?oc=5\" target=\"_blank\" rel=\"nofollow noopener\">El realista Yangel Herrera recae de su lesi\u00f3n en el s\u00f3leo de la pierna derecha<\/a>&nbsp;&nbsp;naiz:<\/li>\n<\/ol>\n","protected":false},"excerpt":{"rendered":"Yangel Herrera recae de su lesi\u00f3n y podr\u00eda estar de baja hasta el a\u00f1o que viene&nbsp;&nbsp;Mundo Deportivo Parte&hellip;\n","protected":false},"author":2,"featured_media":233937,"comment_status":"","ping_status":"","sticky":false,"template":"","format":"standard","meta":{"footnotes":""},"categories":[268],"tags":[168,25,24,280,282,281,23,167],"class_list":{"0":"post-245026","1":"post","2":"type-post","3":"status-publish","4":"format-standard","5":"has-post-thumbnail","7":"category-futbol","8":"tag-deportes","9":"tag-es","10":"tag-espana","11":"tag-football","12":"tag-futbol","13":"tag-soccer","14":"tag-spain","15":"tag-sports"},"share_on_mastodon":{"url":"https:\/\/pubeurope.com\/@es\/115577861292562618","error":""},"_links":{"self":[{"href":"https:\/\/www.europesays.com\/es\/wp-json\/wp\/v2\/posts\/245026","targetHints":{"allow":["GET"]}}],"collection":[{"href":"https:\/\/www.europesays.com\/es\/wp-json\/wp\/v2\/posts"}],"about":[{"href":"https:\/\/www.europesays.com\/es\/wp-json\/wp\/v2\/types\/post"}],"author":[{"embeddable":true,"href":"https:\/\/www.europesays.com\/es\/wp-json\/wp\/v2\/users\/2"}],"replies":[{"embeddable":true,"href":"https:\/\/www.europesays.com\/es\/wp-json\/wp\/v2\/comments?post=245026"}],"version-history":[{"count":0,"href":"https:\/\/www.europesays.com\/es\/wp-json\/wp\/v2\/posts\/245026\/revisions"}],"wp:featuredmedia":[{"embeddable":true,"href":"https:\/\/www.europesays.com\/es\/wp-json\/wp\/v2\/media\/233937"}],"wp:attachment":[{"href":"https:\/\/www.europesays.com\/es\/wp-json\/wp\/v2\/media?parent=245026"}],"wp:term":[{"taxonomy":"category","embeddable":true,"href":"https:\/\/www.europesays.com\/es\/wp-json\/wp\/v2\/categories?post=245026"},{"taxonomy":"post_tag","embeddable":true,"href":"https:\/\/www.europesays.com\/es\/wp-json\/wp\/v2\/tags?post=245026"}],"curies":[{"name":"wp","href":"https:\/\/api.w.org\/{rel}","templated":true}]}}