{"id":245027,"date":"2025-11-19T18:49:13","date_gmt":"2025-11-19T18:49:13","guid":{"rendered":"https:\/\/www.europesays.com\/es\/245027\/"},"modified":"2025-11-19T18:49:13","modified_gmt":"2025-11-19T18:49:13","slug":"el-romance-de-los-actores-que-sacudio-hollywood-y-escandalizo-al-vaticano-cine-y-tv","status":"publish","type":"post","link":"https:\/\/www.europesays.com\/es\/245027\/","title":{"rendered":"El romance de los actores que sacudi\u00f3 Hollywood y escandaliz\u00f3 al Vaticano | Cine y TV"},"content":{"rendered":"<p>En 1963, Hollywood viv\u00eda una de sus \u00e9pocas doradas y el mundo entero se preparaba para el estreno de Cleopatra, la superproducci\u00f3n m\u00e1s ambiciosa de la historia del cine hasta entonces. Lo que nadie imaginaba es que el rodaje dar\u00eda lugar a una historia que trascender\u00eda la pantalla: el romance entre Elizabeth Taylor y <a href=\"https:\/\/cadenaser.com\/nacional\/2025\/11\/15\/siete-nominaciones-y-ningun-oscar-la-gran-injusticia-que-marco-la-historia-del-cine-cadena-ser\/\" target=\"_blank\" rel=\"noreferrer nofollow noopener\" title=\"https:\/\/cadenaser.com\/nacional\/2025\/11\/15\/siete-nominaciones-y-ningun-oscar-la-gran-injusticia-que-marco-la-historia-del-cine-cadena-ser\/\">Richard Burton<\/a>, dos estrellas en la c\u00faspide de su carrera, que acabar\u00eda provocando un aut\u00e9ntico terremoto medi\u00e1tico y moral.<\/p>\n<p>Del plat\u00f3 al esc\u00e1ndalo internacional<\/p>\n<p>Taylor y Burton interpretaban a Cleopatra y Marco Antonio, una pareja legendaria cuya pasi\u00f3n marc\u00f3 la historia antigua. Pero la ficci\u00f3n se convirti\u00f3 en realidad. \u00abLa historia de amor que representaban ante la c\u00e1mara enseguida se traslad\u00f3 a la vida real\u00bb, recuerdan en el programa <a href=\"https:\/\/cadenaser.com\/cadena-ser\/sucedio-una-noche\/\" target=\"_blank\" rel=\"noreferrer nofollow noopener\" title=\"https:\/\/cadenaser.com\/cadena-ser\/sucedio-una-noche\/\">Sucedi\u00f3 una noche<\/a>. El problema era que ambos estaban casados. La relaci\u00f3n clandestina se convirti\u00f3 en portada de diarios y objeto de debate pol\u00edtico. El Senado estadounidense lleg\u00f3 a pronunciarse y el Vaticano, a trav\u00e9s de su diario oficial, lanz\u00f3 una cr\u00edtica feroz contra Taylor, calific\u00e1ndola de \u00abherr\u00e1tica voluptuosa\u00bb.<\/p>\n<p>La presi\u00f3n medi\u00e1tica no fren\u00f3 a la pareja. En 1964 se divorciaron de sus respectivos c\u00f3nyuges y se casaron, iniciando una relaci\u00f3n marcada por la intensidad y el exceso. \u00abSu amor, sus peleas, su lujosa vida o las car\u00edsimas joyas que Burton le regalaba a Liz les convirtieron en el centro de atenci\u00f3n mundial\u00bb, se\u00f1ala el podcast. Entre esas joyas, una esmeralda comprada en Bulgaria que se hizo tan famosa como sus protagonistas.<\/p>\n<p>Rodaron juntos 11 pel\u00edculas, entre ellas \u00bfQui\u00e9n teme a Virginia Woolf?, considerada una obra maestra del cine y que les consolid\u00f3 como pareja art\u00edstica. Burton lleg\u00f3 a reconocer que Elizabeth influy\u00f3 en su evoluci\u00f3n como actor: \u00abMe convenci\u00f3 de que no deb\u00eda considerar el cine solo como un medio para llenar el tiempo entre mis actuaciones en los escenarios\u00bb, cont\u00f3 el actor en una entrevista.<\/p>\n<p>Impacto cultural y final tormentoso<\/p>\n<p>El romance Taylor-Burton redefini\u00f3 la relaci\u00f3n entre Hollywood y la prensa. Fue el primer gran fen\u00f3meno de la cultura de la celebridad moderna: fot\u00f3grafos persigui\u00e9ndolos por todo el mundo, titulares diarios y una exposici\u00f3n medi\u00e1tica sin precedentes. Su historia inspir\u00f3 libros, documentales y sigue siendo referencia cuando se habla de amores imposibles y esc\u00e1ndalos en la industria.<\/p>\n<p>Pero tanta intensidad tuvo un precio. Se divorciaron en 1974, volvieron a casarse en 1975 y ocho meses despu\u00e9s se separaron definitivamente. \u00abSupongo que vivir 13 a\u00f1os con toda esa intensidad es como mantener un punto de ebullici\u00f3n tan continuo que inevitablemente se desborda\u00bb, confes\u00f3 Burton.<\/p>\n<p>Richard Burton muri\u00f3 en 1984, dejando para la historia no solo una filmograf\u00eda brillante, sino una de las historias de amor m\u00e1s abrasivas y extravagantes que se recuerdan. <\/p>\n<p>El c\u00f3digo iframe se ha copiado en el portapapeles<\/p>\n<p class=\"tit\">Richard Burton, \u2018Los inmortales\u2019 y capit\u00e1n Vidal<\/p>\n<p>00:00:0055:00<\/p>\n<p>FacebookTwitterLinkedinWhatsAppCerrar<\/p>\n","protected":false},"excerpt":{"rendered":"En 1963, Hollywood viv\u00eda una de sus \u00e9pocas doradas y el mundo entero se preparaba para el estreno&hellip;\n","protected":false},"author":2,"featured_media":245028,"comment_status":"","ping_status":"","sticky":false,"template":"","format":"standard","meta":{"footnotes":""},"categories":[174],"tags":[62685,62686,15781,255,39514,22252,146,147,25,24,256,22253,16990,23832,62687,22254,12074,18910,23,38253,9274],"class_list":{"0":"post-245027","1":"post","2":"type-post","3":"status-publish","4":"format-standard","5":"has-post-thumbnail","7":"category-famosos","8":"tag-62685","9":"tag-62686","10":"tag-burton","11":"tag-celebrities","12":"tag-cleopatra","13":"tag-elizabeth","14":"tag-entertainment","15":"tag-entretenimiento","16":"tag-es","17":"tag-espana","18":"tag-famosos","19":"tag-film-stills","20":"tag-joseph","21":"tag-l","22":"tag-mankiewicz","23":"tag-personality","24":"tag-richard","25":"tag-scene","26":"tag-spain","27":"tag-still","28":"tag-taylor"},"share_on_mastodon":{"url":"https:\/\/pubeurope.com\/@es\/115577865405595752","error":""},"_links":{"self":[{"href":"https:\/\/www.europesays.com\/es\/wp-json\/wp\/v2\/posts\/245027","targetHints":{"allow":["GET"]}}],"collection":[{"href":"https:\/\/www.europesays.com\/es\/wp-json\/wp\/v2\/posts"}],"about":[{"href":"https:\/\/www.europesays.com\/es\/wp-json\/wp\/v2\/types\/post"}],"author":[{"embeddable":true,"href":"https:\/\/www.europesays.com\/es\/wp-json\/wp\/v2\/users\/2"}],"replies":[{"embeddable":true,"href":"https:\/\/www.europesays.com\/es\/wp-json\/wp\/v2\/comments?post=245027"}],"version-history":[{"count":0,"href":"https:\/\/www.europesays.com\/es\/wp-json\/wp\/v2\/posts\/245027\/revisions"}],"wp:featuredmedia":[{"embeddable":true,"href":"https:\/\/www.europesays.com\/es\/wp-json\/wp\/v2\/media\/245028"}],"wp:attachment":[{"href":"https:\/\/www.europesays.com\/es\/wp-json\/wp\/v2\/media?parent=245027"}],"wp:term":[{"taxonomy":"category","embeddable":true,"href":"https:\/\/www.europesays.com\/es\/wp-json\/wp\/v2\/categories?post=245027"},{"taxonomy":"post_tag","embeddable":true,"href":"https:\/\/www.europesays.com\/es\/wp-json\/wp\/v2\/tags?post=245027"}],"curies":[{"name":"wp","href":"https:\/\/api.w.org\/{rel}","templated":true}]}}