{"id":245031,"date":"2025-11-19T18:52:12","date_gmt":"2025-11-19T18:52:12","guid":{"rendered":"https:\/\/www.europesays.com\/es\/245031\/"},"modified":"2025-11-19T18:52:12","modified_gmt":"2025-11-19T18:52:12","slug":"el-programa-de-ana-rosa-dedica-3-minutos-al-caso-de-la-diputacion-de-almeria-e-ignora-que-afecta-al-pp","status":"publish","type":"post","link":"https:\/\/www.europesays.com\/es\/245031\/","title":{"rendered":"&#8216;El programa de Ana Rosa&#8217; dedica 3 minutos al caso de la Diputaci\u00f3n de Almer\u00eda e ignora que afecta al PP"},"content":{"rendered":"<p class=\"article-text\">\n        <strong>El programa de AR<\/strong> ha dedicado este mi\u00e9rcoles 19 de noviembre poco m\u00e1s de tres minutos al caso de corrupci\u00f3n que afecta a la <strong>Diputaci\u00f3n de Almer\u00eda<\/strong>, y lo ha hecho, adem\u00e1s, sin indicar que los pol\u00edticos a los que se detuvo en la jornada del martes pertenecen al <strong>Partido Popular<\/strong>.\n    <\/p>\n<p>    <a href=\"https:\/\/www.eldiario.es\/vertele\/noticias\/lolita-flores-ajusto-cuentas-hacienda-montoro-revuelta-quito-2-millones-tuve-vender-casa_1_12780290.html\" data-mrf-recirculation=\"saber-mas\" data-dl-event=\"saber-mas\" rel=\"nofollow noopener\" target=\"_blank\"><\/p>\n<p class=\"know-more__title\">Lolita Flores ajust\u00f3 cuentas con Hacienda y Montoro en &#8216;La Revuelta&#8217;: \u00abMe quit\u00f3 2 millones y tuve que vender mi casa\u00bb<\/p>\n<p>            <img decoding=\"async\" class=\"lazy\" loading=\"lazy\" data-src=\"https:\/\/static.eldiario.es\/clip\/cc1649ab-f5ed-4322-b10b-a4097b6a7f72_16-9-aspect-ratio_default_0.jpg\" src=\"data:image\/svg+xml,%3Csvg xmlns=\" http:=\"\" viewbox=\"0 0 880 495\" alt=\"Lolita Flores ajust\u00f3 cuentas con Hacienda y Montoro en 'La Revuelta': &quot;Me quit\u00f3 2 millones y tuve que vender mi casa&quot;\"\/><\/p>\n<p>                        <\/a><\/p>\n<p class=\"article-text\">\n        El magac\u00edn que conduce <strong>Ana Rosa Quintana<\/strong> (que se emite de 09:00 a 13:30) ha dedicado casi toda su emisi\u00f3n al <strong>caso Koldo<\/strong>, que en las \u00faltimas horas, tras publicarse algunas <a href=\"https:\/\/www.eldiario.es\/politica\/uco-acorrala-santos-cerdan-papel-munidor-trama-empieza-desvelar-precio-corrupcion_1_12778761.html\" target=\"_blank\" data-mrf-recirculation=\"links-noticia\" class=\"link\" rel=\"nofollow noopener\">novedades importantes<\/a> sobre la presunta actividad delictiva de <strong>Santos Cerd\u00e1n<\/strong>, ha provocado un nuevo terremoto en la sede del <strong>PSOE<\/strong>. Dos horas y media despu\u00e9s de comenzar el programa, la periodista ha dejado a un lado este asunto para poner sobre la mesa el caso que afecta a la Diputaci\u00f3n de Almer\u00eda.\n    <\/p>\n<p class=\"article-text\">\n        \u201cHablando de corrupci\u00f3n, vamos con otro caso, el de las mascarillas de la Diputaci\u00f3n de Almer\u00eda. La investigaci\u00f3n se ampl\u00eda: cinco detenidos, registros en 10 inmuebles y medidas patrimoniales sin precedentes en la provincia tras revisar contratos y, posiblemente, tambi\u00e9n del Ayuntamiento de Fines\u201d, ha explicado Ana Rosa, tras lo cual ha conectado con un reportero que estaba en la capital almeriense.\n    <\/p>\n<p class=\"article-text\">\n        Al acabar la conexi\u00f3n, Ana Rosa ha felicitado a la Guardia Civil por su trabajo: \u201cViva la UCO. Si no fuera por ella, yo no s\u00e9 qu\u00e9 ser\u00eda de nosotros\u201d. Y justo despu\u00e9s es <strong>Manu Marlaska<\/strong> quien ha tomado la palabra para, durante dos minutos, exponer el origen de este nuevo caso. <strong>En ning\u00fan momento se ha dicho que los pol\u00edticos detenidos pertenecen al PP<\/strong>, y tampoco se han recogido las reacciones pol\u00edticas que ha provocado la noticia. Tras las explicaciones de Marlaska, Ana Rosa ha retomado el caso Koldo, que ha consumido la segunda mitad del programa.\n    <\/p>\n<p>            <img decoding=\"async\" class=\"lazy\" loading=\"lazy\" data-src=\"https:\/\/static.eldiario.es\/clip\/d404e7dc-7d44-4511-b63e-62f7f6676376_16-9-discover-aspect-ratio_default_0.jpg\" src=\"data:image\/svg+xml,%3Csvg xmlns=\" http:=\"\" viewbox=\"0 0 1200 675\" alt=\"Manu Marlaska explica en 'El programa de AR' las claves del caso de corrupci\u00f3n de la Diputaci\u00f3n de Almer\u00eda\"\/><\/p>\n<p class=\"article-text\">\n        <a href=\"https:\/\/www.eldiario.es\/vertele\/\" target=\"_blank\" data-mrf-recirculation=\"links-noticia\" class=\"link\" rel=\"nofollow noopener\"><strong>verTele<\/strong><\/a> se ha puesto en contacto con <strong>Mediaset <\/strong>y <strong>Unicorn Content<\/strong> (productora de El programa de AR) para preguntar por esta cuesti\u00f3n, pero han preferido no hacer comentarios al respecto.\n    <\/p>\n<p>    &#8216;El programa de AR&#8217; s\u00ed se\u00f1al\u00f3 al PP en su primera informaci\u00f3n sobre el caso<\/p>\n<p class=\"article-text\">\n        El programa de AR inform\u00f3 del caso de la Diputaci\u00f3n de Almer\u00eda el martes 18 de noviembre pocos minutos despu\u00e9s de que se conociera la noticia.\n    <\/p>\n<p class=\"article-text\">\n        El magac\u00edn abord\u00f3 el tema en varias ocasiones y se\u00f1al\u00f3 que los pol\u00edticos detenidos por la Guardia Civil pertenecen al Partido Popular.<strong> \u201cEn este programa damos toda la informaci\u00f3n y estamos en contra de cualquier corrupci\u00f3n sea de donde sea y del partido que sea\u201d<\/strong>, indic\u00f3 la presentadora. \u201cEn este caso le ha tocado al PP, y en otro caso les toca a otros se\u00f1ores que el PSOE no conoce\u201d, a\u00f1adi\u00f3 con sorna.\n    <\/p>\n<p>    <a href=\"https:\/\/www.eldiario.es\/vertele\/noticias\/deja-marilo-montero-masterchef-celebrity-llama-demonio-pedro-sanchez-telemadrid-secuestrado-espana_1_12779568.html\" data-mrf-recirculation=\"saber-mas-abajo\" data-dl-event=\"saber-mas-abajo\" rel=\"nofollow noopener\" target=\"_blank\"><\/p>\n<p class=\"know-more__title\">Maril\u00f3 Montero deja atr\u00e1s &#8216;MasterChef&#8217; y llama \u201cdemonio\u201d a Pedro S\u00e1nchez en Telemadrid: \u201cHa secuestrado Espa\u00f1a\u201d<\/p>\n<p>            <img decoding=\"async\" class=\"lazy\" loading=\"lazy\" data-src=\"https:\/\/static.eldiario.es\/clip\/ca0fc00a-5b84-4a87-9f41-783b17ec3ac5_16-9-aspect-ratio_default_0.jpg\" src=\"data:image\/svg+xml,%3Csvg xmlns=\" http:=\"\" viewbox=\"0 0 880 495\" alt=\"Maril\u00f3 Montero deja atr\u00e1s 'MasterChef' y llama &quot;demonio&quot; a Pedro S\u00e1nchez en Telemadrid: &quot;Ha secuestrado Espa\u00f1a&quot;\"\/><\/p>\n<p>                        <\/a><\/p>\n<p class=\"article-text\">\n        Este mi\u00e9rcoles, El programa de AR dedic\u00f3 menos tiempo a la noticia e ignor\u00f3 por completo la filiaci\u00f3n pol\u00edtica de los arrestados.\n    <\/p>\n","protected":false},"excerpt":{"rendered":"El programa de AR ha dedicado este mi\u00e9rcoles 19 de noviembre poco m\u00e1s de tres minutos al caso&hellip;\n","protected":false},"author":2,"featured_media":245032,"comment_status":"","ping_status":"","sticky":false,"template":"","format":"standard","meta":{"footnotes":""},"categories":[171],"tags":[62688,20212,146,147,25,24,62689,23,214],"class_list":{"0":"post-245031","1":"post","2":"type-post","3":"status-publish","4":"format-standard","5":"has-post-thumbnail","7":"category-tv","8":"tag-caso-corrupcion-diputacion-almeria","9":"tag-el-programa-de-ana-rosa","10":"tag-entertainment","11":"tag-entretenimiento","12":"tag-es","13":"tag-espana","14":"tag-oculta-politicos-pp","15":"tag-spain","16":"tag-tv"},"share_on_mastodon":{"url":"https:\/\/pubeurope.com\/@es\/115577876922356141","error":""},"_links":{"self":[{"href":"https:\/\/www.europesays.com\/es\/wp-json\/wp\/v2\/posts\/245031","targetHints":{"allow":["GET"]}}],"collection":[{"href":"https:\/\/www.europesays.com\/es\/wp-json\/wp\/v2\/posts"}],"about":[{"href":"https:\/\/www.europesays.com\/es\/wp-json\/wp\/v2\/types\/post"}],"author":[{"embeddable":true,"href":"https:\/\/www.europesays.com\/es\/wp-json\/wp\/v2\/users\/2"}],"replies":[{"embeddable":true,"href":"https:\/\/www.europesays.com\/es\/wp-json\/wp\/v2\/comments?post=245031"}],"version-history":[{"count":0,"href":"https:\/\/www.europesays.com\/es\/wp-json\/wp\/v2\/posts\/245031\/revisions"}],"wp:featuredmedia":[{"embeddable":true,"href":"https:\/\/www.europesays.com\/es\/wp-json\/wp\/v2\/media\/245032"}],"wp:attachment":[{"href":"https:\/\/www.europesays.com\/es\/wp-json\/wp\/v2\/media?parent=245031"}],"wp:term":[{"taxonomy":"category","embeddable":true,"href":"https:\/\/www.europesays.com\/es\/wp-json\/wp\/v2\/categories?post=245031"},{"taxonomy":"post_tag","embeddable":true,"href":"https:\/\/www.europesays.com\/es\/wp-json\/wp\/v2\/tags?post=245031"}],"curies":[{"name":"wp","href":"https:\/\/api.w.org\/{rel}","templated":true}]}}