{"id":245045,"date":"2025-11-19T18:59:10","date_gmt":"2025-11-19T18:59:10","guid":{"rendered":"https:\/\/www.europesays.com\/es\/245045\/"},"modified":"2025-11-19T18:59:10","modified_gmt":"2025-11-19T18:59:10","slug":"cloudflare-pide-ayuda-a-los-usuarios-contra-los-bloqueos-de-laliga-recomienda-una-app-para-luchar-contra-la-censura-el-espanol","status":"publish","type":"post","link":"https:\/\/www.europesays.com\/es\/245045\/","title":{"rendered":"Cloudflare pide ayuda a los usuarios contra los bloqueos de LaLiga: recomienda una app para luchar contra la censura &#8211; El Espa\u00f1ol"},"content":{"rendered":"<ol>\n<li><a href=\"https:\/\/news.google.com\/rss\/articles\/CBMi_gFBVV95cUxQV3ZKNHptN3haRUJON2FabjB4X1NDVThmYW1tWDQ3a1VlbDlWTlFOaVA2VmFyWHplTG9veVo5TUQ3ckpGSmdtTEZvUklqN0h2R2VfYk9VMjZvdTZZZVB2UzFzSmhXYmRmRHNLZDUxNVphS2VRdjlyUVQ1QmtXS2tla3AtSWhSTlg2SHJIVmJ6MU1KTlZUM1BBSVdYYU1wU2pGMGdBT3FON3RYbXQ2UzBtdXdER0ZfYVg4STJHa1I0dklsX1diSGVvdlNBaVR4aGJxdnFnVzE1Z25lMWN4OXAtdEowNkN6aWpsZnI0T0dXVE95NF9jcF9INDhXQWNNd9IBgwJBVV95cUxQZXJscFBXV0NqZXVpdDlwd3BRVDlWeFFOcTd2d0xjMU9uekVRWGJ6T05PUmpKWVFqSVVuS3UxalQ3Z2FDbFNfMWc0LU9mM2k5OHUxbHRadzFCUVNwczVfRVVCSDY1emhaT2Y5XzE0eWRwaHo1TXVMb3RlWHBnc2xQQUJNcjllYWt4dUdFVDU1eFVLc2ZfallxY2hfcExmdGVwalBQck1oZjdiZGRNODdfYy15ZW1MbUlqSWRqRzRuY19mc0JIUFByNVAzWEhmdW1jNVUxZzZxc0pFN3hvUS1SdHdBbm1UUl94NU9YWE1RN29nazhBT3llUVFOTTllSkU5MnA4?oc=5\" target=\"_blank\" rel=\"nofollow noopener\">Cloudflare pide ayuda a los usuarios contra los bloqueos de LaLiga: recomienda una app para luchar contra la censura<\/a>&nbsp;&nbsp;El Espa\u00f1ol<\/li>\n<li><a href=\"https:\/\/news.google.com\/rss\/articles\/CBMiswFBVV95cUxNczFSWTZNbHFoSzUxNy1jRWYwOTl6a2RXU1pFcW5oTS0tLS04Y29rcTFGdFVJcy1JanFhVEFpQjRjMGpUM3FFLWgyNUF5QjlFdFprVjRobnB6RGVtUGNRN3FwQUtXYmdZYW5qbWU2SWtTVldLWGszT0xaaDgySUdXV2FFcmVkYnZDMk9nOEwyQlNlLUNfdm1VaXhKLWd2Rms1MlhvRGhSb29yNGxQa3ZUTU9kNNIBuAFBVV95cUxQRFMxR1Ezb1ZpN2FWdHRyNTAtdllCTHloR0lOSE1SSml2SnJUanVhdjZmd1I2QnAyeHlwWVd3U0xsOXNNTmUwa2k3SVdOcTVyUXlXR2c2Xy1wU04tOV9xMW1NaFYtb0F1dnYxY0NBdFlYUW0xZnhpN2Y5Ti1RM0F3dUlSZkZTNC1NVDg1TU5rN2g4bHk5VTBaWkhnWDhsMnpwRC1WdWc0WjJoTWx6amNkQmNjODRwSlU2?oc=5\" target=\"_blank\" rel=\"nofollow noopener\">El &#8216;Error 500&#8217;: por qu\u00e9 fallan servicios como Cloudflare y AWS que nos dejan sin conexi\u00f3n<\/a>&nbsp;&nbsp;La Vanguardia<\/li>\n<li><a href=\"https:\/\/news.google.com\/rss\/articles\/CBMirgFBVV95cUxOdDBrT0d2cWlUcVhUbTFZMVpITUR2NHl3Z3I4eUhLSmtIMG5ibEV6a2NENGJwazF2MXNOUnM0V04xeUd3S3dVOFNFVTFhMHJLYklGZV9ZckxhN0NlV2pmUEZtQVViVHJIeXlvQno5Y1oxaXd1UjFMQmRBSmZCVjlRdGpkSjRfR3FXNkM3V3Fsa3NMZUdlQzBBb1hfVHJiV0tEajFwSjYyOUMtbHNNcVHSAcgBQVVfeXFMT3E5UUpoTnRwVFhhV01iNWVPR1lkTVlNbjdMX3FJN3BJaXpDSHFQd01kRFFpTVJCUlFKNTNjTURmVWhVMlRjazRnNzhtaTJJQl85cGNEWHJ6UzBmbEpzSFNlWmwydzdOeVgtY2l4OXlqZXN6WG9tai03VEF6elFkZWM3enpCbUlEcHZMWnZtbmZhRmxYbnN1Sy1yU0VyVFhqRGtDYWZremNpZUdEd00xeTRmMGZtb0FNT1RMME0tU1dNYzdXS0hsX1c?oc=5\" target=\"_blank\" rel=\"nofollow noopener\">Cloudflare revel\u00f3 la causa de su falla global: \u201cNo fue un ciberataque\u201d<\/a>&nbsp;&nbsp;Infobae<\/li>\n<li><a href=\"https:\/\/news.google.com\/rss\/articles\/CBMijAJBVV95cUxQRGhqZFBMOTJ5RldYYm1uTEtTRmwtOVBpQlZPQlR1aVZoR0NTRW5vM2twdzdWRjNOX09vWUFLTS1Xd2N2SHM2ZE1ueG5mYlFKX2o2Nm1iR2lfeXhQRWJ1MDhHYVVhQVI0RnliS1dlcC1WNmRURm1sQkpfMzNZeWk5YXB1aWtVd0liSFpjczQ5RXhDSTVaT3JDNG9lY2dZWi1PdzV0SjUzaFMxMHJlZ0h0dFQ2Qi11Q1ZtMERtcTZKc1JwSEQzWDRTQmg1Q1JROE54alpaX2ZhN3dWMGpzM0ZfSzd3UHJVaDRjcjY5czhhckFBNmFyWjZ1VFVIWldKRlZMejM4Yks0NzJSRUdt0gGgAkFVX3lxTE1MaXQtYUhFbldmb21HOFM1WUQ2SjkwUUU4YVE3TDBvZWdxWGlUMEN5RWJrNGxQcGxVOC0xQjcwaWI5dUYwSFFUTHdsUmVITHZ0ZDNIel9DMHNsa3N2d2Mtam50RkhqNFdsX0taTUZ6Q0xGR2xJOFZrSlBjTkx5d2hMUmhndXBSbjk4N0hRU3RpeWJFVF9EQ3Q0cFZmM0JhTGkxbTF0SEFULTJvNUhFaDM1V0RBMjlibTY5Nm1sSFF4cy1lUHRkemVVTjdVc2w2ZXdQeldFalVzM010M1cyVHU3MTFSaGVtcWF6RS1BNk01a2lUbHBwOW16Y0xqRlJEWVNRRlNCbEgxekhabXBhTDFjbWoxR1h3eER0ekRuWWkyLQ?oc=5\" target=\"_blank\" rel=\"nofollow noopener\">Cloudfare hace p\u00fablica la causa que provoc\u00f3 la interrupci\u00f3n de servicio de cientos de webs durante el d\u00eda de<\/a>&nbsp;&nbsp;La Raz\u00f3n<\/li>\n<li><a href=\"https:\/\/news.google.com\/rss\/articles\/CBMiwgFBVV95cUxQSkdielhYY2gya2Q0RmdyOGJCbUt0VFpvWm9wVlpWOUJfOXh0UFBrRVlqTmRuYTlhQnhkQmlqR1Y0MFJfMmY5S3FLdlA1M1ZjRWtoQldDMG5hZXNKeWRfWnhtOTZRNDNBLTh1U2doTXNCM3NxUXphZnJQME1KQWNiTVIxOG1RRFlFcHpXV21RcVREWmIwSjd3LVVkNzhueTd1Mmlma1pEVWJWZXl3TGRwT2hFWXZ2eUZsd3FsRGRjLU9nZ9IBxwFBVV95cUxPOXdSX05LVWVGSHRtX1JVdG5pWG9OZ3R0T2JwX2lCWVhZbW1qa05VUGFmWTIwU3NJNS1oM0FNT1YwcGdfRzNIRnhxODZ5R2gxU2Y1RVQyYlg1OExXSTJxWnl6c0p4VHprNWFpMUlUY0N2ZFJUV1dwMTRZc3FrNkRWYnZpQmJPQXFsUGZ2R0NtMWhuNHN1bGU0Z1NNTDUweEtrWnFCamRvb0V6RHZwOEhRRDNaOE16b0FLRXdVUVl4SmFOZlNIczk4?oc=5\" target=\"_blank\" rel=\"nofollow noopener\">\u00ab\u00bfSe ha ca\u00eddo internet? Avisad cuando se caiga el mercado inmobiliario\u00bb: los mejores tuits y memes tras el fallo de Cloudflare<\/a>&nbsp;&nbsp;Diario P\u00fablico<\/li>\n<\/ol>\n","protected":false},"excerpt":{"rendered":"Cloudflare pide ayuda a los usuarios contra los bloqueos de LaLiga: recomienda una app para luchar contra la&hellip;\n","protected":false},"author":2,"featured_media":233937,"comment_status":"","ping_status":"","sticky":false,"template":"","format":"standard","meta":{"footnotes":""},"categories":[80],"tags":[82,95,94,25,24,23],"class_list":{"0":"post-245045","1":"post","2":"type-post","3":"status-publish","4":"format-standard","5":"has-post-thumbnail","7":"category-economia","8":"tag-business","9":"tag-economia","10":"tag-economy","11":"tag-es","12":"tag-espana","13":"tag-spain"},"share_on_mastodon":{"url":"https:\/\/pubeurope.com\/@es\/115577904492202289","error":""},"_links":{"self":[{"href":"https:\/\/www.europesays.com\/es\/wp-json\/wp\/v2\/posts\/245045","targetHints":{"allow":["GET"]}}],"collection":[{"href":"https:\/\/www.europesays.com\/es\/wp-json\/wp\/v2\/posts"}],"about":[{"href":"https:\/\/www.europesays.com\/es\/wp-json\/wp\/v2\/types\/post"}],"author":[{"embeddable":true,"href":"https:\/\/www.europesays.com\/es\/wp-json\/wp\/v2\/users\/2"}],"replies":[{"embeddable":true,"href":"https:\/\/www.europesays.com\/es\/wp-json\/wp\/v2\/comments?post=245045"}],"version-history":[{"count":0,"href":"https:\/\/www.europesays.com\/es\/wp-json\/wp\/v2\/posts\/245045\/revisions"}],"wp:featuredmedia":[{"embeddable":true,"href":"https:\/\/www.europesays.com\/es\/wp-json\/wp\/v2\/media\/233937"}],"wp:attachment":[{"href":"https:\/\/www.europesays.com\/es\/wp-json\/wp\/v2\/media?parent=245045"}],"wp:term":[{"taxonomy":"category","embeddable":true,"href":"https:\/\/www.europesays.com\/es\/wp-json\/wp\/v2\/categories?post=245045"},{"taxonomy":"post_tag","embeddable":true,"href":"https:\/\/www.europesays.com\/es\/wp-json\/wp\/v2\/tags?post=245045"}],"curies":[{"name":"wp","href":"https:\/\/api.w.org\/{rel}","templated":true}]}}