{"id":245054,"date":"2025-11-19T19:08:19","date_gmt":"2025-11-19T19:08:19","guid":{"rendered":"https:\/\/www.europesays.com\/es\/245054\/"},"modified":"2025-11-19T19:08:19","modified_gmt":"2025-11-19T19:08:19","slug":"nace-el-saltoki-orbea-development","status":"publish","type":"post","link":"https:\/\/www.europesays.com\/es\/245054\/","title":{"rendered":"nace el Saltoki Orbea Development"},"content":{"rendered":"<p>Orbea ampl\u00eda su estructura deportiva con el lanzamiento del Saltoki Orbea Development, un nuevo equipo de formaci\u00f3n que nace como cantera directa del Orbea FOX Factory Team (OFT). La cooperativa vasca refuerza as\u00ed su proyecto global de Cross Country con una estructura espec\u00edficamente orientada a <strong>detectar, acompa\u00f1ar y proyectar talento joven hacia la \u00e9lite<\/strong>.<\/p>\n<p>El nuevo conjunto, adscrito al Club Ciclista Deportivo Iturrotz,<strong> se integrar\u00e1 plenamente dentro del ecosistema del OFT<\/strong> y permitir\u00e1 que las j\u00f3venes promesas del MTB accedan a un entorno profesional desde sus primeros pasos. El objetivo es ofrecer una plataforma s\u00f3lida para crecer como ciclistas y como personas, con acceso a un programa deportivo de alto nivel, apoyo t\u00e9cnico y un calendario que incluye pruebas nacionales, Copas del Mundo y UCI Junior Series.<\/p>\n<p>La filosof\u00eda del proyecto va m\u00e1s all\u00e1 del rendimiento. El trabajo con los corredores abarcar\u00e1 todos los \u00e1mbitos que determinan la progresi\u00f3n en el XC moderno: planificaci\u00f3n f\u00edsica, nutrici\u00f3n, mec\u00e1nica, orientaci\u00f3n de carrera deportiva y un fuerte \u00e9nfasis en valores que la marca considera esenciales: humildad, esfuerzo, superaci\u00f3n, trabajo en equipo, respeto e innovaci\u00f3n.<\/p>\n<p><img class=\" lazyload\" border=\"0\" alt=\"Orbea anuncia un nuevo equipo XCO: nace el Saltoki Orbea Development\" width=\"2500\" height=\"1650\"  data-\/><\/p>\n<p>Para el conjunto navarro, dar este paso supone un salto decisivo en su evoluci\u00f3n. \u201cEsta integraci\u00f3n nos abre la puerta a recursos, conocimiento y una red profesional que hasta ahora estaba reservada a muy pocas estructuras\u201d, explica Alfredo Fern\u00e1ndez, responsable del Saltoki Orbea Development. \u201cTambi\u00e9n nos permite consolidar nuestra escuela desde la base hasta la categor\u00eda m\u00e1ster\u201d.<\/p>\n<p>Desde Orbea, el movimiento se interpreta como <strong>una pieza estrat\u00e9gica para reforzar el puente entre cantera y \u00e9lite dentro del proyecto OFT<\/strong>. \u201cCon Saltoki Orbea Development buscamos algo m\u00e1s que resultados\u201d, destaca I\u00f1aki Uc\u00edn, Sports Marketing Manager de Orbea. \u201cQueremos formar ciclistas y personas con una base s\u00f3lida. Nuestro objetivo es que esta estructura se convierta en el camino natural hacia la \u00e9lite del XC y en una referencia internacional en desarrollo de talento\u201d.<\/p>\n<p>El equipo debutar\u00e1 internamente en enero, cuando participar\u00e1 en el Team Camp del Orbea FOX Factory Team, un primer paso para comenzar a compartir procesos, conocimientos y metodolog\u00eda con la estructura profesional.<\/p>\n","protected":false},"excerpt":{"rendered":"Orbea ampl\u00eda su estructura deportiva con el lanzamiento del Saltoki Orbea Development, un nuevo equipo de formaci\u00f3n que&hellip;\n","protected":false},"author":2,"featured_media":245055,"comment_status":"","ping_status":"","sticky":false,"template":"","format":"standard","meta":{"footnotes":""},"categories":[273],"tags":[313,312,168,25,24,23,167],"class_list":{"0":"post-245054","1":"post","2":"type-post","3":"status-publish","4":"format-standard","5":"has-post-thumbnail","7":"category-ciclismo","8":"tag-ciclismo","9":"tag-cycling","10":"tag-deportes","11":"tag-es","12":"tag-espana","13":"tag-spain","14":"tag-sports"},"share_on_mastodon":{"url":"https:\/\/pubeurope.com\/@es\/115577939773174090","error":""},"_links":{"self":[{"href":"https:\/\/www.europesays.com\/es\/wp-json\/wp\/v2\/posts\/245054","targetHints":{"allow":["GET"]}}],"collection":[{"href":"https:\/\/www.europesays.com\/es\/wp-json\/wp\/v2\/posts"}],"about":[{"href":"https:\/\/www.europesays.com\/es\/wp-json\/wp\/v2\/types\/post"}],"author":[{"embeddable":true,"href":"https:\/\/www.europesays.com\/es\/wp-json\/wp\/v2\/users\/2"}],"replies":[{"embeddable":true,"href":"https:\/\/www.europesays.com\/es\/wp-json\/wp\/v2\/comments?post=245054"}],"version-history":[{"count":0,"href":"https:\/\/www.europesays.com\/es\/wp-json\/wp\/v2\/posts\/245054\/revisions"}],"wp:featuredmedia":[{"embeddable":true,"href":"https:\/\/www.europesays.com\/es\/wp-json\/wp\/v2\/media\/245055"}],"wp:attachment":[{"href":"https:\/\/www.europesays.com\/es\/wp-json\/wp\/v2\/media?parent=245054"}],"wp:term":[{"taxonomy":"category","embeddable":true,"href":"https:\/\/www.europesays.com\/es\/wp-json\/wp\/v2\/categories?post=245054"},{"taxonomy":"post_tag","embeddable":true,"href":"https:\/\/www.europesays.com\/es\/wp-json\/wp\/v2\/tags?post=245054"}],"curies":[{"name":"wp","href":"https:\/\/api.w.org\/{rel}","templated":true}]}}