{"id":245060,"date":"2025-11-19T19:12:12","date_gmt":"2025-11-19T19:12:12","guid":{"rendered":"https:\/\/www.europesays.com\/es\/245060\/"},"modified":"2025-11-19T19:12:12","modified_gmt":"2025-11-19T19:12:12","slug":"irene-rosales-habla-alto-y-claro-sobre-la-pillada-de-kiko-rivera-con-otra-mujer-tras-su-separacion","status":"publish","type":"post","link":"https:\/\/www.europesays.com\/es\/245060\/","title":{"rendered":"Irene Rosales habla alto y claro sobre la &#8216;pillada&#8217; de Kiko Rivera con otra mujer tras su separaci\u00f3n"},"content":{"rendered":"<p data-gtm-element-container=\"modulo-texto-link\" class=\"paragraph\"><strong>Kiko Rivera<\/strong> ha vuelto a generar titulares tras aparecer en la portada de la revista &#8216;Semana&#8217; <strong>acompa\u00f1ado de una mujer<\/strong> cuya identidad despert\u00f3 curiosidad. La fotograf\u00eda lleg\u00f3 apenas dos meses despu\u00e9s de confirmarse su separaci\u00f3n de Irene Rosales, lo que impuls\u00f3 interpretaciones precipitadas sobre un posible romance. Frente a esa situaci\u00f3n, Irene decidi\u00f3 responder p\u00fablicamente para frenar los rumores.<\/p>\n<p>                <img loading=\"lazy\" decoding=\"async\" data-full-src=\"https:\/\/www.mundodeportivo.com\/uploads\/2025\/11\/19\/691d600a0fe50.png\" alt=\"Portada Semana\" width=\"449\" height=\"591\" src=\"https:\/\/www.europesays.com\/es\/wp-content\/uploads\/2025\/11\/691d600a0fe50.png\" class=\"lazy\"\/><\/p>\n<p class=\"caption-title \">Portada Semana<\/p>\n<p>                    Semana<\/p>\n<p data-gtm-element-container=\"modulo-texto-link\" class=\"paragraph\">En el programa &#8216;Vamos a ver&#8217; se emitieron las primeras declaraciones de Irene tras ver la imagen que tanto revuelo caus\u00f3. La excolaboradora quiso dejar su postura totalmente clara desde el inicio afirmando: \u00ab<strong>Es mi amiga<\/strong>\u00ab. Con esa frase trat\u00f3 de desmontar la idea de que existiera una relaci\u00f3n sentimental entre Kiko y la mujer que aparece junto a \u00e9l.<\/p>\n<p data-gtm-element-container=\"modulo-texto-link\" class=\"paragraph\">La mujer fotografiada <strong>se llama Yolanda<\/strong>, y algunos medios se\u00f1alaron que ambos habr\u00edan compartido una larga jornada de compras e incluso que ya hab\u00edan coincidido en otras ocasiones. Sin embargo, Irene insisti\u00f3 de forma categ\u00f3rica en que no existe ninguna implicaci\u00f3n afectiva. Su frase \u00ab<strong>con ella no, con ella segur\u00edsimo y al 100% que no<\/strong>\u00bb fue su respuesta m\u00e1s contundente.<\/p>\n<p>                <img loading=\"lazy\" decoding=\"async\" data-full-src=\"https:\/\/www.mundodeportivo.com\/uploads\/2025\/11\/03\/690911efba450.jpeg\" alt=\"Irene Rosales, en 'Y ahora Sonsoles'\" width=\"449\" height=\"251\" src=\"https:\/\/www.europesays.com\/es\/wp-content\/uploads\/2025\/11\/690911efba450.jpeg\" class=\"lazy\"\/><\/p>\n<p class=\"caption-title \">Irene Rosales, en &#8216;Y ahora Sonsoles&#8217;<\/p>\n<p>                    Captura Antena 3<\/p>\n<p>    Lee tambi\u00e9n<\/p>\n<p data-gtm-element-container=\"modulo-texto-link\" class=\"paragraph\">Seg\u00fan explic\u00f3 Rosales, Yolanda trabaja como su peluquera y ambas han compartido im\u00e1genes juntas en la peluquer\u00eda. Para evitar malentendidos, remarc\u00f3: \u00ab<strong>Es mi amiga y tienen su pareja<\/strong>. Estoy superagradecida porque su chico est\u00e1 apoyando mucho a Kiko y hacen muchos planes juntos. <strong>Son amigos en com\u00fan<\/strong>\u00ab. Con estas palabras, zanj\u00f3 la especulaci\u00f3n medi\u00e1tica que ha generado la portada de la revista &#8216;Semana&#8217;.<\/p>\n","protected":false},"excerpt":{"rendered":"Kiko Rivera ha vuelto a generar titulares tras aparecer en la portada de la revista &#8216;Semana&#8217; acompa\u00f1ado de&hellip;\n","protected":false},"author":2,"featured_media":245061,"comment_status":"","ping_status":"","sticky":false,"template":"","format":"standard","meta":{"footnotes":""},"categories":[174],"tags":[255,146,147,25,24,256,23],"class_list":{"0":"post-245060","1":"post","2":"type-post","3":"status-publish","4":"format-standard","5":"has-post-thumbnail","7":"category-famosos","8":"tag-celebrities","9":"tag-entertainment","10":"tag-entretenimiento","11":"tag-es","12":"tag-espana","13":"tag-famosos","14":"tag-spain"},"share_on_mastodon":{"url":"https:\/\/pubeurope.com\/@es\/115577956103149231","error":""},"_links":{"self":[{"href":"https:\/\/www.europesays.com\/es\/wp-json\/wp\/v2\/posts\/245060","targetHints":{"allow":["GET"]}}],"collection":[{"href":"https:\/\/www.europesays.com\/es\/wp-json\/wp\/v2\/posts"}],"about":[{"href":"https:\/\/www.europesays.com\/es\/wp-json\/wp\/v2\/types\/post"}],"author":[{"embeddable":true,"href":"https:\/\/www.europesays.com\/es\/wp-json\/wp\/v2\/users\/2"}],"replies":[{"embeddable":true,"href":"https:\/\/www.europesays.com\/es\/wp-json\/wp\/v2\/comments?post=245060"}],"version-history":[{"count":0,"href":"https:\/\/www.europesays.com\/es\/wp-json\/wp\/v2\/posts\/245060\/revisions"}],"wp:featuredmedia":[{"embeddable":true,"href":"https:\/\/www.europesays.com\/es\/wp-json\/wp\/v2\/media\/245061"}],"wp:attachment":[{"href":"https:\/\/www.europesays.com\/es\/wp-json\/wp\/v2\/media?parent=245060"}],"wp:term":[{"taxonomy":"category","embeddable":true,"href":"https:\/\/www.europesays.com\/es\/wp-json\/wp\/v2\/categories?post=245060"},{"taxonomy":"post_tag","embeddable":true,"href":"https:\/\/www.europesays.com\/es\/wp-json\/wp\/v2\/tags?post=245060"}],"curies":[{"name":"wp","href":"https:\/\/api.w.org\/{rel}","templated":true}]}}