{"id":245062,"date":"2025-11-19T19:13:10","date_gmt":"2025-11-19T19:13:10","guid":{"rendered":"https:\/\/www.europesays.com\/es\/245062\/"},"modified":"2025-11-19T19:13:10","modified_gmt":"2025-11-19T19:13:10","slug":"cada-premio-es-emocionante-como-el-primero-o-mas","status":"publish","type":"post","link":"https:\/\/www.europesays.com\/es\/245062\/","title":{"rendered":"Cada premio es emocionante como el primero o m\u00e1s"},"content":{"rendered":"<p>La <strong>fotogr\u00e1fa<\/strong>\u00a0<strong>Inma Purri\u00f1os<\/strong>, de<a target=\"_blank\" href=\"https:\/\/www.elprogreso.es\/tags\/vilalba\/\" rel=\"nofollow noopener\"> Vilalba<\/a>, gana el t\u00edtulo de <strong>Fot\u00f3grafo Distinguido Internacional<\/strong>\u00a0en la gala organizada por<strong> Appimagem<\/strong>, la <strong>Asociaci\u00f3n Nacional Portuguesa de Fotograf\u00eda<\/strong>, que se celebr\u00f3 en el <strong>Casino de Espinho<\/strong>, en <strong>Braga<\/strong>.<\/p>\n<p>\u00abEs un <strong>premio<\/strong> que se da a la<strong> trayectoria<\/strong>, cuando vas alcanzando m\u00e9ritos\u00bb, dice una fot\u00f3grafa y jueza\u00a0internacional que el a\u00f1o pasado envi\u00f3\u00a0obra a las\u00a0calificaciones portuguesas por primera vez y\u00a0obtuvo cuatro <strong>m\u00e9ritos<\/strong> y\u00a0tres <strong>colecciones de honor<\/strong>.\u00a0<\/p>\n<p>\u00abCada premio sigue siendo emocionante como\u00a0el primero\u00a0o m\u00e1s. Es una forma de no estancarte, de comprobar que no es una casualidad, sino una trayectoria profesional\u00bb, dice Inma, que asisti\u00f3 a la\u00a0gala en Portugal junto a\u00a0su hermana, la tambi\u00e9n fot\u00f3grafa vilalbesa<strong> Yolanda<\/strong>, con la\u00a0que fue\u00a0pregonera de las \u00faltimas fiestas de <strong>Vilalba<\/strong>.\u00a0<\/p>\n<p>\u00abPara nosotras los reconocimientos y los <strong>premios<\/strong> son compartidos, siempre estamos juntas\u00bb, dice. Y habla de un\u00a0evento \u00abmuy chulo\u00bb y\u00a0una gala donde se reunieron muchos\u00a0fot\u00f3grafos a nivel internacional que tuvieron\u00a0una muy buena acogida.\u00a0<\/p>\n","protected":false},"excerpt":{"rendered":"La fotogr\u00e1fa\u00a0Inma Purri\u00f1os, de Vilalba, gana el t\u00edtulo de Fot\u00f3grafo Distinguido Internacional\u00a0en la gala organizada por Appimagem, la&hellip;\n","protected":false},"author":2,"featured_media":245063,"comment_status":"","ping_status":"","sticky":false,"template":"","format":"standard","meta":{"footnotes":""},"categories":[173],"tags":[30121,229,233,231,230,232,234,146,147,25,24,244,62697,23,17338],"class_list":{"0":"post-245062","1":"post","2":"type-post","3":"status-publish","4":"format-standard","5":"has-post-thumbnail","7":"category-arte-y-diseno","8":"tag-a-chaira","9":"tag-arte","10":"tag-arte-y-diseno","11":"tag-arts","12":"tag-arts-and-design","13":"tag-design","14":"tag-diseno","15":"tag-entertainment","16":"tag-entretenimiento","17":"tag-es","18":"tag-espana","19":"tag-fotografia","20":"tag-purrinos","21":"tag-spain","22":"tag-vilalba"},"share_on_mastodon":{"url":"https:\/\/pubeurope.com\/@es\/115577959475022352","error":""},"_links":{"self":[{"href":"https:\/\/www.europesays.com\/es\/wp-json\/wp\/v2\/posts\/245062","targetHints":{"allow":["GET"]}}],"collection":[{"href":"https:\/\/www.europesays.com\/es\/wp-json\/wp\/v2\/posts"}],"about":[{"href":"https:\/\/www.europesays.com\/es\/wp-json\/wp\/v2\/types\/post"}],"author":[{"embeddable":true,"href":"https:\/\/www.europesays.com\/es\/wp-json\/wp\/v2\/users\/2"}],"replies":[{"embeddable":true,"href":"https:\/\/www.europesays.com\/es\/wp-json\/wp\/v2\/comments?post=245062"}],"version-history":[{"count":0,"href":"https:\/\/www.europesays.com\/es\/wp-json\/wp\/v2\/posts\/245062\/revisions"}],"wp:featuredmedia":[{"embeddable":true,"href":"https:\/\/www.europesays.com\/es\/wp-json\/wp\/v2\/media\/245063"}],"wp:attachment":[{"href":"https:\/\/www.europesays.com\/es\/wp-json\/wp\/v2\/media?parent=245062"}],"wp:term":[{"taxonomy":"category","embeddable":true,"href":"https:\/\/www.europesays.com\/es\/wp-json\/wp\/v2\/categories?post=245062"},{"taxonomy":"post_tag","embeddable":true,"href":"https:\/\/www.europesays.com\/es\/wp-json\/wp\/v2\/tags?post=245062"}],"curies":[{"name":"wp","href":"https:\/\/api.w.org\/{rel}","templated":true}]}}