{"id":245094,"date":"2025-11-19T19:36:11","date_gmt":"2025-11-19T19:36:11","guid":{"rendered":"https:\/\/www.europesays.com\/es\/245094\/"},"modified":"2025-11-19T19:36:11","modified_gmt":"2025-11-19T19:36:11","slug":"se-inaugura-el-aula-de-emprendimiento-de-la-escuela-de-arte","status":"publish","type":"post","link":"https:\/\/www.europesays.com\/es\/245094\/","title":{"rendered":"Se inaugura el Aula de Emprendimiento de la Escuela de Arte"},"content":{"rendered":"<p>La concejala de Empleo y Promoci\u00f3n Econ\u00f3mica ha inaugurado la nueva Aula Profesional de Emprendimiento en un acto con la presidenta de las Asociaci\u00f3n de Mujeres Empresarias Amepap, Vanesa Serrano, y dos exalumnas del centro que hoy son empresarias: la fot\u00f3grafa Clara Lozano y la dise\u00f1adora de interiores Nuria Mart\u00ednez, de Hiloga Home.<\/p>\n<p>La concejala ha puesto en valor esta iniciativa, \u00abcuya puesta en marcha coincide adem\u00e1s con el D\u00eda Internacional de la Mujer Emprendedora, y hay que agradecer especialmente la presencia de la presidenta de las Asociaci\u00f3n de Mujeres Empresarias Amepap, Vanesa Serrano, como una figura de referencia y un est\u00edmulo para los alumnos y alumnas.<\/p>\n<p>El objetivo es configurar un entorno innovador para promover la creatividad y la autonom\u00eda, para transformar ideas en proyectos de negocio reales, complementando as\u00ed las pr\u00e1cticas en empresas con una conexi\u00f3n m\u00e1s directa con el tejido empresarial<\/p>\n<p>Rodr\u00edguez de Vera ha felicitado a la coordinadora de la nueva Aula, Pilar Garc\u00eda Simarro, y ha asegurado que \u00abes importante que la Escuela de Arte se implique en la innovaci\u00f3n educativa y ofrezca a su alumnado propuestas que fomenten ese esp\u00edritu empresarial que tanto beneficia a la sociedad\u00bb. Tambi\u00e9n ha agradecido el testimonio de dos exalumnas del centro que hoy son empresarias: la fot\u00f3grafa Clara Lozano y la dise\u00f1adora de interiores Nuria Mart\u00ednez, de Hiloga Home.<\/p>\n<p>La edil ha concluido destacando que esta Aula \u00ababrir\u00e1 mejores salidas profesionales a los chavales y chavales que aqu\u00ed se forman\u00bb, y ha recordado que el Ayuntamiento mantiene una eficaz colaboraci\u00f3n con la Escuela de Arte, especialmente a trav\u00e9s del Centro Joven, la Universidad Popular y la vecina Casa de la Cultura Jos\u00e9 Saramago.<\/p>\n","protected":false},"excerpt":{"rendered":"La concejala de Empleo y Promoci\u00f3n Econ\u00f3mica ha inaugurado la nueva Aula Profesional de Emprendimiento en un acto&hellip;\n","protected":false},"author":2,"featured_media":245095,"comment_status":"","ping_status":"","sticky":false,"template":"","format":"standard","meta":{"footnotes":""},"categories":[173],"tags":[229,233,231,230,17008,62706,232,234,5509,146,147,25,24,1816,23,24495],"class_list":{"0":"post-245094","1":"post","2":"type-post","3":"status-publish","4":"format-standard","5":"has-post-thumbnail","7":"category-arte-y-diseno","8":"tag-arte","9":"tag-arte-y-diseno","10":"tag-arts","11":"tag-arts-and-design","12":"tag-caja-rural-aula-valladolid","13":"tag-casa-de-cultura-jose-saramago","14":"tag-design","15":"tag-diseno","16":"tag-empleo","17":"tag-entertainment","18":"tag-entretenimiento","19":"tag-es","20":"tag-espana","21":"tag-innovacion","22":"tag-spain","23":"tag-universidad-popular"},"share_on_mastodon":{"url":"https:\/\/pubeurope.com\/@es\/115578049829515715","error":""},"_links":{"self":[{"href":"https:\/\/www.europesays.com\/es\/wp-json\/wp\/v2\/posts\/245094","targetHints":{"allow":["GET"]}}],"collection":[{"href":"https:\/\/www.europesays.com\/es\/wp-json\/wp\/v2\/posts"}],"about":[{"href":"https:\/\/www.europesays.com\/es\/wp-json\/wp\/v2\/types\/post"}],"author":[{"embeddable":true,"href":"https:\/\/www.europesays.com\/es\/wp-json\/wp\/v2\/users\/2"}],"replies":[{"embeddable":true,"href":"https:\/\/www.europesays.com\/es\/wp-json\/wp\/v2\/comments?post=245094"}],"version-history":[{"count":0,"href":"https:\/\/www.europesays.com\/es\/wp-json\/wp\/v2\/posts\/245094\/revisions"}],"wp:featuredmedia":[{"embeddable":true,"href":"https:\/\/www.europesays.com\/es\/wp-json\/wp\/v2\/media\/245095"}],"wp:attachment":[{"href":"https:\/\/www.europesays.com\/es\/wp-json\/wp\/v2\/media?parent=245094"}],"wp:term":[{"taxonomy":"category","embeddable":true,"href":"https:\/\/www.europesays.com\/es\/wp-json\/wp\/v2\/categories?post=245094"},{"taxonomy":"post_tag","embeddable":true,"href":"https:\/\/www.europesays.com\/es\/wp-json\/wp\/v2\/tags?post=245094"}],"curies":[{"name":"wp","href":"https:\/\/api.w.org\/{rel}","templated":true}]}}