{"id":245105,"date":"2025-11-19T19:43:10","date_gmt":"2025-11-19T19:43:10","guid":{"rendered":"https:\/\/www.europesays.com\/es\/245105\/"},"modified":"2025-11-19T19:43:10","modified_gmt":"2025-11-19T19:43:10","slug":"broncano-y-gonzalo-miro-tiran-de-ironia-para-felicitar-a-marilo-montero-por-ganar-masterchef-celebrity-en-la-television-del-regimen-la-voz-de-galicia","status":"publish","type":"post","link":"https:\/\/www.europesays.com\/es\/245105\/","title":{"rendered":"Broncano y Gonzalo Mir\u00f3 tiran de iron\u00eda para felicitar a Maril\u00f3 Montero por ganar \u00abMasterChef Celebrity\u00bb: \u00abEn la televisi\u00f3n del r\u00e9gimen\u00bb &#8211; La Voz de Galicia"},"content":{"rendered":"<ol>\n<li><a href=\"https:\/\/news.google.com\/rss\/articles\/CBMimgJBVV95cUxPS3B4ZFhIM0FmMXlGdFNQTzNSQ3FMeHZKeGZQQlVkVHM4NlR4bm92M3lldm93aTVFQUVveXZoUWpQVV9sSWJrb1BKQW1hWFRDS0p2a0VmM0RmZUZWMndGWFdmVGxpRDduX1dHR1dwZmxpbTNrMWNSa21rYUhwSUtIUHNhSDRBMjU2YTAta1NPdEZKc0V3cjlLU25ZMk5hM1FxT2NuWGVBR2ZKSEFabW91aG84UEJhdks2OXowckxiN2doWVFhczUzcE1fSi0ydmp0X1YzR1VGcDZsQkJJdGJYeUdVTlB5RkVHVm1uc0xzOV9RTHF1MWtlQW0tNUFDSUYzMW5acy1hNmxncGFTTVZCVlVxVVV6cldDTkHSAbYCQVVfeXFMUDlSR1BwTVFpSVk3VUJmLUFMbkpqcmhmckF6NkNCd1M2Y3RtU2ttdGV3aWRlSy1rOThTUy0taXE3MUlFTmZaZm5NTlBxM2J4OExraXFIcF9zMVdSQ0FEd1hZbkpVc1lSRmVHMjhxVFdVby1PV1QybmRMRVlwMFNHRWI5dGZjV0JvZTNyQjNHSmYyT1QxdHMzS1ZKR1hsVVV5c1VPUTlDTXJnTlp2ck5lZW04V3RGZUV6RzFEeVdTeklMWldlUWlFcUpLWU5sMGx0OHRXVElEQ1A0akFPTzJCU1NTbnpfVnNYWHB6Z1dxMFFYTnZRMEpXTUxvNVdYcDEtZDc4eFNHLVBsZmIzZ0pxN295Vm9kNTVOZF8zTmdKTk9iTmJtUHNNUEo0a0lNWU1nalhNYVAwZw?oc=5\" target=\"_blank\" rel=\"nofollow noopener\">Broncano y Gonzalo Mir\u00f3 tiran de iron\u00eda para felicitar a Maril\u00f3 Montero por ganar \u00abMasterChef Celebrity\u00bb: \u00abEn la televisi\u00f3n del r\u00e9gimen\u00bb<\/a>&nbsp;&nbsp;La Voz de Galicia<\/li>\n<li><a href=\"https:\/\/news.google.com\/rss\/articles\/CBMipgJBVV95cUxNOUlLRmZhSDkyMjY2ZENBUDY1aDRHckVHcXMxWV95dG80bWF5MWlibHpuWjBSYWhrT2ZvTlNiRjA1Ukh6RTFRZmhvY0w5VTlTbXNHX0lGZTEtQ2FBaGxsb2xEekdUQXJkVHE3akVJWVlLSDBDLWFxY2RGQ0ZBQU9fdHQ3T2ViY2VHMVp0LUxRT3pVOC1Hc0o3akdKWHJxbkdBV1FNdW05QldTd0FlOWRvUnFOT0kyb0llWUtMbVZ0aXZwd2xzYnhCczlQRU0xbm9reEhFblNaMHBZQnY5MWx4ME9hRDlkaXBQUGRHN180S3FGekhzQUR2Y2hvM3R6MzR1dTdFYzNSWW82QnJieEZDbDE1OHJkeTNKcC00SFBKQzREb2dSX2c?oc=5\" target=\"_blank\" rel=\"nofollow noopener\">Maril\u00f3 Montero se escuda en la chaquetilla de \u2018MasterChef\u2019 para evitar hablar de sus ataques pol\u00edticos a TVE: \u201cCuando pase la ola me pregunt\u00e1is de actualidad\u201d<\/a>&nbsp;&nbsp;EL PA\u00cdS<\/li>\n<li><a href=\"https:\/\/news.google.com\/rss\/articles\/CBMi2wFBVV95cUxQcVZkOWN1Rmo1cTZmNXF4REMtUEhja2JNTE9fMXhWU0Q2bE5PY2RGU0ZSai10clMzT0ZXUF9qbnRIVmU0NkV4VzBpRUVneGtEakZIWC1lY0hVaXMyYXR0MFpWa1JYRHZ3UmtycXhXaGNSZVhNNzNaWFJsV1VRSEs0dmRNaERLeHhtTFJMdXg0NTVVdE0wbmxiVEc3V1VMeG9KMmc0M2UxSGNGZXdybFRJWlFIcm00ZFpFWkVjLXhPMUxtNWhzYTRteU0wbURSUGR1WDlsMFA2RTZGTknSAeABQVVfeXFMTk9MQmx2eDNCTGxwM0ZURU1Xd2s5S09CZ1hMY09sSjQzTGJqUllIVFd0MlA2N282YWVQckViSGxWVlMxUHhJWG9sLXdYZ2FuQ1dFNmNtZi0wLUR2MFA5b1FfSzFKaTNSVi04VkVENV9kTkZYcHhtb3ZBejlIYUxmN0NXajJyZjhucE10V2NaWDItZnNhRmQzejc0dWRka01TZWY1V2F3RzNpaGxsb3NRbE83YXNwaE56SDNGcVpvQ2JsTkgxUzhrT2lsb0NwekkxRVM2SU9uM0xQWmVXOUdtMzg?oc=5\" target=\"_blank\" rel=\"nofollow noopener\">Gonzalo Mir\u00f3 pone a Maril\u00f3 Montero frente a su contradicci\u00f3n tras vencer en &#8216;Masterchef&#8217;: \u00abUna sorpresa que hayas ganado en la TV del r\u00e9gimen\u00bb<\/a>&nbsp;&nbsp;Diario P\u00fablico<\/li>\n<li><a href=\"https:\/\/news.google.com\/rss\/articles\/CBMiiwFBVV95cUxQT24yZW9rbE91b0x3b1RfMzExS1NOTmRqazBqemtWaXAyekFDMDJpWFo3UDIwdVJPbnVrNDNQYThxa09NOG81Z0RFbFg4ajg5eC01X0ZmWHBib3JBWGgzNlZzNHVydGJvMUNpRG1hNFZ6aWFFaEVYNjNudldnb0ZpRjVyaGlTMDlzREpR?oc=5\" target=\"_blank\" rel=\"nofollow noopener\">Gonzalo Mir\u00f3 y David Broncano se lanzan a por Maril\u00f3 Montero tras ganar MasterChef \u00aben la televisi\u00f3n del r\u00e9gimen\u00bb<\/a>&nbsp;&nbsp;El Mundo<\/li>\n<li><a href=\"https:\/\/news.google.com\/rss\/articles\/CBMi-gFBVV95cUxPaHE5MWVVME9RMjN0dFRUMWRUX19RRGp2THR4WXpHWDdrVGJPUFFlVldLMjNzbmlTT3VGSWFfMjdVZVUtdlB2LVFESGc1d3dCT1FQd2VDQTBtUFVwWDRfMzQ2LVhKSGZLSnU1TzZjS2NkbGxrdUFUWWxKOFh0ZjN5aDVPZUxma09RRzZ6bW5NNzVWaVpvSzB3V2h0N2tJZ0pJLTZ6Z2lRdXN0dTBrR29TeWtiU00wb3B5TUxQR0Mxc0FhUGZ3eG9rNlVfbm5ndVB5YTdoWjFoOGs2X0dISURXbHdDVzVGcWpaaTRhdWNJbmpEaWhvc3l5S29R?oc=5\" target=\"_blank\" rel=\"nofollow noopener\">Alberto Herrera lanza una queja a Televisi\u00f3n Espa\u00f1ola tras la victoria de Maril\u00f3 Montero en \u2018MasterChef Celebrity\u2019<\/a>&nbsp;&nbsp;Lecturas<\/li>\n<\/ol>\n","protected":false},"excerpt":{"rendered":"Broncano y Gonzalo Mir\u00f3 tiran de iron\u00eda para felicitar a Maril\u00f3 Montero por ganar \u00abMasterChef Celebrity\u00bb: \u00abEn la&hellip;\n","protected":false},"author":2,"featured_media":245106,"comment_status":"","ping_status":"","sticky":false,"template":"","format":"standard","meta":{"footnotes":""},"categories":[91],"tags":[9029,146,147,25,24,6870,7974,15297,518,23],"class_list":{"0":"post-245105","1":"post","2":"type-post","3":"status-publish","4":"format-standard","5":"has-post-thumbnail","7":"category-entretenimiento","8":"tag-david-broncano","9":"tag-entertainment","10":"tag-entretenimiento","11":"tag-es","12":"tag-espana","13":"tag-la-1","14":"tag-marilo-montero","15":"tag-masterchef","16":"tag-rtve","17":"tag-spain"},"share_on_mastodon":{"url":"https:\/\/pubeurope.com\/@es\/115578077801239534","error":""},"_links":{"self":[{"href":"https:\/\/www.europesays.com\/es\/wp-json\/wp\/v2\/posts\/245105","targetHints":{"allow":["GET"]}}],"collection":[{"href":"https:\/\/www.europesays.com\/es\/wp-json\/wp\/v2\/posts"}],"about":[{"href":"https:\/\/www.europesays.com\/es\/wp-json\/wp\/v2\/types\/post"}],"author":[{"embeddable":true,"href":"https:\/\/www.europesays.com\/es\/wp-json\/wp\/v2\/users\/2"}],"replies":[{"embeddable":true,"href":"https:\/\/www.europesays.com\/es\/wp-json\/wp\/v2\/comments?post=245105"}],"version-history":[{"count":0,"href":"https:\/\/www.europesays.com\/es\/wp-json\/wp\/v2\/posts\/245105\/revisions"}],"wp:featuredmedia":[{"embeddable":true,"href":"https:\/\/www.europesays.com\/es\/wp-json\/wp\/v2\/media\/245106"}],"wp:attachment":[{"href":"https:\/\/www.europesays.com\/es\/wp-json\/wp\/v2\/media?parent=245105"}],"wp:term":[{"taxonomy":"category","embeddable":true,"href":"https:\/\/www.europesays.com\/es\/wp-json\/wp\/v2\/categories?post=245105"},{"taxonomy":"post_tag","embeddable":true,"href":"https:\/\/www.europesays.com\/es\/wp-json\/wp\/v2\/tags?post=245105"}],"curies":[{"name":"wp","href":"https:\/\/api.w.org\/{rel}","templated":true}]}}