{"id":245119,"date":"2025-11-19T19:54:11","date_gmt":"2025-11-19T19:54:11","guid":{"rendered":"https:\/\/www.europesays.com\/es\/245119\/"},"modified":"2025-11-19T19:54:11","modified_gmt":"2025-11-19T19:54:11","slug":"acercarse-al-nivel-pogacar-sin-esquivar-el-duelo","status":"publish","type":"post","link":"https:\/\/www.europesays.com\/es\/245119\/","title":{"rendered":"acercarse al \u201cnivel Pogacar\u201d sin esquivar el duelo"},"content":{"rendered":"<p data-mrf-recirculation=\"Links P\u00e1rrafos\" class=\"ue-c-article__paragraph paragraph ue-c-article--first-letter-highlighted\">Remco <strong>Evenepoel<\/strong> apunta alto para 2026. El belga, nuevo estandarte del <strong>Red Bull-BORA-Hansgrohe, <\/strong>quiere acercarse por fin al nivel casi inalcanzable que <strong>Tadej Pogacar <\/strong>exhibi\u00f3 durante toda la pasada temporada. Sabe que la diferencia ha sido enorme, pero tambi\u00e9n que, despu\u00e9s de dos a\u00f1os marcados por ca\u00eddas, lesiones y preparaciones incompletas, puede volver a su mejor versi\u00f3n.<\/p>\n<p>En una conversaci\u00f3n con <strong>Het Laatste Nieuws, Evenepoel <\/strong>explic\u00f3 que su plan pasa por un invierno sin sobresaltos y un trabajo muy concreto: <strong>\u201cNecesito volver a entrenar en intensidades m\u00e1ximas. Hace tiempo que no puedo hacerlo de manera continuada y eso me ha frenado. Si encadeno meses limpios, s\u00e9 que puedo dar dos o tres pasos adelante respecto a 2025\u201d<\/strong>. Y dej\u00f3 claro que no reh\u00faye el reto: \u201cLas derrotas solo me empujan m\u00e1s. No soy de buscar caminos f\u00e1ciles y no voy a esquivar a Pogacar en 2026\u201d.<\/p>\n<p>El belga tambi\u00e9n desgran\u00f3, desde su experiencia directa, qu\u00e9 hace tan especial al campe\u00f3n del mundo. \u201cEn el Europeo y en Lombard\u00eda me pegaba a su rueda cuando arrancaba.<strong> \u00c9l mete un cambio brutal, sostiene cinco minutos de pura brutalidad\u2026 y cuando afloja sigue moviendo n\u00fameros por encima de su FTP. Ese es el salto que marca la diferencia\u201d,<\/strong> admiti\u00f3, consciente de que igualar ese nivel es la gran obsesi\u00f3n de su pr\u00f3ximo curso.<\/p>\n","protected":false},"excerpt":{"rendered":"Remco Evenepoel apunta alto para 2026. El belga, nuevo estandarte del Red Bull-BORA-Hansgrohe, quiere acercarse por fin al&hellip;\n","protected":false},"author":2,"featured_media":245120,"comment_status":"","ping_status":"","sticky":false,"template":"","format":"standard","meta":{"footnotes":""},"categories":[273],"tags":[313,312,168,25,24,23,167],"class_list":{"0":"post-245119","1":"post","2":"type-post","3":"status-publish","4":"format-standard","5":"has-post-thumbnail","7":"category-ciclismo","8":"tag-ciclismo","9":"tag-cycling","10":"tag-deportes","11":"tag-es","12":"tag-espana","13":"tag-spain","14":"tag-sports"},"share_on_mastodon":{"url":"https:\/\/pubeurope.com\/@es\/115578120648568671","error":""},"_links":{"self":[{"href":"https:\/\/www.europesays.com\/es\/wp-json\/wp\/v2\/posts\/245119","targetHints":{"allow":["GET"]}}],"collection":[{"href":"https:\/\/www.europesays.com\/es\/wp-json\/wp\/v2\/posts"}],"about":[{"href":"https:\/\/www.europesays.com\/es\/wp-json\/wp\/v2\/types\/post"}],"author":[{"embeddable":true,"href":"https:\/\/www.europesays.com\/es\/wp-json\/wp\/v2\/users\/2"}],"replies":[{"embeddable":true,"href":"https:\/\/www.europesays.com\/es\/wp-json\/wp\/v2\/comments?post=245119"}],"version-history":[{"count":0,"href":"https:\/\/www.europesays.com\/es\/wp-json\/wp\/v2\/posts\/245119\/revisions"}],"wp:featuredmedia":[{"embeddable":true,"href":"https:\/\/www.europesays.com\/es\/wp-json\/wp\/v2\/media\/245120"}],"wp:attachment":[{"href":"https:\/\/www.europesays.com\/es\/wp-json\/wp\/v2\/media?parent=245119"}],"wp:term":[{"taxonomy":"category","embeddable":true,"href":"https:\/\/www.europesays.com\/es\/wp-json\/wp\/v2\/categories?post=245119"},{"taxonomy":"post_tag","embeddable":true,"href":"https:\/\/www.europesays.com\/es\/wp-json\/wp\/v2\/tags?post=245119"}],"curies":[{"name":"wp","href":"https:\/\/api.w.org\/{rel}","templated":true}]}}