{"id":245123,"date":"2025-11-19T19:57:09","date_gmt":"2025-11-19T19:57:09","guid":{"rendered":"https:\/\/www.europesays.com\/es\/245123\/"},"modified":"2025-11-19T19:57:09","modified_gmt":"2025-11-19T19:57:09","slug":"a-james-rodriguez-le-surge-la-interesante-opcion-de-fichar-por-la-real-sociedad-en-enero","status":"publish","type":"post","link":"https:\/\/www.europesays.com\/es\/245123\/","title":{"rendered":"A James Rodr\u00edguez le surge la interesante opci\u00f3n de fichar por la Real Sociedad en enero"},"content":{"rendered":"<p>Pese al decepcionante paso de <b>James Rodr\u00edguez<\/b> por el <a title=\"Rayo Vallecano\" href=\"https:\/\/www.larazon.es\/deportes\/laotraliga\/provocador-comentario-vinicius-aficionados-rayo-presentes-vallecas_202511106911f9845442607f2ff6f423.html\" target=\"_blank\" rel=\"nofollow noopener\">Rayo Vallecano<\/a>, el centrocampista de <b>34 a\u00f1os<\/b> sigue teniendo un buen cartel en LaLiga EA Sports, donde anteriormente jug\u00f3 en el <a title=\"Real Madrid\" href=\"https:\/\/www.larazon.es\/deportes\/laotraliga\/propuesta-presidente-castellon-que-gustara-real-madrid-poder-vetar-arbitro_20251117691b2fdb360d0840bce562fb.html\" target=\"_blank\" rel=\"nofollow noopener\">Real Madrid<\/a>. Es por ello por lo que la <b>Real Sociedad<\/b> ve con buenos ojos ofrecer acomodo a coste cero al colombiano en enero aprovechando que el pr\u00f3ximo 31 de diciembre termina contrato con <b>Club Le\u00f3n<\/b>.<\/p>\n<p>As\u00ed lo asegura Mundo Deportivo, que se\u00f1ala que James Rodr\u00edguez busca equipo para llegar en la mejor forma posible al Mundial. Adem\u00e1s de con la Real Sociedad, el centrocampista ha sido relacionado con el <b>Valencia<\/b>, aunque el conjunto che tendr\u00eda mucho m\u00e1s complicado hacerse cargo de su elevado salario.<\/p>\n<p>La trayectoria de James Rodr\u00edguez<\/p>\n<p>James Rodr\u00edguez, que aterriz\u00f3 en Europa de la mano del <b>Oporto<\/b>, jug\u00f3 un a\u00f1o en el <b>M\u00f3naco <\/b>antes de que el <b>Real Madrid<\/b>, tras su gran Mundial, se hiciera con sus servicios en 2014. Fue su primera experiencia en LaLiga EA Sports. Tras salir dos temporadas, en calidad de cedido al <a title=\"Bayern de M\u00fanich\" href=\"https:\/\/www.larazon.es\/deportes\/laotraliga\/sera-entrenador-bayern-munich-2029_2025102168f78065f7eba841481dfa80.html\" target=\"_blank\" rel=\"nofollow noopener\">Bayern de M\u00fanich<\/a>, James Rodr\u00edguez prob\u00f3 fortuna en Inglaterra de la mano del <b>Everton<\/b>, y tambi\u00e9n en Catar, Grecia y Brasil antes de regresar a Espa\u00f1a de la mano del <b>Rayo Vallecano<\/b>. Tras no ganarse la confianza de <a title=\"I\u00f1igo P\u00e9rez\" href=\"https:\/\/www.larazon.es\/deportes\/laotraliga\/respuesta-inigo-perez-ser-preguntado-futuro-como-entrenador-rayo-vallecano_2025102668fe8efc4e775547a9038549.html\" target=\"_blank\" rel=\"nofollow noopener\">I\u00f1igo P\u00e9rez<\/a>, el conjunto franjirrojo rescindi\u00f3 su contrato meses despu\u00e9s, lo que le permiti\u00f3 fichar por Cruz Le\u00f3n.<\/p>\n<p>Con el equipo mexicano, con el que tampoco ha rendido como se esperaba, ha jugado hasta la fecha un total de 30 partidos, en los que ha anotado 5 goles y ha repartido 8 asistencias.<\/p>\n","protected":false},"excerpt":{"rendered":"Pese al decepcionante paso de James Rodr\u00edguez por el Rayo Vallecano, el centrocampista de 34 a\u00f1os sigue teniendo&hellip;\n","protected":false},"author":2,"featured_media":245124,"comment_status":"","ping_status":"","sticky":false,"template":"","format":"standard","meta":{"footnotes":""},"categories":[268],"tags":[168,25,24,280,282,281,23,167],"class_list":{"0":"post-245123","1":"post","2":"type-post","3":"status-publish","4":"format-standard","5":"has-post-thumbnail","7":"category-futbol","8":"tag-deportes","9":"tag-es","10":"tag-espana","11":"tag-football","12":"tag-futbol","13":"tag-soccer","14":"tag-spain","15":"tag-sports"},"share_on_mastodon":{"url":"https:\/\/pubeurope.com\/@es\/115578132590482327","error":""},"_links":{"self":[{"href":"https:\/\/www.europesays.com\/es\/wp-json\/wp\/v2\/posts\/245123","targetHints":{"allow":["GET"]}}],"collection":[{"href":"https:\/\/www.europesays.com\/es\/wp-json\/wp\/v2\/posts"}],"about":[{"href":"https:\/\/www.europesays.com\/es\/wp-json\/wp\/v2\/types\/post"}],"author":[{"embeddable":true,"href":"https:\/\/www.europesays.com\/es\/wp-json\/wp\/v2\/users\/2"}],"replies":[{"embeddable":true,"href":"https:\/\/www.europesays.com\/es\/wp-json\/wp\/v2\/comments?post=245123"}],"version-history":[{"count":0,"href":"https:\/\/www.europesays.com\/es\/wp-json\/wp\/v2\/posts\/245123\/revisions"}],"wp:featuredmedia":[{"embeddable":true,"href":"https:\/\/www.europesays.com\/es\/wp-json\/wp\/v2\/media\/245124"}],"wp:attachment":[{"href":"https:\/\/www.europesays.com\/es\/wp-json\/wp\/v2\/media?parent=245123"}],"wp:term":[{"taxonomy":"category","embeddable":true,"href":"https:\/\/www.europesays.com\/es\/wp-json\/wp\/v2\/categories?post=245123"},{"taxonomy":"post_tag","embeddable":true,"href":"https:\/\/www.europesays.com\/es\/wp-json\/wp\/v2\/tags?post=245123"}],"curies":[{"name":"wp","href":"https:\/\/api.w.org\/{rel}","templated":true}]}}