{"id":245125,"date":"2025-11-19T19:58:09","date_gmt":"2025-11-19T19:58:09","guid":{"rendered":"https:\/\/www.europesays.com\/es\/245125\/"},"modified":"2025-11-19T19:58:09","modified_gmt":"2025-11-19T19:58:09","slug":"las-madres-con-hijos-enfermos-hacemos-malabarismos-sacamos-fuerzas-de-donde-no-las-hay","status":"publish","type":"post","link":"https:\/\/www.europesays.com\/es\/245125\/","title":{"rendered":"Las madres con hijos enfermos hacemos malabarismos, sacamos fuerzas de donde no las hay"},"content":{"rendered":"<p>Su vuelta se produce con una secci\u00f3n, \u201cTe doy la palabra\u201d, que forma parte del programa \u201cDirecto al grano\u201d, de TVE, y cuyo t\u00edtulo es el mismo del espacio que comando en <a title=\"Onda Cero\" href=\"https:\/\/www.larazon.es\/television\/programas\/isabel-gemio-vuelve-1-como-colaboradora-directo-grano_2025111169132bf685bb3560c1893598.html\" target=\"_blank\" rel=\"nofollow noopener\">Onda Cero<\/a> entre los a\u00f1os 2004 y 2017.<\/p>\n<p>La periodista cuenta que \u201ces una secci\u00f3n con vocaci\u00f3n de servicio ciudadano en la que, a partir de la llamada de los telespectadores, se abordan conflictos, denuncias y casos sociales que requieren atenci\u00f3n y visibilidad. Hago algo que no he hecho nunca, que es trabajar como colaboradora, y siento mucha ilusi\u00f3n por tener esta secci\u00f3n. La idea es analizar y seleccionar los casos m\u00e1s destacados, para acompa\u00f1ar y dar seguimiento a cada uno de ellos contribuyendo a su resoluci\u00f3n. Damos voz a los telespectadores para que nos cuenten sus historias\u2026\u201d<\/p>\n<p><b>&#8211; Tambi\u00e9n se ha involucrado en la campa\u00f1a para salvar de la ruina un castillo de su lugar de nacimiento.<\/b><\/p>\n<p>&#8211; Si, es un proyecto que me ilusiona mucho, convertir el castillo en un centro de actividades sociales y culturales. Hemos creado la Asociaci\u00f3n de Amigos del Castillo de la Luna, de mi pueblo, Alburquerque, en Badajoz, Se trata de una nueva entidad ciudadana que nace con el objetivo de proyectar cultural y tur\u00edsticamente el principal monumento del municipio. La asociaci\u00f3n surge del impulso de un grupo de alburquerque\u00f1os comprometidos con la cultura, el patrimonio, el deporte y la dinamizaci\u00f3n local, algunos de ellos promotores de iniciativas de relevancia nacional. Su prop\u00f3sito es convertir el Castillo de Alburquerque en una marca cultural de referencia que proyecte a la localidad y a Extremadura como escenarios de acontecimientos de primer nivel.<\/p>\n<p><b>&#8211; Lleva a\u00f1os dedic\u00e1ndose por entero al cuidado de su hijo Gustavo, que sufre una distrofia. muscular. \u00bfConsigue conciliar sin problemas su vida personal con la profesional?<\/b><\/p>\n<p>&#8211; Para todas las madres en mi situaci\u00f3n la conciliaci\u00f3n es muy dif\u00edcil, y si tienes un <a title=\"hijo \" href=\"https:\/\/www.larazon.es\/gente\/famosos\/isabel-gemio-confiesa-infierno-hospital-hijo-este-verano_2025090268b746f1936d5d7315b0b12d.html\" target=\"_blank\" rel=\"nofollow noopener\">hijo <\/a>enfermo es doblemente complicado, porque vamos arrastrando mucho cansancio al no poder conciliar todo bien.<\/p>\n<p><b>&#8211; Usted, por lo menos, cuenta con ayuda, pero otras muchas madres no.<\/b><\/p>\n<p>&#8211; Eso es verdad, afortunadamente cuento con ayuda en casa, y en este sentido soy una privilegiada. Adem\u00e1s, he pasado muchos a\u00f1os sin trabajar y ten\u00eda m\u00e1s tiempo libre para mis hijos, la calidad de vida era excelente.<\/p>\n<p><b>&#8211; Y ahora tiene que dividirse de nuevo.<\/b><\/p>\n<p>&#8211; Entre el programa de lunes a jueves por las noches y la vuelta a la televisi\u00f3n no me queda m\u00e1s remedio que dividirme. Y compaginar\u00e9 ambas cosas lo mejor que puedo. Es evidente que la vida se me complica, pero no queda m\u00e1s que afrontar la nueva situaci\u00f3n con entereza y fortaleza. Lo importante es que mi hijo mayor est\u00e1 bien atendido La verdad es que las madres con hijos enfermos hacemos malabarismos y sacamos las fuerzas de donde no las hay, sobre todo aquellas madres que no cuentan con ayuda. En este caso falta conseguir much\u00edsimos m\u00e1s apoyos.<\/p>\n<p>Isabel es la creadora de la FUNDACI\u00d3N ISABEL GEMIO para la Investigaci\u00f3n de Distrofias Musculares y otras Enfermedades Raras, que naci\u00f3 en 2008 con el objetivo, seg\u00fan nos indica la periodista, \u201c de contribuir a acelerar la investigaci\u00f3n en las Distrofias Musculares, otras enfermedades Neuromusculares y las denominadas como Raras, en aquellos aspectos biol\u00f3gicos, fisiopatol\u00f3gicos, gen\u00e9ticos o terap\u00e9uticos que puedan incidir en el desarrollo y aplicaci\u00f3n de tratamientos curativos a afectados, adem\u00e1s de fomentar el intercambio de informaci\u00f3n entre expertos, pacientes y sus familias, y promover el desarrollo de farmacolog\u00eda\u201d La labor de la comunicadora es digna de admiraci\u00f3n.<\/p>\n","protected":false},"excerpt":{"rendered":"Su vuelta se produce con una secci\u00f3n, \u201cTe doy la palabra\u201d, que forma parte del programa \u201cDirecto al&hellip;\n","protected":false},"author":2,"featured_media":245126,"comment_status":"","ping_status":"","sticky":false,"template":"","format":"standard","meta":{"footnotes":""},"categories":[174],"tags":[255,146,147,25,24,256,23],"class_list":{"0":"post-245125","1":"post","2":"type-post","3":"status-publish","4":"format-standard","5":"has-post-thumbnail","7":"category-famosos","8":"tag-celebrities","9":"tag-entertainment","10":"tag-entretenimiento","11":"tag-es","12":"tag-espana","13":"tag-famosos","14":"tag-spain"},"share_on_mastodon":{"url":"https:\/\/pubeurope.com\/@es\/115578137124461289","error":""},"_links":{"self":[{"href":"https:\/\/www.europesays.com\/es\/wp-json\/wp\/v2\/posts\/245125","targetHints":{"allow":["GET"]}}],"collection":[{"href":"https:\/\/www.europesays.com\/es\/wp-json\/wp\/v2\/posts"}],"about":[{"href":"https:\/\/www.europesays.com\/es\/wp-json\/wp\/v2\/types\/post"}],"author":[{"embeddable":true,"href":"https:\/\/www.europesays.com\/es\/wp-json\/wp\/v2\/users\/2"}],"replies":[{"embeddable":true,"href":"https:\/\/www.europesays.com\/es\/wp-json\/wp\/v2\/comments?post=245125"}],"version-history":[{"count":0,"href":"https:\/\/www.europesays.com\/es\/wp-json\/wp\/v2\/posts\/245125\/revisions"}],"wp:featuredmedia":[{"embeddable":true,"href":"https:\/\/www.europesays.com\/es\/wp-json\/wp\/v2\/media\/245126"}],"wp:attachment":[{"href":"https:\/\/www.europesays.com\/es\/wp-json\/wp\/v2\/media?parent=245125"}],"wp:term":[{"taxonomy":"category","embeddable":true,"href":"https:\/\/www.europesays.com\/es\/wp-json\/wp\/v2\/categories?post=245125"},{"taxonomy":"post_tag","embeddable":true,"href":"https:\/\/www.europesays.com\/es\/wp-json\/wp\/v2\/tags?post=245125"}],"curies":[{"name":"wp","href":"https:\/\/api.w.org\/{rel}","templated":true}]}}