{"id":245150,"date":"2025-11-19T20:16:09","date_gmt":"2025-11-19T20:16:09","guid":{"rendered":"https:\/\/www.europesays.com\/es\/245150\/"},"modified":"2025-11-19T20:16:09","modified_gmt":"2025-11-19T20:16:09","slug":"feliciano-lopez-abre-la-puerta-a-otro-cambio-de-formato-en-la-copa-davis","status":"publish","type":"post","link":"https:\/\/www.europesays.com\/es\/245150\/","title":{"rendered":"Feliciano L\u00f3pez abre la puerta a otro cambio de formato en la Copa Davis"},"content":{"rendered":"<p data-gtm-element-container=\"modulo-texto-link\" class=\"paragraph\"><strong>Feliciano L\u00f3pez, director de la Final a 8 de la <a href=\"https:\/\/www.mundodeportivo.com\/tenis\/copa-davis\/20251119\/1002572283\/paliza-historia-copa-davis.html\" target=\"_blank\" rel=\"nofollow noopener\">Copa Davis<\/a>, dej\u00f3 la puerta abierta a cambios en el formato de la competici\u00f3n<\/strong> tras las numerosas sugerencias de jugadores de celebrar el torneo cada dos a\u00f1os, aunque record\u00f3 que se disputa de esta manera porque se lleg\u00f3 a un acuerdo entre todas las partes involucradas.<\/p>\n<p data-gtm-element-container=\"modulo-texto-link\" class=\"paragraph\">\u00ab<strong>No es un debate nuevo. Se han dicho se han tantas cosas&#8230; y no tanto desde los \u00faltimos 5, sino desde que se hizo el cambio de formato<\/strong>. Yo desde que empec\u00e9 a jugar llevo escuchando ideas, formatos para involucrar a los mejores. En mi \u00e9poca se dec\u00eda que los buenos no jugaban\u00bb, coment\u00f3 este mi\u00e9rcoles a la prensa en un encuentro con la prensa espa\u00f1ola en Bolonia.<\/p>\n<p data-gtm-element-container=\"modulo-texto-link\" class=\"paragraph\">\u00abSe ha llegado hasta este formato hablando con las partes involucradas. Ha habido un trabajo grande entre ITF, federaciones, capitanes, jugadores&#8230; <strong>estamos en un buen momento, el haber incorporado otra eliminatoria le da a los pa\u00edses la oportunidad de jugar al menos dos veces <\/strong>y en el formato local y visitante\u00bb, a\u00f1adi\u00f3.<\/p>\n<p data-gtm-element-container=\"modulo-texto-link\" class=\"paragraph\">\u00ab<strong>El deseo es mejorar, no necesariamente jugando cada dos a\u00f1os<\/strong>. Pero estamos abiertos a seguir escuchando para que el formato sea el mejor. Pero hemos llegado a un buen entendimiento y la Final a 8 ha funcionado muy bien en M\u00e1laga. En Italia seguro que funciona y estamos tres a\u00f1os aqu\u00ed\u00bb, insisti\u00f3.<\/p>\n<p>    Lee tambi\u00e9n<\/p>\n<p data-gtm-element-container=\"modulo-texto-link\" class=\"paragraph\">Feliciano destac\u00f3 la buena relaci\u00f3n entre las partes implicadas para la decisi\u00f3n del formato: \u00abEs importante que haya una buena colaboraci\u00f3n, como hasta ahora, entre ATP, IFT, jugadores, capitanes&#8230; para que la Davis siga ocupando el lugar que merece\u00bb<\/p>\n<p data-gtm-element-container=\"modulo-texto-link\" class=\"paragraph\">La respuesta de Feliciano L\u00f3pez lleg\u00f3 despu\u00e9s de los comentarios de varios jugadores, entre ellos Alcaraz, Sinner o Zverev; y del propio director de la ATP, el italiano Andrea Gaudenzi.<\/p>\n<p data-gtm-element-container=\"modulo-texto-link\" class=\"paragraph\">\u00abEn un mundo ideal, creo que la Copa Davis podr\u00eda disputarse con formato local y visitante cada dos a\u00f1os. Que yo sepa, no hay ninguna Copa del Mundo en el deporte que se celebre cada a\u00f1o. En primer lugar, creo que ser\u00eda mejor para el producto. Y tambi\u00e9n aliviar\u00eda mucha presi\u00f3n del calendario\u00bb, dijo el mandatario.<\/p>\n<p data-gtm-element-container=\"modulo-texto-link\" class=\"paragraph\">\u00abCreo que si el torneo se jugara cada dos o tres a\u00f1os, el compromiso de los jugadores ser\u00eda a\u00fan mayor, porque es \u00fanico, es diferente\u00bb, asegur\u00f3, por su parte, el tenista murciano n\u00famero 1 del mundo.<\/p>\n","protected":false},"excerpt":{"rendered":"Feliciano L\u00f3pez, director de la Final a 8 de la Copa Davis, dej\u00f3 la puerta abierta a cambios&hellip;\n","protected":false},"author":2,"featured_media":245151,"comment_status":"","ping_status":"","sticky":false,"template":"","format":"standard","meta":{"footnotes":""},"categories":[274],"tags":[168,25,24,23,167,327,326],"class_list":{"0":"post-245150","1":"post","2":"type-post","3":"status-publish","4":"format-standard","5":"has-post-thumbnail","7":"category-tenis","8":"tag-deportes","9":"tag-es","10":"tag-espana","11":"tag-spain","12":"tag-sports","13":"tag-tenis","14":"tag-tennis"},"share_on_mastodon":{"url":"https:\/\/pubeurope.com\/@es\/115578207112444550","error":""},"_links":{"self":[{"href":"https:\/\/www.europesays.com\/es\/wp-json\/wp\/v2\/posts\/245150","targetHints":{"allow":["GET"]}}],"collection":[{"href":"https:\/\/www.europesays.com\/es\/wp-json\/wp\/v2\/posts"}],"about":[{"href":"https:\/\/www.europesays.com\/es\/wp-json\/wp\/v2\/types\/post"}],"author":[{"embeddable":true,"href":"https:\/\/www.europesays.com\/es\/wp-json\/wp\/v2\/users\/2"}],"replies":[{"embeddable":true,"href":"https:\/\/www.europesays.com\/es\/wp-json\/wp\/v2\/comments?post=245150"}],"version-history":[{"count":0,"href":"https:\/\/www.europesays.com\/es\/wp-json\/wp\/v2\/posts\/245150\/revisions"}],"wp:featuredmedia":[{"embeddable":true,"href":"https:\/\/www.europesays.com\/es\/wp-json\/wp\/v2\/media\/245151"}],"wp:attachment":[{"href":"https:\/\/www.europesays.com\/es\/wp-json\/wp\/v2\/media?parent=245150"}],"wp:term":[{"taxonomy":"category","embeddable":true,"href":"https:\/\/www.europesays.com\/es\/wp-json\/wp\/v2\/categories?post=245150"},{"taxonomy":"post_tag","embeddable":true,"href":"https:\/\/www.europesays.com\/es\/wp-json\/wp\/v2\/tags?post=245150"}],"curies":[{"name":"wp","href":"https:\/\/api.w.org\/{rel}","templated":true}]}}