{"id":245163,"date":"2025-11-19T20:26:08","date_gmt":"2025-11-19T20:26:08","guid":{"rendered":"https:\/\/www.europesays.com\/es\/245163\/"},"modified":"2025-11-19T20:26:08","modified_gmt":"2025-11-19T20:26:08","slug":"boyero-se-deshace-en-elogios-hacia-una-de-las-peliculas-espanolas-mas-taquilleras-del-ano-sali-con-una-sensacion-agradable-cine-y-tv","status":"publish","type":"post","link":"https:\/\/www.europesays.com\/es\/245163\/","title":{"rendered":"Boyero se deshace en elogios hacia una de las pel\u00edculas espa\u00f1olas m\u00e1s taquilleras del a\u00f1o: \u00abSal\u00ed con una sensaci\u00f3n agradable\u00bb | Cine y TV"},"content":{"rendered":"<p>El cr\u00edtico de cine Carlos Boyero ha vuelto a La Ventana una semana m\u00e1s para hablar de los estrenos m\u00e1s destacados en el cine. Esta vez, al cr\u00edtico le ha tocado hablar del documental sobre la vida y obra de Martin Scorsese, un documental sobre la dura vida en la Ca\u00f1ada Real y una de las pel\u00edculas espa\u00f1olas m\u00e1s taquilleras del a\u00f1o. <\/p>\n<p>M\u00e1s informaci\u00f3n<\/p>\n<p>Esta \u00faltima es ni m\u00e1s ni menos que La cena, cinta dirigida por Manuel G\u00f3mez Pereira y protagonizada por Mario Casas y Alberto San Juan. La pel\u00edcula super\u00f3 la semana pasada los tres millones de euros de recaudaci\u00f3n y se ha convertido en el cuarto filme espa\u00f1ol m\u00e1s taquillero del a\u00f1o. <\/p>\n<p>La cinta cuenta la historia de un grupo de prisioneros republicanos expertos en cocina que deben de cocinar un banquete impecable a Francisco Franco y todos sus generales dos semanas despu\u00e9s de terminar la Guerra Civil en el ic\u00f3nico Hotel Palace de Madrid. <\/p>\n<p>Boyero se ha rendido ante la actuaci\u00f3n de sus protagonistas, especialmente a Antonio San Juan, el jefe de los cocineros represaliados. \u00abEst\u00e1 formidable Alberto San Juan, es un actor cojonudo. Recordamos su personaje y nos echamos a re\u00edr\u00bb, ha indicado el cr\u00edtico en el programa de Carles Francino, que a\u00f1ade que se alegra del \u00e9xito de la pel\u00edcula por su director, Manolo G\u00f3mez Pereira. <\/p>\n<p>\u00abHa hecho comedias estupendas que est\u00e1n muy bien y adem\u00e1s es un director que ha conectado con el p\u00fablico. Es muy profesional, un t\u00edo que sabe contar historias y domina la comedia\u00bb, ha comentado el cr\u00edtico de cine. \u00abMe re\u00ed en varias ocasiones. Es una comedia que lo que cuenta es terror\u00edfico. A unos t\u00edos que les van a fusilar el d\u00eda siguiente les necesiten porque son los cocineros del Palace y el se\u00f1or aquel del bigote y esa voz tan impresionante llamado Franco que decide dar una cena\u00bb, ha contado sobre la trama. <\/p>\n<p>Dice Boyero que el personaje que interpreta Mario Casas, un general franquista, le ha ca\u00eddo muy bien. \u00abTan convencido al principio y que al final dices, es un pobre hombre desarbolado que se plantea las cosas en las que quiere creer. Es muy pat\u00e9tico\u00bb, ha indicado el cr\u00edtico de cine, que ha dado su veredicto positivo sobre la pel\u00edcula. \u00abSal\u00ed con una sensaci\u00f3n agradable del cine y la gente se re\u00eda. Es muy bonito en la sala o\u00edr risas. Sin volverme loco, pero me parece una pel\u00edcula muy decente\u00bb, ha sentenciado el cr\u00edtico sobre la pel\u00edcula espa\u00f1ola que est\u00e1 convenciendo a cr\u00edtica y p\u00fablico. <\/p>\n","protected":false},"excerpt":{"rendered":"El cr\u00edtico de cine Carlos Boyero ha vuelto a La Ventana una semana m\u00e1s para hablar de los&hellip;\n","protected":false},"author":2,"featured_media":245164,"comment_status":"","ping_status":"","sticky":false,"template":"","format":"standard","meta":{"footnotes":""},"categories":[169],"tags":[177,146,147,25,24,176,175,23],"class_list":{"0":"post-245163","1":"post","2":"type-post","3":"status-publish","4":"format-standard","5":"has-post-thumbnail","7":"category-cine","8":"tag-cine","9":"tag-entertainment","10":"tag-entretenimiento","11":"tag-es","12":"tag-espana","13":"tag-film","14":"tag-movies","15":"tag-spain"},"share_on_mastodon":{"url":"https:\/\/pubeurope.com\/@es\/115578246672942143","error":""},"_links":{"self":[{"href":"https:\/\/www.europesays.com\/es\/wp-json\/wp\/v2\/posts\/245163","targetHints":{"allow":["GET"]}}],"collection":[{"href":"https:\/\/www.europesays.com\/es\/wp-json\/wp\/v2\/posts"}],"about":[{"href":"https:\/\/www.europesays.com\/es\/wp-json\/wp\/v2\/types\/post"}],"author":[{"embeddable":true,"href":"https:\/\/www.europesays.com\/es\/wp-json\/wp\/v2\/users\/2"}],"replies":[{"embeddable":true,"href":"https:\/\/www.europesays.com\/es\/wp-json\/wp\/v2\/comments?post=245163"}],"version-history":[{"count":0,"href":"https:\/\/www.europesays.com\/es\/wp-json\/wp\/v2\/posts\/245163\/revisions"}],"wp:featuredmedia":[{"embeddable":true,"href":"https:\/\/www.europesays.com\/es\/wp-json\/wp\/v2\/media\/245164"}],"wp:attachment":[{"href":"https:\/\/www.europesays.com\/es\/wp-json\/wp\/v2\/media?parent=245163"}],"wp:term":[{"taxonomy":"category","embeddable":true,"href":"https:\/\/www.europesays.com\/es\/wp-json\/wp\/v2\/categories?post=245163"},{"taxonomy":"post_tag","embeddable":true,"href":"https:\/\/www.europesays.com\/es\/wp-json\/wp\/v2\/tags?post=245163"}],"curies":[{"name":"wp","href":"https:\/\/api.w.org\/{rel}","templated":true}]}}