{"id":245173,"date":"2025-11-19T20:32:08","date_gmt":"2025-11-19T20:32:08","guid":{"rendered":"https:\/\/www.europesays.com\/es\/245173\/"},"modified":"2025-11-19T20:32:08","modified_gmt":"2025-11-19T20:32:08","slug":"bulos-sobre-las-protestas-de-la-generacion-z-en-mexico","status":"publish","type":"post","link":"https:\/\/www.europesays.com\/es\/245173\/","title":{"rendered":"Bulos sobre las protestas de la &#8216;Generaci\u00f3n Z&#8217; en M\u00e9xico"},"content":{"rendered":"<p style=\"text-align:justify;\">Durante este mes de noviembre, la llamada <a href=\"https:\/\/www.rtve.es\/noticias\/20251115\/miles-mexicanos-llamada-generacion-z-se-alzan-contra-presidenta-mexico-violencia-pais\/16817373.shtml\" rel=\"nofollow noopener\" target=\"_blank\">&#8216;Generaci\u00f3n Z<\/a>&#8216; ha convocado protestas en M\u00e9xico contra el Gobierno de la presidenta Claudia Sheinbaum y contra la violencia que sufre el pa\u00eds. En este contexto se han difundido en redes sociales publicaciones que <strong>relacionan con estas manifestaciones im\u00e1genes descontextualizadas<\/strong>. En VerificaRTVE te explicamos algunos de estos ejemplos de falsedades sobre las protestas en M\u00e9xico.  <\/p>\n<p>No es una protesta actual de la Generaci\u00f3n Z, es una imagen de 2022 <\/p>\n<p style=\"text-align:justify;\">Circula una imagen en redes sociales en la que se observa una avenida abarrotada por una multitud de gente y la presentan como si correspondiera a las actuales protestas de la &#8216;Generaci\u00f3n Z&#8217; en M\u00e9xico. Una publicaci\u00f3n de X, reposteada m\u00e1s de 8.000 veces, comparte la foto el 15 de noviembre acompa\u00f1ada del siguiente mensaje: \u00ab#ClaudiaMexicoTeREPUDIA Nunca hab\u00eda visto tanto bot junto\u00bb. <strong>Es falso, esta foto no es actual<\/strong>. <\/p>\n<p>Mensaje que difunde una foto antigua como si fuera actual\u00a0VerificaRTVE<\/p>\n<p style=\"text-align:justify;\"><strong>Esta imagen corresponde a una marcha en apoyo al expresidente Andr\u00e9s Manuel L\u00f3pez Obrador en 2022. <\/strong>A trav\u00e9s de una b\u00fasqueda inversa, detectamos que la instant\u00e1nea circula en Internet desde hace tres a\u00f1os. Geolocalizamos la imagen a la altura del n\u00famero 131 del Paseo de la Reforma de Ciudad de M\u00e9xico [<a href=\"https:\/\/www.google.es\/maps\/place\/Paseo+de+la+Reforma\/@19.4278782,-99.1656638,3a,75y,246.18h,91.56t\/data=!3m7!1e1!3m5!1srIMpFIrtiIp4yNL6sofMKQ!2e0!6shttps:%2F%2Fstreetviewpixels-pa.googleapis.com%2Fv1%2Fthumbnail%3Fcb_client%3Dmaps_sv.tactile%26w%3D900%26h%3D600%26pitch%3D-1.5617456792316915%26panoid%3DrIMpFIrtiIp4yNL6sofMKQ%26yaw%3D246.18367030284094!7i16384!8i8192!4m6!3m5!1s0x85d1ff35007380df:0x1c145b5b2b0bd416!8m2!3d19.4288381!4d-99.1651425!16s%2Fg%2F11dylw6k10?hl=es&amp;entry=ttu&amp;g_ep=EgoyMDI1MTExNi4wIKXMDSoASAFQAw%3D%3D\" target=\"_blank\" rel=\"nofollow noopener\">19.4278782,-99.1656638<\/a>]. Una publicaci\u00f3n de X la comparti\u00f3 el <a href=\"https:\/\/archive.ph\/nN60a\" target=\"_blank\" rel=\"nofollow noopener\">27 de noviembre de 2022<\/a> y la relacionaba con una marcha en favor del entonces presidente \u00c1ngel Manuel L\u00f3pez Obrador. La <a href=\"https:\/\/efe.com\/mundo\/2022-11-27\/la-ciudad-de-mexico-demuestra-apoyo-a-lopez-obrador\/\" target=\"_blank\" rel=\"nofollow noopener\">Agencia EFE<\/a> inform\u00f3 ese mismo d\u00eda sobre esta marcha que transcurri\u00f3 entre el \u00c1ngel de la Independencia y el Z\u00f3calo, donde se ubica la residencia presidencial. Aquel acto reuni\u00f3 a miles de personas que apoyaban al mandatario mexicano cuando cumpl\u00eda cuatro a\u00f1os de mandato. <\/p>\n<p>No es un v\u00eddeo de las protestas de M\u00e9xico, es la &#8216;Marcha Zombie&#8217; <\/p>\n<p style=\"text-align:justify;\">Circula un v\u00eddeo en redes sociales de 62 segundos de duraci\u00f3n que muestra una vista a\u00e9rea de Ciudad de M\u00e9xico grabada con un dron y acompa\u00f1ada de una melod\u00eda. Una publicaci\u00f3n de X del 16 de noviembre, compartida m\u00e1s de 6.000 veces, lo difunde junto al siguiente texto: \u00abHoy M\u00e9xico le dio su regalo de cumplea\u00f1os a #Elcacas\u00bb, refiri\u00e9ndose al apelativo despectivo que se utiliza en este pa\u00eds para referirse al expresidente a Andr\u00e9s Manuel L\u00f3pez Obrador. <strong>Es falso, el v\u00eddeo no est\u00e1 relacionado con ninguna protesta pol\u00edtica.<\/strong> <\/p>\n<p>Mensaje que relaciona falsamente este v\u00eddeo con una protesta contra el Gobierno mexicano\u00a0VerificaRTVE<\/p>\n<p style=\"text-align:justify;\"><strong>El v\u00eddeo corresponde a la &#8216;Marcha Zombie&#8217; celebrada en la capital mexicana en octubre.<\/strong> En VerificaRTVE hemos efectuado una b\u00fasqueda inversa mediante capturas del v\u00eddeo y localizamos que la misma grabaci\u00f3n se difundi\u00f3 en una cuenta de <a href=\"https:\/\/www.facebook.com\/watch\/?v=1769857723648963\" target=\"_blank\" rel=\"nofollow noopener\">Facebook<\/a> el 19 de octubre, acompa\u00f1ada del siguiente mensaje: \u00abLos muertos invadieron la ciudad\u2026 y yo los vi desde el aire. #MarchaZombie2025\u00bb. Seg\u00fan la web de esta actividad, la <a href=\"https:\/\/marchazombie.mx\/\" target=\"_blank\" rel=\"nofollow noopener\">marcha zombie<\/a> es un \u00abevento familiar\u00bb que se convoc\u00f3 para el 18 de octubre en la Avenida de la Rep\u00fablica, en Ciudad de M\u00e9xico. Los asistentes se disfrazan de \u00abmonstruos o alg\u00fan ser sobrenatural\u00bb. Por tanto, no guarda ninguna relaci\u00f3n con las protestas que se han producido este mes de noviembre contra el Gobierno mexicano.  <\/p>\n<p>Las protestas en M\u00e9xico comenzaron tras el asesinato de un alcalde <\/p>\n<p style=\"text-align:justify;\">Las manifestaciones arrancaron a inicios de noviembre en el oeste del pa\u00eds por el asesinato del <a href=\"https:\/\/efe.com\/mundo\/2025-11-03\/protestas-asesinato-alcalde-uruapan-michoacan\/\" target=\"_blank\" rel=\"nofollow noopener\">alcalde de Uruapan, Carlos Manzo Rodr\u00edguez.<\/a> Miles de mexicanos protestaron en la capital el 15 de noviembre por la inseguridad y la violencia y contra el Gobierno presidido por Claudia Sheinbaum, que vincula las marchas a la oposici\u00f3n pol\u00edtica. Los disturbios a las puertas del Palacio Nacional entre un grupo de encapuchados y la polic\u00eda provocaron <a href=\"https:\/\/www.rtve.es\/noticias\/20251115\/miles-mexicanos-llamada-generacion-z-se-alzan-contra-presidenta-mexico-violencia-pais\/16817373.shtml#:~:text=Los%20disturbios%20han%20dejado%2020%20civiles%20y%20100%20polic%C3%ADas%20heridos\" rel=\"nofollow noopener\" target=\"_blank\">m\u00e1s de 100 heridos<\/a>.  <\/p>\n<p>\t\tProtestas en M\u00e9xico contra el Gobierno de Claudia Sheinbaum\t<\/p>\n<p style=\"text-align:justify;\">Las <strong>manifestaciones multitudinarias<\/strong> son un escenario habitual de bulos o falsedades, como te hemos explicado en otras ocasiones en VerificaRTVE. En septiembre te advertimos de im\u00e1genes creadas con IA y v\u00eddeos descontextualizados que se relacionaban con las <a href=\"https:\/\/xn--bulos%20y%20desinformacin%20sobre%20la%20marcha%20contra%20la%20inmigracin%20irregular%20en%20reino%20unido-tfk1c\/\" rel=\"nofollow\">protestas contra la inmigraci\u00f3n en Reino Unido<\/a>. Tambi\u00e9n circularon v\u00eddeos falsos de las <a href=\"https:\/\/www.rtve.es\/noticias\/20250609\/no-son-videos-manifestaciones-contra-redadas-antiinmigracion-angeles\/16617503.shtml\" rel=\"nofollow noopener\" target=\"_blank\">disturbios de Los \u00c1ngeles<\/a> (Estados Unidos) de junio de 2025. <\/p>\n","protected":false},"excerpt":{"rendered":"Durante este mes de noviembre, la llamada &#8216;Generaci\u00f3n Z&#8216; ha convocado protestas en M\u00e9xico contra el Gobierno de&hellip;\n","protected":false},"author":2,"featured_media":245174,"comment_status":"","ping_status":"","sticky":false,"template":"","format":"standard","meta":{"footnotes":""},"categories":[42],"tags":[17,18,13,14,11,61,62,63,64,19,20,9,10,15,16,12,21,22,65,66,67],"class_list":{"0":"post-245173","1":"post","2":"type-post","3":"status-publish","4":"format-standard","5":"has-post-thumbnail","7":"category-internacional","8":"tag-breaking-news","9":"tag-breakingnews","10":"tag-featured-news","11":"tag-featurednews","12":"tag-headlines","13":"tag-internacional","14":"tag-international","15":"tag-international-news","16":"tag-internationalnews","17":"tag-latest-news","18":"tag-latestnews","19":"tag-news","20":"tag-noticias","21":"tag-noticias-destacadas","22":"tag-noticiasdestacadas","23":"tag-titulares","24":"tag-ultimas-noticias","25":"tag-ultimasnoticias","26":"tag-world","27":"tag-world-news","28":"tag-worldnews"},"share_on_mastodon":{"url":"https:\/\/pubeurope.com\/@es\/115578270394691595","error":""},"_links":{"self":[{"href":"https:\/\/www.europesays.com\/es\/wp-json\/wp\/v2\/posts\/245173","targetHints":{"allow":["GET"]}}],"collection":[{"href":"https:\/\/www.europesays.com\/es\/wp-json\/wp\/v2\/posts"}],"about":[{"href":"https:\/\/www.europesays.com\/es\/wp-json\/wp\/v2\/types\/post"}],"author":[{"embeddable":true,"href":"https:\/\/www.europesays.com\/es\/wp-json\/wp\/v2\/users\/2"}],"replies":[{"embeddable":true,"href":"https:\/\/www.europesays.com\/es\/wp-json\/wp\/v2\/comments?post=245173"}],"version-history":[{"count":0,"href":"https:\/\/www.europesays.com\/es\/wp-json\/wp\/v2\/posts\/245173\/revisions"}],"wp:featuredmedia":[{"embeddable":true,"href":"https:\/\/www.europesays.com\/es\/wp-json\/wp\/v2\/media\/245174"}],"wp:attachment":[{"href":"https:\/\/www.europesays.com\/es\/wp-json\/wp\/v2\/media?parent=245173"}],"wp:term":[{"taxonomy":"category","embeddable":true,"href":"https:\/\/www.europesays.com\/es\/wp-json\/wp\/v2\/categories?post=245173"},{"taxonomy":"post_tag","embeddable":true,"href":"https:\/\/www.europesays.com\/es\/wp-json\/wp\/v2\/tags?post=245173"}],"curies":[{"name":"wp","href":"https:\/\/api.w.org\/{rel}","templated":true}]}}