{"id":245177,"date":"2025-11-19T20:34:11","date_gmt":"2025-11-19T20:34:11","guid":{"rendered":"https:\/\/www.europesays.com\/es\/245177\/"},"modified":"2025-11-19T20:34:11","modified_gmt":"2025-11-19T20:34:11","slug":"santos-cerdan-a-su-salida-de-prision-se-estan-hablando-muchas-mentiras-y-hay-muchas-manipulaciones-sobre-mi-persona-el-mundo","status":"publish","type":"post","link":"https:\/\/www.europesays.com\/es\/245177\/","title":{"rendered":"Santos Cerd\u00e1n, a su salida de prisi\u00f3n: &quot;Se est\u00e1n hablando muchas mentiras y hay muchas manipulaciones sobre mi persona&quot; &#8211; El Mundo"},"content":{"rendered":"<ol>\n<li><a href=\"https:\/\/news.google.com\/rss\/articles\/CBMiekFVX3lxTE5lVVdpZ2dGTkFkT3hoT2o0SGNfd0s3bk5DaWhKektBUTVzTERmQ3Nocjh2NXV0QzZ2N0hla2tnLV9xeUZvRWVUb1k0Y3pHNHpwaWpqazNpcTZGdFVUeUZCUVRVa3BwRnV3TkUwb2d3OTdNZlJwUHhzbjhR0gF6QVVfeXFMUHJZOWFmZG5HQkF4LXVhb25HSTBvVkdUZlI4LTZjOGVESVk0aTh0NVE2dFJXejlKTTNQWGM2ZEZfSDJ0TU1qQTlPR19wZk5BcjFmMjlncmp2N3RzUjJRU0MyczZPRmhGNVFEWlRidlIzR3ppVFl2UnBEc1E?oc=5\" target=\"_blank\" rel=\"nofollow noopener\">Santos Cerd\u00e1n, a su salida de prisi\u00f3n: \u00abSe est\u00e1n hablando muchas mentiras y hay muchas manipulaciones sobre mi persona\u00bb<\/a>&nbsp;&nbsp;El Mundo<\/li>\n<li><a href=\"https:\/\/news.google.com\/rss\/articles\/CBMi6wFBVV95cUxOdjc4NC0tcElCaUxUcDBRTUI4ZFBzNHlMbzUyNWUxNVRXcnlNLUdWZVVUOG5YOTNaZlB3NzZCN0hVZzctUjRCS3FVd3gtRFNORjFORHBNbkFqTlBsMmlFT29hNTF4WWFKeHl1SkR6QThnVEYwcWFSZVQtZnpxNTJ5LUs3V3pBZTc3QVpwVXRMeFlkdGFrbC14UjV6NWZycjdMZFNRNVM0M2pRdXptODk2UzU5dTkzY1hqRDFFZG5QeElsU0o1V3I3T1J2MWhHQ2dHM05rSlIxSmdCdzhpNlpfNzZ3c1k0ZFNQb2dj?oc=5\" target=\"_blank\" rel=\"nofollow noopener\">Santos Cerd\u00e1n queda en libertad tras cinco meses: \u00abConf\u00edo en que la verdad se imponga\u00bb<\/a>&nbsp;&nbsp;El Confidencial<\/li>\n<li><a href=\"https:\/\/news.google.com\/rss\/articles\/CBMi4AFBVV95cUxPSTU5SkNrc0lmb3NPdDNVOGs1dTI1M1JXWVI1Q1BzM2RVdU5HSVJodnlMVDBEY0t5c252V0tiRExacWpPS2Z5Wl91U3J6SmVkcTdzb1dxMUNfcWdLWURWRG5RS3BUYnd6djROQzc0UUlRV2o0bmFjNlFYQnJVV3RuTUZKdkdnY3VlYndvbVpKS21xdS1mUVM2SGxJNFFpVjF5Tm5xaGc5SzNoMHVwOVg4c2Z4LTlpcE0wMVZDN21mbWVZQ2ZnbjdPeHhrUVJBY2xyNlBUTk16Q3lNbFNrUExvTw?oc=5\" target=\"_blank\" rel=\"nofollow noopener\">F\u00fanez (PP) tras la libertad de Cerd\u00e1n: \u00abEst\u00e1 m\u00e1s cerca del banquillo que nunca\u00bb<\/a>&nbsp;&nbsp;RTVE.es<\/li>\n<li><a href=\"https:\/\/news.google.com\/rss\/articles\/CBMiqwFBVV95cUxOX045aVVRdXYwWVdsbVUxbFlmQTUzUGFfWG8tR21CNVdCbHFtaHViQVUwZzRjOGx1bmVfVDZBa2NvemhubGZjR21Bd0djd2poMnc5X0RJcEM5R3hUbDlIbnFKWDdBZzQwcmlZM2FlT2NEV05XVTE5dk9QWUtrNE1zdEctSmdycUFUd3lFNnNpM3hQa2hQY3VRajlMSDRoVEsxVTI0aHdIdFA3WE3SAbABQVVfeXFMTWMxM01pdVBTT19yUFBzX0p0NFo5YUN2R2lFTEZnTnpXVGJqYVk1eWo1b0RBMEhuU2ZjMnp5YnJBRjNuQjdKeHNfTGxuVVEya1RHMG5FZGhrMzBjY0ozZHZBQy1IQlpUcTRWXzd0RlJ3Yzl3dlh4QTBoSHp3QXA1OEhZMG5lQk5Fal85OTYwd01KYXRCVVpza2JzbkVLQlRzY0VFZndfcjNRdjNLbWZQTU0?oc=5\" target=\"_blank\" rel=\"nofollow noopener\">Ponte al d\u00eda: Cerd\u00e1n ya est\u00e1 en la calle, \u00c1balos m\u00e1s cerca del banquillo y otras noticias importantes de hoy<\/a>&nbsp;&nbsp;Diario P\u00fablico<\/li>\n<li><a href=\"https:\/\/news.google.com\/rss\/articles\/CBMi2gFBVV95cUxOQXBJTUdpWklSc0I0QjFZY2Q2T3RoenVVbzd4NU9xbGk3dEJ5VEhCaGZkUEZheFloUkl2MEtvWVIxNE1EcUF5bTdwUnYwSnA3ZUVEMXEtdUVIZE8yNGxHRy1NMDBuUkJLdHNWQW5MdzkzUTBTRjBKS1hRbTFoSy1sMmE2QzRULWZDYkl0VnExZm9tTUhiLVozLXNuVzE1djVtLTBmdm5CMGdVZHh5dEVqR1pfMUEzNGU3YlNOSUpMTlcwRm9VN1NHNjdwTHFycXNZZERELS03NjZqUdIB7gFBVV95cUxONFBCdzAzamNwUnlraEJWTEdaanB6bDc3RnJGb0d3US0tc2NpLXBFbURmZW4wRUpqa2pUNURuX3ZQUUxWUHpubVlOcV84dWgwa3FseTFrZWZWWHNlWWU1NUkwZ3BZUGp0MjlTWjJieUQycnlSQm5JeFlXZ08tc1BzWGczOEtxV2stVGZZa3RSdnN3N2l6R0NVN1ZkS09oNHhFbFA2OFhKMHEzS0R3Q1I3WmY3WUtsbTlyWkhmU09SMGprTWhhVUFKdlBUSkJXQzBOU3VDVGo4UkQtMEhjNHdqcjJlM0hkOTF4Q29pR3R3?oc=5\" target=\"_blank\" rel=\"nofollow noopener\">Santos Cerd\u00e1n sale de prisi\u00f3n atacando: \u00abHay muchas mentiras y manipulaciones\u00bb<\/a>&nbsp;&nbsp;La Raz\u00f3n<\/li>\n<\/ol>\n","protected":false},"excerpt":{"rendered":"Santos Cerd\u00e1n, a su salida de prisi\u00f3n: \u00abSe est\u00e1n hablando muchas mentiras y hay muchas manipulaciones sobre mi&hellip;\n","protected":false},"author":2,"featured_media":245178,"comment_status":"","ping_status":"","sticky":false,"template":"","format":"standard","meta":{"footnotes":""},"categories":[5],"tags":[17,18,25,24,13,14,11,5610,5611,19,20,9,10,15,16,1699,8411,23,12,21,22],"class_list":{"0":"post-245177","1":"post","2":"type-post","3":"status-publish","4":"format-standard","5":"has-post-thumbnail","7":"category-titulares","8":"tag-breaking-news","9":"tag-breakingnews","10":"tag-es","11":"tag-espana","12":"tag-featured-news","13":"tag-featurednews","14":"tag-headlines","15":"tag-jose-luis-abalos","16":"tag-koldo-garcia","17":"tag-latest-news","18":"tag-latestnews","19":"tag-news","20":"tag-noticias","21":"tag-noticias-destacadas","22":"tag-noticiasdestacadas","23":"tag-psoe","24":"tag-santos-cerdan","25":"tag-spain","26":"tag-titulares","27":"tag-ultimas-noticias","28":"tag-ultimasnoticias"},"share_on_mastodon":{"url":"https:\/\/pubeurope.com\/@es\/115578277944799762","error":""},"_links":{"self":[{"href":"https:\/\/www.europesays.com\/es\/wp-json\/wp\/v2\/posts\/245177","targetHints":{"allow":["GET"]}}],"collection":[{"href":"https:\/\/www.europesays.com\/es\/wp-json\/wp\/v2\/posts"}],"about":[{"href":"https:\/\/www.europesays.com\/es\/wp-json\/wp\/v2\/types\/post"}],"author":[{"embeddable":true,"href":"https:\/\/www.europesays.com\/es\/wp-json\/wp\/v2\/users\/2"}],"replies":[{"embeddable":true,"href":"https:\/\/www.europesays.com\/es\/wp-json\/wp\/v2\/comments?post=245177"}],"version-history":[{"count":0,"href":"https:\/\/www.europesays.com\/es\/wp-json\/wp\/v2\/posts\/245177\/revisions"}],"wp:featuredmedia":[{"embeddable":true,"href":"https:\/\/www.europesays.com\/es\/wp-json\/wp\/v2\/media\/245178"}],"wp:attachment":[{"href":"https:\/\/www.europesays.com\/es\/wp-json\/wp\/v2\/media?parent=245177"}],"wp:term":[{"taxonomy":"category","embeddable":true,"href":"https:\/\/www.europesays.com\/es\/wp-json\/wp\/v2\/categories?post=245177"},{"taxonomy":"post_tag","embeddable":true,"href":"https:\/\/www.europesays.com\/es\/wp-json\/wp\/v2\/tags?post=245177"}],"curies":[{"name":"wp","href":"https:\/\/api.w.org\/{rel}","templated":true}]}}