{"id":245179,"date":"2025-11-19T20:39:11","date_gmt":"2025-11-19T20:39:11","guid":{"rendered":"https:\/\/www.europesays.com\/es\/245179\/"},"modified":"2025-11-19T20:39:11","modified_gmt":"2025-11-19T20:39:11","slug":"sin-alcaraz-pero-aferrada-al-milagro-de-marbella","status":"publish","type":"post","link":"https:\/\/www.europesays.com\/es\/245179\/","title":{"rendered":"sin Alcaraz&#8230; pero aferrada al &#8216;milagro de Marbella&#8217;"},"content":{"rendered":"\n<p> <strong>Espa\u00f1a <\/strong>tiene una misi\u00f3n complicada en la <strong>Copa Davis<\/strong>. El equipo nacional estaba considerado como uno de los <strong>grandes favoritos<\/strong> a levantar la Ensaladera, la que supondr\u00eda la s\u00e9ptima de toda su historia, <a href=\"https:\/\/www.elconfidencial.com\/deportes\/tenis\/2025-11-18\/carlos-alcaraz-baja-lesion-copa-davis-espana_4249451\/\" target=\"_self\" rel=\"nofollow noopener\">pero la m\u00e1s que sensible baja de Carlos Alcaraz en el \u00faltimo momento por culpa de una lesi\u00f3n<\/a>, merma sobremanera a la Armada. Y lo hace, adem\u00e1s, porque su segundo mejor jugador,<strong> Alejandro Davidovich, tampoco estar\u00e1 por decisi\u00f3n t\u00e9cnica<\/strong>. Pero la Selecci\u00f3n tiene un as en la manga. <\/p>\n<p> En las \u00faltimas eliminatorias, el grupo entrenado por <strong>David Ferrer<\/strong> se ha tenido que sobreponer a las importantes ausencias dentro del equipo. Y, de hecho, as\u00ed fue como se gest\u00f3 el milagro de Marbella, <a href=\"https:\/\/www.rfet.es\/es\/noticia\/historica-remontada-de-la-seleccion-espanola-mapfre-de-tenis-en-la-copa-davis-ante-dinamarca\" target=\"_blank\" rel=\"nofollow noopener\">la mayor remontada de la historia de Espa\u00f1a en la Copa Davis<\/a>, que fue la que <strong>dio acceso al equipo a la Final a Ocho<\/strong> que ya se disputa en Bolonia (Italia). Ahora, los mismos h\u00e9roes son los que tratar\u00e1n de volver a reeditar la gesta. \u00bfPrimera parada? Rep\u00fablica Checa. <\/p>\n<p>              <img decoding=\"async\" class=\"inTextNews__img\" alt=\"Foto: carlos-alcaraz-baja-lesion-copa-davis-espana\" src=\"https:\/\/www.europesays.com\/es\/wp-content\/uploads\/2025\/11\/f.elconfidencial.com\/original\/949\/ce6\/edc\/949ce6edccbd68ac3739b3bf60499059.jpg\"  \/>     <\/p>\n<p>TE PUEDE INTERESAR<\/p>\n<p>      <a class=\"inTextNews__title\" href=\"https:\/\/www.elconfidencial.com\/deportes\/tenis\/2025-11-18\/carlos-alcaraz-baja-lesion-copa-davis-espana_4249451\/\" onclick=\"window.ECCO.emit(&#039;amplitude&#039;, { dataEventName: &#039;click_related_article_module&#039;, data: { related_article_url: &#039;https:\/\/www.elconfidencial.com\/deportes\/tenis\/2025-11-18\/carlos-alcaraz-baja-lesion-copa-davis-espana_4249451\/&#039;, related_article_author: &#039;Rub\u00e9n Rodr\u00edguez&#039;, related_article_section: &#039;tenis&#039; } })\" rel=\"nofollow noopener\" target=\"_blank\"> \u00abLo siento mucho\u00bb: Carlos Alcaraz confirma que est\u00e1 lesionado y no jugar\u00e1 la Copa Davis con Espa\u00f1a <\/a>   <\/p>\n<p>    Rub\u00e9n Rodr\u00edguez   <\/p>\n<p> El equipo espa\u00f1ol est\u00e1 conformado por <a href=\"https:\/\/www.elconfidencial.com\/deportes\/tenis\/2025-11-17\/finales-copa-davis-2025-cuando-empieza-calendario-donde-ver-alcaraz-espana_4249164\/\" target=\"_self\" rel=\"nofollow noopener\">Jaume Munar, Pablo Carre\u00f1o, Marcel Granollers y Pedro Mart\u00ednez<\/a>. Son los cuatro valientes que se enfrentar\u00e1n a un equipo checo con mucho talento. <strong>Jiri Lehecka<\/strong> (17\u00ba) y <strong>Jakub Mensik<\/strong> (19\u00ba) jugar\u00e1n los individuales, mientras que los dobles ser\u00e1n la oportunidad para <strong>Adam Pavlasek <\/strong>(53\u00ba), acompa\u00f1ado de Lehecka, Mensik o, por el contrario, por <strong>Tomas Machac<\/strong> (32\u00ba) o <strong>Vit Kopriva <\/strong>(102\u00ba), que tambi\u00e9n ha jugado dobles durante varios a\u00f1os de su carrera. <\/p>\n<p> La ausencia de Alcaraz fue <strong>un golpe en la l\u00ednea de flotaci\u00f3n<\/strong>, pero la lesi\u00f3n sufrida en las ATP Finals le imped\u00eda ir. Pero, \u00bfqu\u00e9 pasa con Davidovich? <a href=\"https:\/\/www.elconfidencial.com\/deportes\/tenis\/2025-11-18\/por-que-davidovich-no-convocado-espana-copa-davis_4249992\/\" target=\"_self\" rel=\"nofollow noopener\">Ferrer lo explic\u00f3 en El Partidazo de COPE<\/a>: \u00abCuando acab\u00f3 el US Open, me dijo que<strong> ten\u00eda problemas y prefer\u00eda no jugar<\/strong>. Ahora, llam\u00e9 a \u00c1lex y le dije que convocar\u00eda a los cuatro jugadores de esa eliminatoria y que me reservaba un quinto para ver c\u00f3mo acaba la temporada. Pero me dijo que<strong> no contara con \u00e9l si no formaba parte de esa primera lista<\/strong>\u00ab. <\/p>\n<blockquote class=\"twitter-tweet\">\n<p lang=\"es\" dir=\"ltr\">Siento much\u00edsimo anunciar que no voy a poder jugar con Espa\u00f1a la Copa Davis en Bolonia\u2026 \ud83e\udd72 Tengo un edema en el isquiotibial de la pierna derecha y la recomendaci\u00f3n m\u00e9dica es no competir. Siempre he dicho que jugar por Espa\u00f1a es lo m\u00e1s grande que hay y me hac\u00eda mucha ilusi\u00f3n\u2026 <a href=\"https:\/\/t.co\/ftWvwGUYcu\" rel=\"nofollow\">pic.twitter.com\/ftWvwGUYcu<\/a><\/p>\n<p>\u2014 Carlos Alcaraz (@carlosalcaraz) <a href=\"https:\/\/twitter.com\/carlosalcaraz\/status\/1990706573237252319?ref_src=twsrc%5Etfw\" rel=\"nofollow noopener\" target=\"_blank\">November 18, 2025<\/a><\/p><\/blockquote>\n<p> Por ello, no ser\u00e1 una eliminatoria sencilla, donde <strong>se clasificar\u00e1 aquel equipo que primero gane dos puntos<\/strong>. El orden del torneo obliga a que el primer choque lo afronte los n\u00fameros dos de cada equipo y, a continuaci\u00f3n, los n\u00fameros uno. En caso de que una selecci\u00f3n no gane los dos partidos, el desempate se jugar\u00e1 con el dobles, por lo que pasa a ser un choque decisivo. <a href=\"https:\/\/www.elconfidencial.com\/deportes\/tenis\/2025-09-14\/espana-dinamarca-carreno-pedro-martinez-rune_4208806\/\" target=\"_self\" rel=\"nofollow noopener\">Pero Espa\u00f1a llega a la Davis gracias al milagro de Marbella<\/a>, en esta vez en una eliminatoria a cinco, pero con el mismo equipo. <\/p>\n<p> Fue el 14 de septiembre cuando la Armada firm\u00f3 <strong>una remontada para la historia ante Dinamarca<\/strong>. La primera jornada dejaba en la cuerda floja: <strong>Holger Rune<\/strong> ganaba a <strong>Pablo Carre\u00f1o<\/strong>, mientras que <strong>Elmer Moeller <\/strong>hac\u00eda lo propio con <strong>Jaume Munar<\/strong>. El dobles dio ox\u00edgeno a Espa\u00f1a cuando todo parec\u00eda perdido: <strong>Pedro Mart\u00ednez <\/strong>y Munar, tras perder el primer set, remontaban ante<strong> August Holmgren<\/strong> y <strong>Johannes Ingildsen<\/strong>. Pero todav\u00eda quedaba hacer lo m\u00e1s complicado: ganar los dos individuales. <\/p>\n<blockquote class=\"twitter-tweet\">\n<p lang=\"es\" dir=\"ltr\">\ud83d\udc4f Lo que ha conseguido hoy Espa\u00f1a es hist\u00f3rico.<\/p>\n<p>Remontan un (0-2) ante Dinamarca para llevarse la eliminatoria por (3-2).<\/p>\n<p>S\u00f3lo podemos decir&#8230; \u00a1\ud835\ude42\ud835\ude4d\ud835\ude3c\ud835\ude3e\ud835\ude44\ud835\ude3c\ud835\ude4e!<a href=\"https:\/\/twitter.com\/hashtag\/LaPistaDelTenis?src=hash&amp;ref_src=twsrc%5Etfw\" rel=\"nofollow noopener\" target=\"_blank\">#LaPistaDelTenis<\/a> <a href=\"https:\/\/twitter.com\/hashtag\/DavisCup?src=hash&amp;ref_src=twsrc%5Etfw\" rel=\"nofollow noopener\" target=\"_blank\">#DavisCup<\/a> <a href=\"https:\/\/t.co\/rBz7oZPFZC\" rel=\"nofollow\">pic.twitter.com\/rBz7oZPFZC<\/a><\/p>\n<p>\u2014 Tenis en Movistar Plus+ (@MovistarTenis) <a href=\"https:\/\/twitter.com\/MovistarTenis\/status\/1967279023475528132?ref_src=twsrc%5Etfw\" rel=\"nofollow noopener\" target=\"_blank\">September 14, 2025<\/a><\/p><\/blockquote>\n<p> Y un nuevo milagro lleg\u00f3 a manos de <strong>Pedro Mart\u00ednez, que incluso fue capaz de salvar una bola de partido ante Rune <\/strong>para dar la vuelta al marcador y conseguir otro triunfo. En el quinto y definitivo encuentro,<strong> Carre\u00f1o no daba ninguna opci\u00f3n a Moeller y sellaba la clasificaci\u00f3n a las Finales de la Davis<\/strong>. Cuando nadie daba un euro por Espa\u00f1a, una selecci\u00f3n que tampoco contaba con Alcaraz ni Davidovich sacaba su mejor versi\u00f3n para lograr una hist\u00f3rica victoria. <a href=\"https:\/\/www.elconfidencial.com\/deportes\/tenis\/2025-11-18\/error-garrafal-moutet-copa-davis-condenar-francia-belgica_4249985\/\" target=\"_self\" rel=\"nofollow noopener\">\u00bfPor qu\u00e9 no repetirlo de nuevo?<\/a> <\/p>\n<p> Ser\u00e1n otra vez Munar, Carre\u00f1o, Mart\u00ednez y Granollers<strong> los encargados de pelear por la gloria<\/strong>, en una superficie que no es mala del todo para el equipo espa\u00f1ol. Los pupilos de Ferrer deber\u00e1n apelar de nuevo al milagro de Marbella y, con ese esp\u00edritu combativo, de lucha y pelea,<strong> so\u00f1ar con romper ese techo que muchos le colocan a la Selecci\u00f3n<\/strong>. \u00bfSer\u00e1n capaces de conseguirlo? Este jueves, desde las 10:00 horas, veremos de qu\u00e9 pasta est\u00e1n hechos los jugadores espa\u00f1oles. <\/p>\n<p> <strong>Espa\u00f1a <\/strong>tiene una misi\u00f3n complicada en la <strong>Copa Davis<\/strong>. El equipo nacional estaba considerado como uno de los <strong>grandes favoritos<\/strong> a levantar la Ensaladera, la que supondr\u00eda la s\u00e9ptima de toda su historia, <a href=\"https:\/\/www.elconfidencial.com\/deportes\/tenis\/2025-11-18\/carlos-alcaraz-baja-lesion-copa-davis-espana_4249451\/\" target=\"_self\" rel=\"nofollow noopener\">pero la m\u00e1s que sensible baja de Carlos Alcaraz en el \u00faltimo momento por culpa de una lesi\u00f3n<\/a>, merma sobremanera a la Armada. Y lo hace, adem\u00e1s, porque su segundo mejor jugador,<strong> Alejandro Davidovich, tampoco estar\u00e1 por decisi\u00f3n t\u00e9cnica<\/strong>. Pero la Selecci\u00f3n tiene un as en la manga. <\/p>\n<p>              <script async src=\"https:\/\/platform.twitter.com\/widgets.js\" charset=\"utf-8\"><\/script><\/p>\n","protected":false},"excerpt":{"rendered":"Espa\u00f1a tiene una misi\u00f3n complicada en la Copa Davis. El equipo nacional estaba considerado como uno de los&hellip;\n","protected":false},"author":2,"featured_media":245180,"comment_status":"","ping_status":"","sticky":false,"template":"","format":"standard","meta":{"footnotes":""},"categories":[274],"tags":[168,25,24,23,167,327,326],"class_list":{"0":"post-245179","1":"post","2":"type-post","3":"status-publish","4":"format-standard","5":"has-post-thumbnail","7":"category-tenis","8":"tag-deportes","9":"tag-es","10":"tag-espana","11":"tag-spain","12":"tag-sports","13":"tag-tenis","14":"tag-tennis"},"share_on_mastodon":{"url":"https:\/\/pubeurope.com\/@es\/115578298087994212","error":""},"_links":{"self":[{"href":"https:\/\/www.europesays.com\/es\/wp-json\/wp\/v2\/posts\/245179","targetHints":{"allow":["GET"]}}],"collection":[{"href":"https:\/\/www.europesays.com\/es\/wp-json\/wp\/v2\/posts"}],"about":[{"href":"https:\/\/www.europesays.com\/es\/wp-json\/wp\/v2\/types\/post"}],"author":[{"embeddable":true,"href":"https:\/\/www.europesays.com\/es\/wp-json\/wp\/v2\/users\/2"}],"replies":[{"embeddable":true,"href":"https:\/\/www.europesays.com\/es\/wp-json\/wp\/v2\/comments?post=245179"}],"version-history":[{"count":0,"href":"https:\/\/www.europesays.com\/es\/wp-json\/wp\/v2\/posts\/245179\/revisions"}],"wp:featuredmedia":[{"embeddable":true,"href":"https:\/\/www.europesays.com\/es\/wp-json\/wp\/v2\/media\/245180"}],"wp:attachment":[{"href":"https:\/\/www.europesays.com\/es\/wp-json\/wp\/v2\/media?parent=245179"}],"wp:term":[{"taxonomy":"category","embeddable":true,"href":"https:\/\/www.europesays.com\/es\/wp-json\/wp\/v2\/categories?post=245179"},{"taxonomy":"post_tag","embeddable":true,"href":"https:\/\/www.europesays.com\/es\/wp-json\/wp\/v2\/tags?post=245179"}],"curies":[{"name":"wp","href":"https:\/\/api.w.org\/{rel}","templated":true}]}}