{"id":245187,"date":"2025-11-19T20:44:11","date_gmt":"2025-11-19T20:44:11","guid":{"rendered":"https:\/\/www.europesays.com\/es\/245187\/"},"modified":"2025-11-19T20:44:11","modified_gmt":"2025-11-19T20:44:11","slug":"estoy-liberada-ahora-perseguid-al-maltratador-y-a-los-complices","status":"publish","type":"post","link":"https:\/\/www.europesays.com\/es\/245187\/","title":{"rendered":"Estoy liberada, ahora perseguid al maltratador y a los c\u00f3mplices"},"content":{"rendered":"<p class=\"c-paragraph\"><a href=\"https:\/\/www.20minutos.es\/tags\/personas\/conde-lecquio.html\" title=\"Conde Lecquio\" rel=\"nofollow noopener\" target=\"_blank\">Alessandro Lecquio<\/a> ha sido <a href=\"https:\/\/www.20minutos.es\/television\/mediaset-despide-alessandro-lecquio-como-colaborador-tras-las-acusaciones-maltrato-su-exmujer-antonia-dell-atte_6900173_0.html\" title=\"Mediaset despide a Alessandro Lecquio como colaborador tras las acusaciones de maltrato de su exmujer, Antonia Dell\u2019Atte\" rel=\"nofollow noopener\" target=\"_blank\">despedido este mi\u00e9rcoles de Mediaset<\/a> tras darse a conocer las <b>acusaciones de maltrato de <a href=\"https:\/\/www.20minutos.es\/tags\/personas\/antonia-dell-atte.html\" title=\"Antonia Dell&#039; Atte\" rel=\"nofollow noopener\" target=\"_blank\">Antonia Dell&#8217;Atte<\/a><\/b>, su exmujer y madre de su primer hijo. La notica ha sido confirmada por el propio grupo de comunicaci\u00f3n y la modelo italiana ya se ha pronunciado al respecto.<\/p>\n<p class=\"c-paragraph\">Lo ha hecho para el programa <a href=\"https:\/\/www.20minutos.es\/tags\/temas\/no-somos-nadie.html\" title=\"No somos nadie\" rel=\"nofollow noopener\" target=\"_blank\">No somos nadie<\/a>, donde ha hablado con <a href=\"https:\/\/www.20minutos.es\/tags\/personas\/carlota-corredera.html\" title=\"Carlota Corredera\" rel=\"nofollow noopener\" target=\"_blank\">Carlota Corredera<\/a>, <a href=\"https:\/\/www.20minutos.es\/tags\/personas\/maria-patino.html\" title=\"Mar\u00eda Pati\u00f1o\" rel=\"nofollow noopener\" target=\"_blank\">Mar\u00eda Pati\u00f1o<\/a> y <a href=\"https:\/\/www.20minutos.es\/tags\/personas\/kiko-matamoros.html\" title=\"Kiko Matamoros\" rel=\"nofollow noopener\" target=\"_blank\">Kiko Matamoros<\/a>. <b>\u00abEstoy content\u00edsima, 38 a\u00f1os\u00bb, <\/b>es el audio que le mandaba a la primera. Acto seguido, la han llamado por tel\u00e9fono y ha conectado en directo con el espacio de Ten.\u00a0<\/p>\n<p class=\"c-paragraph\">\u00abEstoy llorando, espera un segundo. 38 a\u00f1os, toda la prensa c\u00f3mplice\u00bb, son las primeras palabras que\u00a0Antonia Dell&#8217;Atte ha expresado con la voz entrecortada por la emoci\u00f3n. \u00ab<b>He hecho todo sola, solo me ha ayudado Dios.<\/b> Hoy me he despertado y me ha dicho: ponte la corona de la victoria\u00bb, ha apuntado a continuaci\u00f3n.\u00a0<\/p>\n<p class=\"c-paragraph\">La tambi\u00e9n presentadora ha asegurado que ha perdonado todo y que no va coa planear ninguna venganza: \u00abYo s\u00e9 que muchos periodistas tienen que comer y lo respeto, pero<b> tener a un maltratador al lado y tapar y censurar.<\/b>.. Ahora perseguid al maltratador y a los c\u00f3mplices\u00bb.\u00a0<\/p>\n<p class=\"c-paragraph\">\u00abEstoy brindando con un vaso de vino, gracias Dios. He esperado 38 a\u00f1os Yo tengo que disfrutar con mi familia, con mi hijo que siempre me ha apoyado, con mi \u00fanico amor. <b>Me quer\u00edan destruir<\/b>\u00ab, ha continuado con su alegato.<\/p>\n<p class=\"c-paragraph\">\u00abEn estos \u00faltimos tiempos has vuelto a librar una batalla\u00bb, le ha apuntado Mar\u00eda Pati\u00f1o, a lo que Dell&#8217;Atte ha reitirado en que lo ha hecho \u00absola\u00bb y est\u00e1 segura de que ser\u00e1 un antes y un despu\u00e9s. \u00abCuando me ha llamado mi abogado yo he dicho: &#8216;\u00bfqu\u00e9?&#8217; [&#8230;] <b>Lloro l\u00e1grimas de felicidad, estoy liberada.<\/b> Quiero festejarlo, es una victoria de la verdad\u00bb, ha matizado.\u00a0<\/p>\n<p class=\"c-paragraph\">Carlota Corredera ha querido saber qu\u00e9 es lo que le ha dicho <b>su hijo Clemente, <\/b>el que tiene en com\u00fan con Lecquio, cuando se ha dado a conocer la noticia. \u00abLo amo y me ha dicho: &#8216;T\u00fa, sola, guerrera, luchadora y verdadera\u00bb, ha citado la modelo.\u00a0<\/p>\n<p class=\"c-paragraph\">\u00abTengo muchas cosas que contar, pero<b> id a por \u00e9l, preguntadle a \u00e9l y a toda la prensa que ha sido c\u00f3mplice<\/b>. Yo lo sab\u00eda. Me he quedado en silencio porque iba a llegar la victoria\u00bb, ha reiterado Antonia Dell&#8217;Atte, que no ha querido dar m\u00e1s declaraciones al respecto.<\/p>\n<p class=\"c-paragraph\">Para concluir con su intervenci\u00f3n, ha mandado un mensaje relacionado con todas las mujeres que han pasado o est\u00e1n viviendo una situaci\u00f3n de maltrato: \u00ab<b>Apoyad a todas las victimas. No hay v\u00edctima de serie A o B.<\/b> Esta es una victoria de todas y, sobre todo, de las mujeres que han muerto a manos de hombres. Que triunfe la verdad\u00bb.<\/p>\n","protected":false},"excerpt":{"rendered":"Alessandro Lecquio ha sido despedido este mi\u00e9rcoles de Mediaset tras darse a conocer las acusaciones de maltrato de&hellip;\n","protected":false},"author":2,"featured_media":171853,"comment_status":"","ping_status":"","sticky":false,"template":"","format":"standard","meta":{"footnotes":""},"categories":[174],"tags":[33613,49752,255,49751,5702,146,147,25,24,256,6461,23],"class_list":{"0":"post-245187","1":"post","2":"type-post","3":"status-publish","4":"format-standard","5":"has-post-thumbnail","7":"category-famosos","8":"tag-antonia","9":"tag-atte","10":"tag-celebrities","11":"tag-dell","12":"tag-despido","13":"tag-entertainment","14":"tag-entretenimiento","15":"tag-es","16":"tag-espana","17":"tag-famosos","18":"tag-reacciona","19":"tag-spain"},"share_on_mastodon":{"url":"https:\/\/pubeurope.com\/@es\/115578317446247465","error":""},"_links":{"self":[{"href":"https:\/\/www.europesays.com\/es\/wp-json\/wp\/v2\/posts\/245187","targetHints":{"allow":["GET"]}}],"collection":[{"href":"https:\/\/www.europesays.com\/es\/wp-json\/wp\/v2\/posts"}],"about":[{"href":"https:\/\/www.europesays.com\/es\/wp-json\/wp\/v2\/types\/post"}],"author":[{"embeddable":true,"href":"https:\/\/www.europesays.com\/es\/wp-json\/wp\/v2\/users\/2"}],"replies":[{"embeddable":true,"href":"https:\/\/www.europesays.com\/es\/wp-json\/wp\/v2\/comments?post=245187"}],"version-history":[{"count":0,"href":"https:\/\/www.europesays.com\/es\/wp-json\/wp\/v2\/posts\/245187\/revisions"}],"wp:featuredmedia":[{"embeddable":true,"href":"https:\/\/www.europesays.com\/es\/wp-json\/wp\/v2\/media\/171853"}],"wp:attachment":[{"href":"https:\/\/www.europesays.com\/es\/wp-json\/wp\/v2\/media?parent=245187"}],"wp:term":[{"taxonomy":"category","embeddable":true,"href":"https:\/\/www.europesays.com\/es\/wp-json\/wp\/v2\/categories?post=245187"},{"taxonomy":"post_tag","embeddable":true,"href":"https:\/\/www.europesays.com\/es\/wp-json\/wp\/v2\/tags?post=245187"}],"curies":[{"name":"wp","href":"https:\/\/api.w.org\/{rel}","templated":true}]}}