{"id":245200,"date":"2025-11-19T20:53:09","date_gmt":"2025-11-19T20:53:09","guid":{"rendered":"https:\/\/www.europesays.com\/es\/245200\/"},"modified":"2025-11-19T20:53:09","modified_gmt":"2025-11-19T20:53:09","slug":"la-nasa-desvela-al-fin-sus-imagenes-de-3i-atlas-el-misterioso-cuerpo-interestelar-parece-un-cometa-y-se-mueve-como-un-cometa-ciencia","status":"publish","type":"post","link":"https:\/\/www.europesays.com\/es\/245200\/","title":{"rendered":"La NASA desvela al fin sus im\u00e1genes de 3I\/ATLAS, el \u2018misterioso\u2019 cuerpo interestelar: \u201cParece un cometa y se mueve como un cometa\u201d | Ciencia"},"content":{"rendered":"<p class=\"\">La NASA ha roto <a href=\"https:\/\/elpais.com\/ciencia\/2025-10-08\/captado-desde-marte-al-cometa-3iatlas-el-tercer-visitante-de-fuera-del-sistema-solar.html\" target=\"_self\" rel=\"nofollow noopener\" title=\"https:\/\/elpais.com\/ciencia\/2025-10-08\/captado-desde-marte-al-cometa-3iatlas-el-tercer-visitante-de-fuera-del-sistema-solar.html\">su silencio sobre el cometa 3I\/ATLAS<\/a>, tras m\u00e1s de un mes y medio sin difundir informaci\u00f3n ni im\u00e1genes. Este mi\u00e9rcoles, la agencia espacial de EE UU ha compartido sus m\u00e1s recientes im\u00e1genes del objeto interestelar, recopiladas por ocho de sus misiones cient\u00edficas en diferentes puntos del sistema solar. Desde sus observatorios en la Tierra hasta sus sondas en Marte, pasando por el telescopio espacial Hubble, <a href=\"https:\/\/science.nasa.gov\/solar-system\/comets\/3i-atlas\/comet-3i-atlas-image-gallery\/\" target=\"_self\" rel=\"nofollow noopener\" title=\"https:\/\/science.nasa.gov\/solar-system\/comets\/3i-atlas\/comet-3i-atlas-image-gallery\/\">las fotograf\u00edas y se\u00f1ales captadas y desveladas ahora por la NASA<\/a> ayudan a que la comunidad cient\u00edfica tenga una idea mucho mejor de c\u00f3mo es realmente este objeto astron\u00f3mico tan inusual y misterioso. <\/p>\n<p class=\"\">Amit Kshatriya, asociado de la agencia espacial tom\u00f3 la palabra al principio de la conferencia de prensa \u2014celebrada en el Centro de Vuelo Espacial Goddard de la NASA, en Maryland (EE UU)\u2014 para aludir <a href=\"https:\/\/elpais.com\/ciencia\/2025-11-01\/el-3iatlas-ni-nave-espacial-ni-origen-alienigena-si-pudiesemos-encontrar-otras-civilizaciones-no-seria-por-los-cometas.html\" target=\"_self\" rel=\"nofollow noopener\" title=\"https:\/\/elpais.com\/ciencia\/2025-11-01\/el-3iatlas-ni-nave-espacial-ni-origen-alienigena-si-pudiesemos-encontrar-otras-civilizaciones-no-seria-por-los-cometas.html\">a los rumores del supuesto origen alien\u00edgena del cometa:<\/a> \u201cTodos los datos e im\u00e1genes muestran que se ve como un cometa, se comporta como un cometa y se mueve como un cometa. Por lo tanto, es un cometa: no hay ning\u00fan indicio de que sea algo diferente\u201d, declar\u00f3 Statler, quien dej\u00f3 claro que si no hab\u00edan salido a acallar esos rumores ha sido por el reciente cierre de las administraciones que, como la NASA, dependen del Gobierno federal estadounidense.<\/p>\n<p>M\u00e1s informaci\u00f3n<\/p>\n<p class=\"\">El cometa fue detectado por primera vez el pasado 1 de julio, por el Sistema de \u00daltima Alerta de Impacto Terrestre de Asteroides (ATLAS, por sus siglas en ingl\u00e9s), una red de defensa planetaria formada por cinco telescopios repartidos por diferentes puntos de la Tierra \u2014uno de ellos situado en Espa\u00f1a, <a href=\"https:\/\/www.iac.es\/es\/divulgacion\/noticias\/3iatlas-el-iac-sigue-de-cerca-el-tercer-objeto-interestelar-detectado-en-el-sistema-solar\" target=\"_self\" rel=\"nofollow noopener\" title=\"https:\/\/www.iac.es\/es\/divulgacion\/noticias\/3iatlas-el-iac-sigue-de-cerca-el-tercer-objeto-interestelar-detectado-en-el-sistema-solar\">concretamente en el Teide<\/a>\u2014. Su nombre viene de ese sistema de alerta y de que es el tercer (3) objeto interestelar (I) detectado por la humanidad dentro de nuestro propio vecindario espacial, procedente de alg\u00fan otro lugar de nuestra galaxia, la V\u00eda L\u00e1ctea. Las observaciones del 3I\/ATLAS enseguida descartaron que suponga ninguna amenaza para la Tierra: su m\u00e1xima aproximaci\u00f3n ser\u00e1 a m\u00e1s de 273 millones de kil\u00f3metros, el 19 de diciembre, y eso es casi el doble de distancia que hay entre nuestro planeta y el Sol.<\/p>\n<p class=\"\">A pesar de que este cometa interestelar que est\u00e1 cruzando el sistema solar no tiene ning\u00fan riesgo de impactar con la Tierra, sus peculiaridades han dado lugar a todo tipo de teor\u00edas sobre su origen. El mes pasado, Avi Loeb, un f\u00edsico de la prestigiosa Universidad Harvard plante\u00f3 la hip\u00f3tesis de que el 3I\/ATLAS no era en realidad un cometa, sino una nave alien\u00edgena, y que se acercaba al centro de nuestro sistema planetario para, desde all\u00ed, lanzar sondas hacia la Tierra y otros planetas. Ese acercamiento m\u00e1ximo al Sol sucedi\u00f3 el 29 de octubre \u2014pas\u00f3 a unos 210 millones de kil\u00f3metros\u2014 y nada ha cambiado desde entonces en el comportamiento de este objeto astron\u00f3mico. <\/p>\n<p class=\"\">Loeb ya atribuy\u00f3 origen alien\u00edgena al primer cometa interestelar detectado \u20141I\/\u02bbOumuamua, en 2017\u2014 y es una figura con un impacto medi\u00e1tico m\u00e1s basado en avivar este tipo de controversias que en sus investigaciones cient\u00edficas sobre cometas y asteroides. El consenso entre los expertos en ese campo es que sus hip\u00f3tesis son \u201cdescabelladas\u201d y fruto de meras especulaciones. Sin embargo, la idea del origen alien\u00edgena del 3I\/ATLAS ha encontrado amplio eco en las redes sociales, fomentado por teor\u00edas de la conspiraci\u00f3n que buscaban solidez en el silencio mantenido por la NASA durante el \u00faltimo mes y medio, en lo que respecta a este objeto astron\u00f3mico.<\/p>\n<p class=\"\">Sin embargo, el silencio de la NASA ha sido general y tiene que ver con el reciente cierre del Gobierno de EE UU \u2014el m\u00e1s largo de su historia, entre el 1 de octubre y el 12 de noviembre de este a\u00f1o\u2014. Adem\u00e1s de que miles de empleados p\u00fablicos no recibieran sus sueldos durante ese per\u00edodo, otra de las consecuencias es que las redes sociales de la agencia espacial han estado sin ninguna actividad durante ese per\u00edodo: ni para hablar del 3I\/ATLAS ni siquiera del \u00e9xito del lanzamiento de dos sondas gemelas hacia Marte, realizado la semana pasada por <a href=\"https:\/\/elpais.com\/ciencia\/2025-11-13\/jeff-bezos-lanza-por-primera-vez-una-mision-a-marte-y-se-adelanta-a-elon-musk-su-rival-en-la-carrera-espacial.html\" target=\"_self\" rel=\"nofollow noopener\" title=\"https:\/\/elpais.com\/ciencia\/2025-11-13\/jeff-bezos-lanza-por-primera-vez-una-mision-a-marte-y-se-adelanta-a-elon-musk-su-rival-en-la-carrera-espacial.html\">un cohete New Glenn del magnate tecnol\u00f3gico Jeff Bezos.<\/a><\/p>\n<p class=\"\">[Noticia de \u00faltima hora. Habr\u00e1 ampliaci\u00f3n en breve]<\/p>\n","protected":false},"excerpt":{"rendered":"La NASA ha roto su silencio sobre el cometa 3I\/ATLAS, tras m\u00e1s de un mes y medio sin&hellip;\n","protected":false},"author":2,"featured_media":245201,"comment_status":"","ping_status":"","sticky":false,"template":"","format":"standard","meta":{"footnotes":""},"categories":[81],"tags":[17006,647,119,123,124,17004,352,25,878,21512,24,629,62723,62724,25293,62722,17929,642,117,121,122,648,23,118,120,9911,25292],"class_list":{"0":"post-245200","1":"post","2":"type-post","3":"status-publish","4":"format-standard","5":"has-post-thumbnail","7":"category-ciencia-y-tecnologia","8":"tag-astrofisica","9":"tag-astronomia","10":"tag-ciencia","11":"tag-ciencia-y-tecnologia","12":"tag-cienciaytecnologia","13":"tag-cometas","14":"tag-donald-trump","15":"tag-es","16":"tag-esa","17":"tag-espacio-exterior","18":"tag-espana","19":"tag-estados-unidos","20":"tag-extraterrestres","21":"tag-fenomenos-paranormales","22":"tag-galaxias","23":"tag-hubble","24":"tag-marte","25":"tag-nasa","26":"tag-science","27":"tag-science-and-technology","28":"tag-scienceandtechnology","29":"tag-sistema-solar","30":"tag-spain","31":"tag-technology","32":"tag-tecnologia","33":"tag-universo","34":"tag-via-lactea"},"share_on_mastodon":{"url":"https:\/\/pubeurope.com\/@es\/115578352820875468","error":""},"_links":{"self":[{"href":"https:\/\/www.europesays.com\/es\/wp-json\/wp\/v2\/posts\/245200","targetHints":{"allow":["GET"]}}],"collection":[{"href":"https:\/\/www.europesays.com\/es\/wp-json\/wp\/v2\/posts"}],"about":[{"href":"https:\/\/www.europesays.com\/es\/wp-json\/wp\/v2\/types\/post"}],"author":[{"embeddable":true,"href":"https:\/\/www.europesays.com\/es\/wp-json\/wp\/v2\/users\/2"}],"replies":[{"embeddable":true,"href":"https:\/\/www.europesays.com\/es\/wp-json\/wp\/v2\/comments?post=245200"}],"version-history":[{"count":0,"href":"https:\/\/www.europesays.com\/es\/wp-json\/wp\/v2\/posts\/245200\/revisions"}],"wp:featuredmedia":[{"embeddable":true,"href":"https:\/\/www.europesays.com\/es\/wp-json\/wp\/v2\/media\/245201"}],"wp:attachment":[{"href":"https:\/\/www.europesays.com\/es\/wp-json\/wp\/v2\/media?parent=245200"}],"wp:term":[{"taxonomy":"category","embeddable":true,"href":"https:\/\/www.europesays.com\/es\/wp-json\/wp\/v2\/categories?post=245200"},{"taxonomy":"post_tag","embeddable":true,"href":"https:\/\/www.europesays.com\/es\/wp-json\/wp\/v2\/tags?post=245200"}],"curies":[{"name":"wp","href":"https:\/\/api.w.org\/{rel}","templated":true}]}}