{"id":245234,"date":"2025-11-19T21:17:10","date_gmt":"2025-11-19T21:17:10","guid":{"rendered":"https:\/\/www.europesays.com\/es\/245234\/"},"modified":"2025-11-19T21:17:10","modified_gmt":"2025-11-19T21:17:10","slug":"las-minutas-de-la-fed-muestran-apoyo-al-fin-del-endurecimiento-cuantitativo","status":"publish","type":"post","link":"https:\/\/www.europesays.com\/es\/245234\/","title":{"rendered":"Las minutas de la Fed muestran apoyo al fin del endurecimiento cuantitativo"},"content":{"rendered":"\n<p class=\"yf-1090901\">Por Michael S. Derby<\/p>\n<p class=\"yf-1090901\">19 nov (Reuters) -La decisi\u00f3n de la Reserva Federal del mes pasado \u200bde anunciar una inminente interrupci\u00f3n de la reducci\u00f3n de \u200csu balance, antes de lo que muchos esperaban, tuvo un amplio apoyo \u200cde los banqueros centrales, seg\u00fan las minutas de la reuni\u00f3n de pol\u00edtica monetaria de finales de octubre publicadas el mi\u00e9rcoles.<\/p>\n<p class=\"yf-1090901\">Los banqueros tambi\u00e9n expresaron su inter\u00e9s en ajustar la cartera de bonos del banco central \u2060desde plazos m\u00e1s largos \u200chacia letras del Tesoro.<\/p>\n<p class=\"yf-1090901\">\u00abMuchos participantes indicaron que una mayor proporci\u00f3n de letras del Tesoro podr\u00eda proporcionar a \u200dla Reserva Federal m\u00e1s flexibilidad\u00bb a la hora de hacer frente a las necesidades de liquidez del mercado, mostraron las minutas de la reuni\u00f3n \u200bdel Comit\u00e9 Federal de Mercado Abierto del 28 y 29 \u200cde octubre.<\/p>\n<p class=\"yf-1090901\">El documento a\u00f1adi\u00f3 que \u00abvarios participantes tambi\u00e9n se\u00f1alaron que una mayor proporci\u00f3n de letras del Tesoro podr\u00eda aumentar la flexibilidad para futuros ajustes de la pol\u00edtica monetaria sin tener que elevar el nivel de reservas\u00bb.<\/p>\n<p class=\"yf-1090901\">En la reuni\u00f3n de octubre, la Fed \u2060dijo que pondr\u00eda fin al proceso conocido \u200bcomo endurecimiento cuantitativo, o QT, \u200bel 1 de diciembre.<\/p>\n<p class=\"yf-1090901\">Lo hizo con el objetivo de asegurarse de que hab\u00eda suficiente liquidez en el sistema \u200dfinanciero para mantener un \u2060firme control sobre el tipo de los fondos federales, su principal herramienta para alcanzar sus objetivos de pol\u00edtica monetaria,\u2060 y para permitir la volatilidad normal del mercado monetario.<\/p>\n<p class=\"yf-1090901\">(Reporte de Michael S.\u200c Derby; Edici\u00f3n de Chizu Nomiyama; edici\u00f3n \u200cen espa\u00f1ol de Ra\u00fal Cort\u00e9s Fern\u00e1ndez)<\/p>\n","protected":false},"excerpt":{"rendered":"Por Michael S. Derby 19 nov (Reuters) -La decisi\u00f3n de la Reserva Federal del mes pasado \u200bde anunciar&hellip;\n","protected":false},"author":2,"featured_media":245235,"comment_status":"","ping_status":"","sticky":false,"template":"","format":"standard","meta":{"footnotes":""},"categories":[80],"tags":[82,95,94,25,24,468,62726,102,50629,1843,23],"class_list":{"0":"post-245234","1":"post","2":"type-post","3":"status-publish","4":"format-standard","5":"has-post-thumbnail","7":"category-economia","8":"tag-business","9":"tag-economia","10":"tag-economy","11":"tag-es","12":"tag-espana","13":"tag-la-reunion","14":"tag-letras-del-tesoro","15":"tag-politica-monetaria","16":"tag-por-michael-s-derby","17":"tag-reserva-federal","18":"tag-spain"},"share_on_mastodon":{"url":"https:\/\/pubeurope.com\/@es\/115578447199576123","error":""},"_links":{"self":[{"href":"https:\/\/www.europesays.com\/es\/wp-json\/wp\/v2\/posts\/245234","targetHints":{"allow":["GET"]}}],"collection":[{"href":"https:\/\/www.europesays.com\/es\/wp-json\/wp\/v2\/posts"}],"about":[{"href":"https:\/\/www.europesays.com\/es\/wp-json\/wp\/v2\/types\/post"}],"author":[{"embeddable":true,"href":"https:\/\/www.europesays.com\/es\/wp-json\/wp\/v2\/users\/2"}],"replies":[{"embeddable":true,"href":"https:\/\/www.europesays.com\/es\/wp-json\/wp\/v2\/comments?post=245234"}],"version-history":[{"count":0,"href":"https:\/\/www.europesays.com\/es\/wp-json\/wp\/v2\/posts\/245234\/revisions"}],"wp:featuredmedia":[{"embeddable":true,"href":"https:\/\/www.europesays.com\/es\/wp-json\/wp\/v2\/media\/245235"}],"wp:attachment":[{"href":"https:\/\/www.europesays.com\/es\/wp-json\/wp\/v2\/media?parent=245234"}],"wp:term":[{"taxonomy":"category","embeddable":true,"href":"https:\/\/www.europesays.com\/es\/wp-json\/wp\/v2\/categories?post=245234"},{"taxonomy":"post_tag","embeddable":true,"href":"https:\/\/www.europesays.com\/es\/wp-json\/wp\/v2\/tags?post=245234"}],"curies":[{"name":"wp","href":"https:\/\/api.w.org\/{rel}","templated":true}]}}