{"id":245251,"date":"2025-11-19T21:31:37","date_gmt":"2025-11-19T21:31:37","guid":{"rendered":"https:\/\/www.europesays.com\/es\/245251\/"},"modified":"2025-11-19T21:31:37","modified_gmt":"2025-11-19T21:31:37","slug":"para-hacer-espacios-con-mucho-zen-uso-materiales-naturales-y-texturas-calidas","status":"publish","type":"post","link":"https:\/\/www.europesays.com\/es\/245251\/","title":{"rendered":"Para hacer espacios con mucho zen, uso materiales naturales y texturas c\u00e1lidas"},"content":{"rendered":"<p data-journey-content=\"true\" data-node-id=\"2\" class=\"css-6wxqfj emevuu60\">Cuando los propietarios de este piso acudieron a la <strong data-node-id=\"2.1\">decoradora Inna Myers<\/strong>, ten\u00edan muy clara la idea: <strong data-node-id=\"2.3\">quer\u00edan un interior contempor\u00e1neo<\/strong>, de <a href=\"https:\/\/www.elledecor.com\/es\/decoracion\/a34128778\/salones-estilo-minimalista-acogedor-decoracion-ideas\/\" target=\"_blank\" data-vars-ga-outbound-link=\"https:\/\/www.elledecor.com\/es\/decoracion\/a34128778\/salones-estilo-minimalista-acogedor-decoracion-ideas\/\" data-vars-ga-ux-element=\"Hyperlink\" data-vars-ga-call-to-action=\"estilo minimalista \" data-node-id=\"2.5\" class=\"body-link css-15fjk10 emevuu60\" rel=\"nofollow noopener\">estilo minimalista <\/a>y con abundancia en madera natural. Esta vivienda es un pied-\u00e0-terre, aunque no descartan convertirla alg\u00fan d\u00eda en su residencia principal. Sin embargo, bast\u00f3 observar la arquitectura del edificio para entender que el lugar ped\u00eda un enfoque distinto a lo que ellos planteaban. Inna propuso<strong data-node-id=\"2.9\"> incorporar elementos cl\u00e1sicos sobre una base moderna<\/strong>: <a href=\"https:\/\/www.elledecor.com\/es\/decoracion\/g61249595\/molduras-techo-ideas-casa-elegante\/\" target=\"_blank\" data-vars-ga-outbound-link=\"https:\/\/www.elledecor.com\/es\/decoracion\/g61249595\/molduras-techo-ideas-casa-elegante\/\" data-vars-ga-ux-element=\"Hyperlink\" data-vars-ga-call-to-action=\"molduras de escayola en las paredes \" data-node-id=\"2.11\" class=\"body-link css-15fjk10 emevuu60\" rel=\"nofollow noopener\">molduras de escayola en las paredes <\/a>y una ligera ornamentaci\u00f3n en el techo. \u00abFue uno de esos proyectos en los que todo fluy\u00f3 desde el principio: compartimos la misma visi\u00f3n con los propietarios\u00bb, explica la interiorista.<br data-node-id=\"2.13\"\/><\/p>\n<p data-journey-content=\"true\" data-node-id=\"5\" class=\"css-6wxqfj emevuu60\">Con una <strong data-node-id=\"5.1\">superficie de 228 metros cuadrados<\/strong>, la distribuci\u00f3n result\u00f3 muy acertada desde el principio. Las numerosas ventanas ofrec\u00edan m\u00faltiples posibilidades de distribuci\u00f3n, y, dado que la familia est\u00e1 acostumbrada a vivir en una casa amplia, la dise\u00f1adora destin\u00f3 toda la parte derecha a una gran zona com\u00fan de m\u00e1s de 100 metros cuadrados, la cual re\u00fane sal\u00f3n, cocina y comedor. Gracias a los <a href=\"https:\/\/www.elledecor.com\/es\/decoracion\/g34583212\/puertas-correderas-ganar-espacio\/\" target=\"_blank\" data-vars-ga-outbound-link=\"https:\/\/www.elledecor.com\/es\/decoracion\/g34583212\/puertas-correderas-ganar-espacio\/\" data-vars-ga-ux-element=\"Hyperlink\" data-vars-ga-call-to-action=\"cerramientos correderos\" data-node-id=\"5.3\" class=\"body-link css-15fjk10 emevuu60\" rel=\"nofollow noopener\">cerramientos correderos<\/a>, los espacios pueden unirse o separarse seg\u00fan el momento, manteniendo siempre la luz y la sensaci\u00f3n de amplitud.<br data-node-id=\"5.5\"\/><\/p>\n<p><img draggable=\"true\" alt=\"casa madera blanco moderna\" title=\"casa madera blanco moderna\" loading=\"lazy\" width=\"2500\" height=\"3333\" decoding=\"async\" data-nimg=\"1\" style=\"color:transparent;width:100%;height:auto;\"   src=\"https:\/\/www.europesays.com\/es\/wp-content\/uploads\/2025\/11\/recibidor-691d86b4439d1.jpg\" class=\"css-0 e1g79fud0\"\/><a target=\"_blank\" rel=\"noopener nofollow\" data-theme-key=\"base-link\" href=\"https:\/\/pinterest.com\/pin\/create\/button\/?url=https:\/\/www.elledecor.com\/es\/casas\/a69480357\/casa-materiales-naturales-inna-myers-228-metros\/&amp;description=elledecoresp&amp;media=https:\/\/hips.hearstapps.com\/hmg-prod\/images\/recibidor-691d86b4439d1.jpg?resize=1600:*\" class=\"pinterest css-on9hn5 e1c1bym14\"><img decoding=\"async\" data-dynamic-svg=\"true\" src=\"https:\/\/www.elledecor.com\/_assets\/design-tokens\/fre\/static\/icons\/social\/pinterest.e8cf655.svg?primary=%2523ffffff\" loading=\"lazy\" data-testid=\"dynamic-svg-base\" height=\"auto\" width=\"auto\" alt=\"pinterest\" class=\"css-4lml0h e1mlxuuw1\"\/><\/a>Sergey Ananiev<\/p>\n<p>En el vest\u00edbulo, consola negra de Meridiani, puf de Minotti y apliques de pared de Vibia. La consola suspendida, los paneles murales y las puertas fueron realizados a medida por Belado.<\/p>\n<p><img draggable=\"true\" alt=\"casa madera blanco moderna\" title=\"casa madera blanco moderna\" loading=\"lazy\" width=\"2500\" height=\"3333\" decoding=\"async\" data-nimg=\"1\" style=\"color:transparent;width:100%;height:auto;\"   src=\"https:\/\/www.europesays.com\/es\/wp-content\/uploads\/2025\/11\/recibidor-2-691d86c5c42ad.jpg\" class=\"css-0 e1g79fud0\"\/><\/p>\n<p>Sergey Ananiev<\/p>\n<p><img draggable=\"true\" alt=\"casa madera blanco moderna\" title=\"casa madera blanco moderna\" loading=\"lazy\" width=\"3333\" height=\"2500\" decoding=\"async\" data-nimg=\"1\" style=\"color:transparent;width:100%;height:auto;\"   src=\"https:\/\/www.europesays.com\/es\/wp-content\/uploads\/2025\/11\/salon-sofa-tv-691d86c689159.jpg\" class=\"css-0 e1g79fud0\"\/><a target=\"_blank\" rel=\"noopener nofollow\" data-theme-key=\"base-link\" href=\"https:\/\/pinterest.com\/pin\/create\/button\/?url=https:\/\/www.elledecor.com\/es\/casas\/a69480357\/casa-materiales-naturales-inna-myers-228-metros\/&amp;description=elledecoresp&amp;media=https:\/\/hips.hearstapps.com\/hmg-prod\/images\/salon-sofa-tv-691d86c689159.jpg?resize=1600:*\" class=\"pinterest css-on9hn5 e1c1bym14\"><img decoding=\"async\" data-dynamic-svg=\"true\" src=\"https:\/\/www.elledecor.com\/_assets\/design-tokens\/fre\/static\/icons\/social\/pinterest.e8cf655.svg?primary=%2523ffffff\" loading=\"lazy\" data-testid=\"dynamic-svg-base\" height=\"auto\" width=\"auto\" alt=\"pinterest\" class=\"css-4lml0h e1mlxuuw1\"\/><\/a>Sergey Ananiev<\/p>\n<p>Sof\u00e1 de Flexform, butacas de B&amp;B Italia, mesas auxiliares de Poliform y mesas de centro de Minotti. La zona de televisi\u00f3n y los cerramientos correderos son de dise\u00f1o a medida por Belado.<\/p>\n<p><br data-node-id=\"9\"\/><img draggable=\"true\" alt=\"casa madera blanco moderna\" title=\"casa madera blanco moderna\" loading=\"lazy\" width=\"3333\" height=\"2500\" decoding=\"async\" data-nimg=\"1\" style=\"color:transparent;width:100%;height:auto;\"   src=\"https:\/\/www.europesays.com\/es\/wp-content\/uploads\/2025\/11\/salon-3-691d86c6761f3.jpg\" class=\"css-0 e1g79fud0\"\/><a target=\"_blank\" rel=\"noopener nofollow\" data-theme-key=\"base-link\" href=\"https:\/\/pinterest.com\/pin\/create\/button\/?url=https:\/\/www.elledecor.com\/es\/casas\/a69480357\/casa-materiales-naturales-inna-myers-228-metros\/&amp;description=elledecoresp&amp;media=https:\/\/hips.hearstapps.com\/hmg-prod\/images\/salon-3-691d86c6761f3.jpg?resize=1600:*\" class=\"pinterest css-on9hn5 e1c1bym14\"><img decoding=\"async\" data-dynamic-svg=\"true\" src=\"https:\/\/www.elledecor.com\/_assets\/design-tokens\/fre\/static\/icons\/social\/pinterest.e8cf655.svg?primary=%2523ffffff\" loading=\"lazy\" data-testid=\"dynamic-svg-base\" height=\"auto\" width=\"auto\" alt=\"pinterest\" class=\"css-4lml0h e1mlxuuw1\"\/><\/a><\/p>\n<p>Sergey Ananiev<\/p>\n<p><img draggable=\"true\" alt=\"casa madera blanco moderna\" title=\"casa madera blanco moderna\" loading=\"lazy\" width=\"2500\" height=\"3333\" decoding=\"async\" data-nimg=\"1\" style=\"color:transparent;width:100%;height:auto;\"   src=\"https:\/\/www.europesays.com\/es\/wp-content\/uploads\/2025\/11\/salon-691d86c5e288d.jpg\" class=\"css-0 e1g79fud0\"\/><a target=\"_blank\" rel=\"noopener nofollow\" data-theme-key=\"base-link\" href=\"https:\/\/pinterest.com\/pin\/create\/button\/?url=https:\/\/www.elledecor.com\/es\/casas\/a69480357\/casa-materiales-naturales-inna-myers-228-metros\/&amp;description=elledecoresp&amp;media=https:\/\/hips.hearstapps.com\/hmg-prod\/images\/salon-691d86c5e288d.jpg?resize=1600:*\" class=\"pinterest css-on9hn5 e1c1bym14\"><img decoding=\"async\" data-dynamic-svg=\"true\" src=\"https:\/\/www.elledecor.com\/_assets\/design-tokens\/fre\/static\/icons\/social\/pinterest.e8cf655.svg?primary=%2523ffffff\" loading=\"lazy\" data-testid=\"dynamic-svg-base\" height=\"auto\" width=\"auto\" alt=\"pinterest\" class=\"css-4lml0h e1mlxuuw1\"\/><\/a><\/p>\n<p>Sergey Ananiev<\/p>\n<p><img draggable=\"true\" alt=\"casa madera blanco moderna\" title=\"casa madera blanco moderna\" loading=\"lazy\" width=\"3333\" height=\"2500\" decoding=\"async\" data-nimg=\"1\" style=\"color:transparent;width:100%;height:auto;\"   src=\"https:\/\/www.europesays.com\/es\/wp-content\/uploads\/2025\/11\/salon-cerramiento-691d86c689a2f.jpg\" class=\"css-0 e1g79fud0\"\/><a target=\"_blank\" rel=\"noopener nofollow\" data-theme-key=\"base-link\" href=\"https:\/\/pinterest.com\/pin\/create\/button\/?url=https:\/\/www.elledecor.com\/es\/casas\/a69480357\/casa-materiales-naturales-inna-myers-228-metros\/&amp;description=elledecoresp&amp;media=https:\/\/hips.hearstapps.com\/hmg-prod\/images\/salon-cerramiento-691d86c689a2f.jpg?resize=1600:*\" class=\"pinterest css-on9hn5 e1c1bym14\"><img decoding=\"async\" data-dynamic-svg=\"true\" src=\"https:\/\/www.elledecor.com\/_assets\/design-tokens\/fre\/static\/icons\/social\/pinterest.e8cf655.svg?primary=%2523ffffff\" loading=\"lazy\" data-testid=\"dynamic-svg-base\" height=\"auto\" width=\"auto\" alt=\"pinterest\" class=\"css-4lml0h e1mlxuuw1\"\/><\/a><\/p>\n<p>Sergey Ananiev<\/p>\n<p><img draggable=\"true\" alt=\"casa cocina comedor\" title=\"casa cocina comedor\" loading=\"lazy\" width=\"2500\" height=\"3333\" decoding=\"async\" data-nimg=\"1\" style=\"color:transparent;width:100%;height:auto;\"   src=\"https:\/\/www.europesays.com\/es\/wp-content\/uploads\/2025\/11\/cocina-comedor-691d868aec721.jpg\" class=\"css-0 e1g79fud0\"\/><a target=\"_blank\" rel=\"noopener nofollow\" data-theme-key=\"base-link\" href=\"https:\/\/pinterest.com\/pin\/create\/button\/?url=https:\/\/www.elledecor.com\/es\/casas\/a69480357\/casa-materiales-naturales-inna-myers-228-metros\/&amp;description=elledecoresp&amp;media=https:\/\/hips.hearstapps.com\/hmg-prod\/images\/cocina-comedor-691d868aec721.jpg?resize=1600:*\" class=\"pinterest css-on9hn5 e1c1bym14\"><img decoding=\"async\" data-dynamic-svg=\"true\" src=\"https:\/\/www.elledecor.com\/_assets\/design-tokens\/fre\/static\/icons\/social\/pinterest.e8cf655.svg?primary=%2523ffffff\" loading=\"lazy\" data-testid=\"dynamic-svg-base\" height=\"auto\" width=\"auto\" alt=\"pinterest\" class=\"css-4lml0h e1mlxuuw1\"\/><\/a><\/p>\n<p>Sergey Ananiev<\/p>\n<p><img draggable=\"true\" alt=\"casa comedor\" title=\"casa comedor\" loading=\"lazy\" width=\"3333\" height=\"2500\" decoding=\"async\" data-nimg=\"1\" style=\"color:transparent;width:100%;height:auto;\"   src=\"https:\/\/www.europesays.com\/es\/wp-content\/uploads\/2025\/11\/comedor-691d869738f50.jpg\" class=\"css-0 e1g79fud0\"\/><a target=\"_blank\" rel=\"noopener nofollow\" data-theme-key=\"base-link\" href=\"https:\/\/pinterest.com\/pin\/create\/button\/?url=https:\/\/www.elledecor.com\/es\/casas\/a69480357\/casa-materiales-naturales-inna-myers-228-metros\/&amp;description=elledecoresp&amp;media=https:\/\/hips.hearstapps.com\/hmg-prod\/images\/comedor-691d869738f50.jpg?resize=1600:*\" class=\"pinterest css-on9hn5 e1c1bym14\"><img decoding=\"async\" data-dynamic-svg=\"true\" src=\"https:\/\/www.elledecor.com\/_assets\/design-tokens\/fre\/static\/icons\/social\/pinterest.e8cf655.svg?primary=%2523ffffff\" loading=\"lazy\" data-testid=\"dynamic-svg-base\" height=\"auto\" width=\"auto\" alt=\"pinterest\" class=\"css-4lml0h e1mlxuuw1\"\/><\/a><\/p>\n<p>Sergey Ananiev<\/p>\n<p><img draggable=\"true\" alt=\"casa madera blanco moderna\" title=\"casa madera blanco moderna\" loading=\"lazy\" width=\"2500\" height=\"3333\" decoding=\"async\" data-nimg=\"1\" style=\"color:transparent;width:100%;height:auto;\"   src=\"https:\/\/www.europesays.com\/es\/wp-content\/uploads\/2025\/11\/isla-cocina-691d86b51d275.jpg\" class=\"css-0 e1g79fud0\"\/><a target=\"_blank\" rel=\"noopener nofollow\" data-theme-key=\"base-link\" href=\"https:\/\/pinterest.com\/pin\/create\/button\/?url=https:\/\/www.elledecor.com\/es\/casas\/a69480357\/casa-materiales-naturales-inna-myers-228-metros\/&amp;description=elledecoresp&amp;media=https:\/\/hips.hearstapps.com\/hmg-prod\/images\/isla-cocina-691d86b51d275.jpg?resize=1600:*\" class=\"pinterest css-on9hn5 e1c1bym14\"><img decoding=\"async\" data-dynamic-svg=\"true\" src=\"https:\/\/www.elledecor.com\/_assets\/design-tokens\/fre\/static\/icons\/social\/pinterest.e8cf655.svg?primary=%2523ffffff\" loading=\"lazy\" data-testid=\"dynamic-svg-base\" height=\"auto\" width=\"auto\" alt=\"pinterest\" class=\"css-4lml0h e1mlxuuw1\"\/><\/a>Sergey Ananiev<\/p>\n<p>Cocina con mobiliario de Mittel, l\u00e1mpara sobre la isla de Flos, sillas de Minotti y l\u00e1mpara de techo 07 de Henge sobre la mesa de comedor de Neopolis Casa.<\/p>\n<p data-journey-content=\"true\" data-node-id=\"16\" class=\"css-6wxqfj emevuu60\"><br data-node-id=\"16.0\"\/>La parte izquierda se reserv\u00f3 a la zona privada con los dos dormitorios, cada uno con su vestidor y ba\u00f1o propios. \u00abHemos previsto una habitaci\u00f3n para la hija menor \u2014la mayor ya vive por su cuenta\u2014, pero la dise\u00f1amos pensando en el futuro, como para una joven adulta\u00bb, a\u00f1ade Inna Myers. En el centro se ubican las estancias de servicio: el recibidor, el guardarropa de entrada, un <a href=\"https:\/\/www.elledecor.com\/es\/decoracion\/g34594817\/mini-banos-pequenos-aseos-invitados\/\" target=\"_blank\" data-vars-ga-outbound-link=\"https:\/\/www.elledecor.com\/es\/decoracion\/g34594817\/mini-banos-pequenos-aseos-invitados\/\" data-vars-ga-ux-element=\"Hyperlink\" data-vars-ga-call-to-action=\"ba\u00f1o de invitados\" data-node-id=\"16.2\" class=\"body-link css-15fjk10 emevuu60\" rel=\"nofollow noopener\">ba\u00f1o de invitados<\/a> con ducha y una zona de lavander\u00eda.<\/p>\n<p data-journey-content=\"true\" data-node-id=\"18\" class=\"css-6wxqfj emevuu60\">Los propietarios prefieren los tonos claros \u2014del beis al marfil\u2014 y sienten afinidad por la est\u00e9tica oriental y la interioristas procur\u00f3 cumplir sus deseos. \u00abPara hacer espacios con mucho zen, uso materiales naturales y texturas c\u00e1lidas\u00bb, comenta Inna Myers. En el sal\u00f3n destacan el sof\u00e1 de Flexform y las butacas de B&amp;B Italia, que, pese a su volumen, resultan ligeras a la vista gracias al tapizado de boucl\u00e9. La zona de televisi\u00f3n ocupa toda una pared y oculta unos amplios m\u00f3dulos de almacenaje; la combinaci\u00f3n de vidrio ahumado, madera chapada y cer\u00e1mica aporta equilibrio y ligereza visual. Cuando cae el sol, las sombras de las persianas se proyectan sobre las molduras, dando lugar a un juego de luces y texturas que transforma el ambiente. El <a href=\"https:\/\/www.elledecor.com\/es\/decoracion\/a30178320\/comedor-ideas-decoracion-estilos-colores-distribucion\/\" target=\"_blank\" data-vars-ga-outbound-link=\"https:\/\/www.elledecor.com\/es\/decoracion\/a30178320\/comedor-ideas-decoracion-estilos-colores-distribucion\/\" data-vars-ga-ux-element=\"Hyperlink\" data-vars-ga-call-to-action=\"comedor, articulado en torno a una gran mesa de madera\" data-node-id=\"18.3\" class=\"body-link css-15fjk10 emevuu60\" rel=\"nofollow noopener\">comedor, articulado en torno a una gran mesa de madera<\/a> maciza con bordes redondeados, se caracteriza por la abundante presencia escult\u00f3rica justo del modo en que los propietarios lo hab\u00edan imaginado. El resultado es un proyecto elegante y luminoso, en el que la base cl\u00e1sica se funde con la funcionalidad contempor\u00e1nea y una profunda conexi\u00f3n con los materiales naturales.<\/p>\n<p><img draggable=\"true\" alt=\"dormitorio\" title=\"dormitorio\" loading=\"lazy\" width=\"3333\" height=\"2500\" decoding=\"async\" data-nimg=\"1\" style=\"color:transparent;width:100%;height:auto;\"   src=\"https:\/\/www.europesays.com\/es\/wp-content\/uploads\/2025\/11\/dormitorio-cama-691d86975b7b8.jpg\" class=\"css-0 e1g79fud0\"\/><a target=\"_blank\" rel=\"noopener nofollow\" data-theme-key=\"base-link\" href=\"https:\/\/pinterest.com\/pin\/create\/button\/?url=https:\/\/www.elledecor.com\/es\/casas\/a69480357\/casa-materiales-naturales-inna-myers-228-metros\/&amp;description=elledecoresp&amp;media=https:\/\/hips.hearstapps.com\/hmg-prod\/images\/dormitorio-cama-691d86975b7b8.jpg?resize=1600:*\" class=\"pinterest css-on9hn5 e1c1bym14\"><img decoding=\"async\" data-dynamic-svg=\"true\" src=\"https:\/\/www.elledecor.com\/_assets\/design-tokens\/fre\/static\/icons\/social\/pinterest.e8cf655.svg?primary=%2523ffffff\" loading=\"lazy\" data-testid=\"dynamic-svg-base\" height=\"auto\" width=\"auto\" alt=\"pinterest\" class=\"css-4lml0h e1mlxuuw1\"\/><\/a>Sergey Ananiev<\/p>\n<p>Cama, mesillas y c\u00f3moda de Minotti, con l\u00e1mparas de Vibia.<\/p>\n<p> <img draggable=\"true\" alt=\"dormitorio\" title=\"dormitorio\" loading=\"lazy\" width=\"2500\" height=\"3333\" decoding=\"async\" data-nimg=\"1\" style=\"color:transparent;width:100%;height:auto;\"   src=\"https:\/\/www.europesays.com\/es\/wp-content\/uploads\/2025\/11\/cama-691d868a475c6.jpg\" class=\"css-0 e1g79fud0\"\/><a target=\"_blank\" rel=\"noopener nofollow\" data-theme-key=\"base-link\" href=\"https:\/\/pinterest.com\/pin\/create\/button\/?url=https:\/\/www.elledecor.com\/es\/casas\/a69480357\/casa-materiales-naturales-inna-myers-228-metros\/&amp;description=elledecoresp&amp;media=https:\/\/hips.hearstapps.com\/hmg-prod\/images\/cama-691d868a475c6.jpg?resize=1600:*\" class=\"pinterest css-on9hn5 e1c1bym14\"><img decoding=\"async\" data-dynamic-svg=\"true\" src=\"https:\/\/www.elledecor.com\/_assets\/design-tokens\/fre\/static\/icons\/social\/pinterest.e8cf655.svg?primary=%2523ffffff\" loading=\"lazy\" data-testid=\"dynamic-svg-base\" height=\"auto\" width=\"auto\" alt=\"pinterest\" class=\"css-4lml0h e1mlxuuw1\"\/><\/a><\/p>\n<p>Sergey Ananiev<\/p>\n<p><img draggable=\"true\" alt=\"bano banera\" title=\"bano banera\" loading=\"lazy\" width=\"2500\" height=\"3333\" decoding=\"async\" data-nimg=\"1\" style=\"color:transparent;width:100%;height:auto;\"   src=\"https:\/\/www.europesays.com\/es\/wp-content\/uploads\/2025\/11\/bano-banera-691d868de386f.jpg\" class=\"css-0 e1g79fud0\"\/>Sergey Ananiev<\/p>\n<p>Lavabo de Artceram, grifer\u00eda de Fantini, ba\u00f1era de Victoria + Albert y mobiliario a medida de Belado. Revestimientos en gres porcel\u00e1nico Imola Ceramica, modelo Grey Roots.<\/p>\n<p><img draggable=\"true\" alt=\"bano\" title=\"bano \" loading=\"lazy\" width=\"2500\" height=\"3333\" decoding=\"async\" data-nimg=\"1\" style=\"color:transparent;width:100%;height:auto;\"   src=\"https:\/\/www.europesays.com\/es\/wp-content\/uploads\/2025\/11\/bano-marmol-691d868b0bdd7.jpg\" class=\"css-0 e1g79fud0\"\/><\/p>\n<p>Sergey Ananiev<\/p>\n<p><img draggable=\"true\" alt=\"aseo invitados cuarto de bano\" title=\"aseo invitados cuarto de bano\" loading=\"lazy\" width=\"2500\" height=\"3333\" decoding=\"async\" data-nimg=\"1\" style=\"color:transparent;width:100%;height:auto;\"   src=\"https:\/\/www.europesays.com\/es\/wp-content\/uploads\/2025\/11\/aseo-691d86843438b.jpg\" class=\"css-0 e1g79fud0\"\/>Sergey Ananiev<\/p>\n<p>En el ba\u00f1o de invitados: lavabo y espejo de Artceram, grifer\u00eda de Fantini y gres porcel\u00e1nico Mirage, modelo Jewels Black Gold.<\/p>\n<p data-journey-content=\"true\" data-node-id=\"30\" class=\"css-6wxqfj emevuu60\"><a href=\"https:\/\/innamyers.ru\/\" target=\"_blank\" rel=\"nofollow noopener\" data-vars-ga-outbound-link=\"https:\/\/innamyers.ru\/\" data-vars-ga-ux-element=\"Hyperlink\" data-vars-ga-call-to-action=\"www.innamyers.ru\" data-node-id=\"30.0\" class=\"body-link css-15fjk10 emevuu60\"><strong data-node-id=\"30.0.0\">www.innamyers.ru<\/strong><\/a><br data-node-id=\"30.1.0\"\/><\/p>\n<p><img src=\"https:\/\/www.europesays.com\/es\/wp-content\/uploads\/2025\/11\/1763587897_257_0a0b1622-6a69-46fb-adaf-3452beb84e95_1700567459.file\" alt=\"Headshot of Redacci\u00f3n Elle Decor\" title=\"Headshot of Redacci\u00f3n Elle Decor\" width=\"100%\" height=\"100%\" decoding=\"async\" loading=\"lazy\" class=\"css-o0wq4v ev8dhu53\"\/><\/p>\n<p>\u00a0Desde que lleg\u00f3 a los quioscos espa\u00f1oles por primera vez, en mayo de 1989, ELLE DECOR se ha convertido en una de las publicaciones de referencia en el sector del interiorismo y el dise\u00f1o. Cada d\u00eda en la web y todos los meses en la revista en papel ofrecemos las \u00faltimas novedades en decoraci\u00f3n, dise\u00f1o, arquitectura, arte y lifestyle.<\/p>\n<p>Adem\u00e1s de informarte sobre las \u00faltimas noticias, la redacci\u00f3n de ELLE DECOR selecciona las im\u00e1genes m\u00e1s inspiradoras de los mejores proyectos de interiorismo, entrevista a los dise\u00f1adores, artesanos y artistas del momento para que conozcas su obra y rastrea en busca de nuevas aperturas de restaurantes, hoteles y tiendas.<\/p>\n<p>A nivel internacional, ELLE DECOR est\u00e1 presente en 25 pa\u00edses y es la revista con m\u00e1s prestigio tanto entre los lectores como entre los profesionales del dise\u00f1o.\u00a0<\/p>\n","protected":false},"excerpt":{"rendered":"Cuando los propietarios de este piso acudieron a la decoradora Inna Myers, ten\u00edan muy clara la idea: quer\u00edan&hellip;\n","protected":false},"author":2,"featured_media":245252,"comment_status":"","ping_status":"","sticky":false,"template":"","format":"standard","meta":{"footnotes":""},"categories":[173],"tags":[229,233,231,230,232,253,234,1180,146,147,25,24,23],"class_list":{"0":"post-245251","1":"post","2":"type-post","3":"status-publish","4":"format-standard","5":"has-post-thumbnail","7":"category-arte-y-diseno","8":"tag-arte","9":"tag-arte-y-diseno","10":"tag-arts","11":"tag-arts-and-design","12":"tag-design","13":"tag-discover","14":"tag-diseno","15":"tag-editorial","16":"tag-entertainment","17":"tag-entretenimiento","18":"tag-es","19":"tag-espana","20":"tag-spain"},"share_on_mastodon":{"url":"https:\/\/pubeurope.com\/@es\/115578503125494761","error":""},"_links":{"self":[{"href":"https:\/\/www.europesays.com\/es\/wp-json\/wp\/v2\/posts\/245251","targetHints":{"allow":["GET"]}}],"collection":[{"href":"https:\/\/www.europesays.com\/es\/wp-json\/wp\/v2\/posts"}],"about":[{"href":"https:\/\/www.europesays.com\/es\/wp-json\/wp\/v2\/types\/post"}],"author":[{"embeddable":true,"href":"https:\/\/www.europesays.com\/es\/wp-json\/wp\/v2\/users\/2"}],"replies":[{"embeddable":true,"href":"https:\/\/www.europesays.com\/es\/wp-json\/wp\/v2\/comments?post=245251"}],"version-history":[{"count":0,"href":"https:\/\/www.europesays.com\/es\/wp-json\/wp\/v2\/posts\/245251\/revisions"}],"wp:featuredmedia":[{"embeddable":true,"href":"https:\/\/www.europesays.com\/es\/wp-json\/wp\/v2\/media\/245252"}],"wp:attachment":[{"href":"https:\/\/www.europesays.com\/es\/wp-json\/wp\/v2\/media?parent=245251"}],"wp:term":[{"taxonomy":"category","embeddable":true,"href":"https:\/\/www.europesays.com\/es\/wp-json\/wp\/v2\/categories?post=245251"},{"taxonomy":"post_tag","embeddable":true,"href":"https:\/\/www.europesays.com\/es\/wp-json\/wp\/v2\/tags?post=245251"}],"curies":[{"name":"wp","href":"https:\/\/api.w.org\/{rel}","templated":true}]}}