{"id":245267,"date":"2025-11-19T21:49:13","date_gmt":"2025-11-19T21:49:13","guid":{"rendered":"https:\/\/www.europesays.com\/es\/245267\/"},"modified":"2025-11-19T21:49:13","modified_gmt":"2025-11-19T21:49:13","slug":"la-estrella-del-ciclismo-lorena-wiebes-atropellada-por-un-conductor-que-se-da-a-la-fuga","status":"publish","type":"post","link":"https:\/\/www.europesays.com\/es\/245267\/","title":{"rendered":"La estrella del ciclismo Lorena Wiebes, atropellada por un conductor que se da a la fuga"},"content":{"rendered":"<p data-gtm-element-container=\"modulo-texto-link\" class=\"paragraph\"><strong>Lorena Wiebes<\/strong>, una de las grandes referentes del pelot\u00f3n internacional, ha sufrido en los \u00faltimos d\u00edas<strong> un atropello<\/strong> mientras entrenaba. Ella misma lo ha compartido en las redes sociales.<\/p>\n<p>        Lee tambi\u00e9n<\/p>\n<p>    Celes Piedrabuena<\/p>\n<p>             <img loading=\"lazy\" decoding=\"async\" data-full-src=\"https:\/\/www.mundodeportivo.com\/uploads\/2025\/09\/06\/68bc66865f8ab.jpeg\" alt=\"Horizontal\" src=\"https:\/\/www.europesays.com\/es\/wp-content\/uploads\/2025\/11\/68bc66865f8ab.r_d.1428-2034.jpeg\" class=\"lazy\" width=\"104\" height=\"108\"\/><\/p>\n<p>        Lee tambi\u00e9n<\/p>\n<p>    EFE<\/p>\n<p>             <img loading=\"lazy\" decoding=\"async\" data-full-src=\"https:\/\/www.mundodeportivo.com\/uploads\/2025\/11\/18\/691c700456800.jpeg\" alt=\"El Burgos BH ha anunciado este mediod\u00eda el fichaje de Adri\u00e1n Fajardo, campe\u00f3n de Espa\u00f1a sub-23 de contrarreloj\" src=\"https:\/\/www.europesays.com\/es\/wp-content\/uploads\/2025\/11\/691c700456800.r_d.550-369.jpeg\" class=\"lazy\" width=\"104\" height=\"108\"\/><\/p>\n<p>        Lee tambi\u00e9n<\/p>\n<p>    Redacci\u00f3n<\/p>\n<p>             <img loading=\"lazy\" decoding=\"async\" data-full-src=\"https:\/\/www.mundodeportivo.com\/uploads\/2025\/11\/19\/691d97923adab.jpeg\" alt=\"La empresa canadiense Premier Tech ha decidido seguir apoyando al ciclismo a trav\u00e9s de un equipo continental franc\u00e9s\" src=\"https:\/\/www.europesays.com\/es\/wp-content\/uploads\/2025\/11\/691d97923adab.r_d.491-326.jpeg\" class=\"lazy\" width=\"104\" height=\"108\"\/><\/p>\n<p data-gtm-element-container=\"modulo-texto-link\" class=\"paragraph\">Wiebes se encontraba entrenando cerca de su casa en <strong>Limburgo<\/strong> (Pa\u00edses Bajos) hace unos d\u00edas cuando un coche golpe\u00f3 por detr\u00e1s a su bicicleta y le hizo caer. Con la bicicleta destrozada, Wiebes pudo levantarse por su propio pie, aunque magullada y con heridas visibles.<\/p>\n<p data-gtm-element-container=\"modulo-texto-link\" class=\"paragraph\">Se encuentra recuper\u00e1ndose pero, superado el susto, Wiebes ha explicado que el conductor que le atropell\u00f3 se dio a la fuga y no se detuvo a socorrerla. <strong>\u00abGracias a las dos personas que se pararon para ver que estaba bien. A quien me golpe\u00f3 y se dio a la fuga, decirle que por suerte estoy bien<\/strong>, porque podr\u00eda haber sido mucho peor tras el golpe que recib\u00ed en la espalda\u00bb, ha explicado la neerlandesa.<\/p>\n<p data-gtm-element-container=\"modulo-texto-link\" class=\"paragraph\">Wiebes ha denunciado que esta situaci\u00f3n est\u00e1 muy extendida para los ciclistas que cogen diariamente la bicicleta.<strong> \u00abEs muy frustrante ver c\u00f3mo tantos ciclistas mueren a manos de los conductores\u00bb<\/strong>, ha denunciado.\u00a0<\/p>\n<p data-gtm-element-container=\"modulo-texto-link\" class=\"paragraph\">Wiebes ha cerrado un 2025 estratosf\u00e9rico con el t\u00edtulo mundial de gravel, el cual se une a nada menos que veinticinco victorias en la carretera, entre ellas dos etapas del Giro de Italia, dos del Tour de Francia o la Mil\u00e1n-San Remo. Su objetivo ser\u00e1 recuperarse plenamente para afrontar la temporada 2026.<\/p>\n","protected":false},"excerpt":{"rendered":"Lorena Wiebes, una de las grandes referentes del pelot\u00f3n internacional, ha sufrido en los \u00faltimos d\u00edas un atropello&hellip;\n","protected":false},"author":2,"featured_media":245268,"comment_status":"","ping_status":"","sticky":false,"template":"","format":"standard","meta":{"footnotes":""},"categories":[273],"tags":[313,312,168,25,24,23,167],"class_list":{"0":"post-245267","1":"post","2":"type-post","3":"status-publish","4":"format-standard","5":"has-post-thumbnail","7":"category-ciclismo","8":"tag-ciclismo","9":"tag-cycling","10":"tag-deportes","11":"tag-es","12":"tag-espana","13":"tag-spain","14":"tag-sports"},"share_on_mastodon":{"url":"https:\/\/pubeurope.com\/@es\/115578573121905464","error":""},"_links":{"self":[{"href":"https:\/\/www.europesays.com\/es\/wp-json\/wp\/v2\/posts\/245267","targetHints":{"allow":["GET"]}}],"collection":[{"href":"https:\/\/www.europesays.com\/es\/wp-json\/wp\/v2\/posts"}],"about":[{"href":"https:\/\/www.europesays.com\/es\/wp-json\/wp\/v2\/types\/post"}],"author":[{"embeddable":true,"href":"https:\/\/www.europesays.com\/es\/wp-json\/wp\/v2\/users\/2"}],"replies":[{"embeddable":true,"href":"https:\/\/www.europesays.com\/es\/wp-json\/wp\/v2\/comments?post=245267"}],"version-history":[{"count":0,"href":"https:\/\/www.europesays.com\/es\/wp-json\/wp\/v2\/posts\/245267\/revisions"}],"wp:featuredmedia":[{"embeddable":true,"href":"https:\/\/www.europesays.com\/es\/wp-json\/wp\/v2\/media\/245268"}],"wp:attachment":[{"href":"https:\/\/www.europesays.com\/es\/wp-json\/wp\/v2\/media?parent=245267"}],"wp:term":[{"taxonomy":"category","embeddable":true,"href":"https:\/\/www.europesays.com\/es\/wp-json\/wp\/v2\/categories?post=245267"},{"taxonomy":"post_tag","embeddable":true,"href":"https:\/\/www.europesays.com\/es\/wp-json\/wp\/v2\/tags?post=245267"}],"curies":[{"name":"wp","href":"https:\/\/api.w.org\/{rel}","templated":true}]}}