{"id":245273,"date":"2025-11-19T21:53:16","date_gmt":"2025-11-19T21:53:16","guid":{"rendered":"https:\/\/www.europesays.com\/es\/245273\/"},"modified":"2025-11-19T21:53:16","modified_gmt":"2025-11-19T21:53:16","slug":"el-estiron-de-india-casiraghi-la-heredera-silenciosa-de-dos-imperios-que-empieza-a-destacar","status":"publish","type":"post","link":"https:\/\/www.europesays.com\/es\/245273\/","title":{"rendered":"El estir\u00f3n de India Casiraghi, la heredera silenciosa de dos imperios que empieza a destacar"},"content":{"rendered":"<p id=\"ea1qtL3bi4\" data-wc=\"58\">El D\u00eda Nacional de M\u00f3naco de este a\u00f1o ha servido para tomar de nuevo el pulso a la vida institucional del Principado.<a class=\"hm-link ho-link\" href=\"https:\/\/www.hola.com\/belleza\/20251119868317\/charlene-de-monaco-peinado-invitada-tocado-dia-monaco\/\" data-mrf-recirculation=\"article-body-link\" rel=\"nofollow noopener\" target=\"_blank\">\u00a0Los pr\u00edncipes Alberto y Charlene han estado arropados por toda la familia Grimaldi\u00a0<\/a>que no se ha perdido la misa Te Deum en la Catedral ni el desfile militar desde el m\u00edtico Palacio de la dinast\u00eda.\u00a0<\/p>\n<p> <img src=\"https:\/\/www.europesays.com\/es\/wp-content\/uploads\/2025\/11\/e82cb9575585-dlu595007119.jpg\"   width=\"1024\" height=\"682\" loading=\"lazy\" decoding=\"async\" alt=\"India Casiraghi con sus padres en el D\u00eda Nacional de M\u00f3naco de 2025\" fetchpriority=\"auto\" class=\"image ho-image\"\/>\u00a9 GTRES<\/p>\n<p id=\"eaiUm6o8Q6\" data-wc=\"58\">Han sido los peque\u00f1os de Palacio, los \u00a0que han acaparado parte del protagonismo del acto. Por un lado<a class=\"hm-link ho-link\" href=\"https:\/\/www.hola.com\/realeza\/casa_monaco\/20251119868310\/alberto-charlene-de-monaco-sobrinos-grimaldi-dia-nacional\/\" data-mrf-recirculation=\"article-body-link\" rel=\"nofollow noopener\" target=\"_blank\">, los pr\u00edncipes Jacques y Gabriella, que en unas semanas cumplir\u00e1n 11 a\u00f1os,<\/a> y por otra, los hijos de los sobrinos del pr\u00edncipe Alberto, los ni\u00f1os de Andrea Casiragahi y Tatiana Santo Domingo; Carlota Casiragahi y Pierre Casiraghi y Beatrice Borromeo.\u00a0<\/p>\n<p> <img src=\"https:\/\/www.europesays.com\/es\/wp-content\/uploads\/2025\/11\/c0b1a7839c7c-dlu595007127.jpg\"   width=\"1024\" height=\"682\" loading=\"lazy\" decoding=\"async\" alt=\"India Casiraghi con sus padres en el D\u00eda Nacional de M\u00f3naco de 2025\" fetchpriority=\"auto\" class=\"image ho-image\"\/>\u00a9 GTRES<\/p>\n<p id=\"eI934RMQv_\" data-wc=\"110\">Jacques y Gabriella han estado en el desfile militar, al pie de la espectacular escalera de m\u00e1rmol de Carrara del Patio de Honor del Palacio Grimaldi. El heredero al trono apareci\u00f3, de nuevo, en este acto vestido con&#8217;, a imitaci\u00f3n del de su padre, y no dud\u00f3 en hacer el saludo marcial. La peque\u00f1a Gabriella, combinada con su madre, con un abrigo de estilo cl\u00e1sico en color rojo, diadema y zapatos a juego. Tanto la Princesa como su hija han lucido los colores de la bandera nacional monegasca. Debajo de este abrigo, Gabriella, quien tambi\u00e9n llev\u00f3 pendientes de perlas, llevaba un vestido, tambi\u00e9n en color carmes\u00ed, con mangas largas transparentes.\u00a0<\/p>\n<p> <img src=\"https:\/\/www.europesays.com\/es\/wp-content\/uploads\/2025\/11\/bf86ce3a64be-dlu595007118.jpg\"   width=\"1024\" height=\"682\" loading=\"lazy\" decoding=\"async\" alt=\"India Casiraghi con sus padres en el D\u00eda Nacional de M\u00f3naco de 2025\" fetchpriority=\"auto\" class=\"image ho-image\"\/>\u00a9 GTRES<\/p>\n<p id=\"eKLXMOIZUQ\" data-wc=\"79\">Tambi\u00e9n el balc\u00f3n de Palacio ha servido para ver a todos los nietos de la princesa Carolina, <a class=\"hm-link ho-link\" href=\"https:\/\/www.hola.com\/realeza\/20251013849243\/beatrice-borromeo-y-pierre-casiraghi-padres-por-tercera-vez\/\" data-mrf-recirculation=\"article-body-link\" rel=\"nofollow noopener\" target=\"_blank\">a todos menos a la benjamina, Bianca Carolina Marta, que naci\u00f3 hace apenas un mes\u00a0<\/a>y se convirti\u00f3 en la tercera hija de Pierre y Beatrice. <strong>Entre ellos ha destacado Rapaha\u00ebl, el hijo mayor de Carlota Casiraghi<\/strong>, que el 17 de diciembre cumplir\u00e1 12 a\u00f1os, <a class=\"hm-link ho-link\" href=\"https:\/\/www.hola.com\/realeza\/casa_monaco\/20250220814243\/india-casiraghi-heredera-del-imperio-discrecion\/\" data-mrf-recirculation=\"article-body-link\" rel=\"nofollow noopener\" target=\"_blank\">e India Casiraghi, la segunda hija de Andrea y Tatiana Santo Domingo, heredera de dos multimillonarios imperios.<\/a><\/p>\n<p id=\"eARgWPsG2t\" data-wc=\"88\">A sus 10 a\u00f1os, India ha aparecido sobre el Palacio Grimaldi muy alta y mayor. No hay duda que ha pegado un estir\u00f3n y que ya da muestras de su estilo. L<strong>lev\u00f3 un abrigo tipo ingl\u00e9s de corte cl\u00e1sico en color marr\u00f3n con los pu\u00f1os,\u00a0<\/strong>los botones y el cuello forrados de terciopelo, bailarinas y leotardos al tono y un simp\u00e1tico sombrero de animal print\u00a0con orejitas. Su pelo, ligeramente m\u00e1s rubio, con ondas desechas. Por debajo del abrigo, <strong>opt\u00f3 por una blusa blanca y una falda estampada.\u00a0<\/strong><\/p>\n<p> <img src=\"https:\/\/www.europesays.com\/es\/wp-content\/uploads\/2025\/11\/58bd3702ff7b-dlu595007120.jpg\"   width=\"682\" height=\"1024\" loading=\"lazy\" decoding=\"async\" alt=\"India Casiraghi con sus padres en el D\u00eda Nacional de M\u00f3naco de 2025\" fetchpriority=\"auto\" class=\"image ho-image\"\/>\u00a9 GTRES<br \/>\nModelo ocasional<\/p>\n<p id=\"ez4h52FMFE\" data-wc=\"73\">Con su espontaneidad y su estilo, India, la \u00fanica nieta de la princesa Carolina, hasta el reciente nacimiento de Bianca, ha conseguido que todos los focos fueran hacia ella. Parece que el mundo de la moda le interesa y recientemente<a class=\"hm-link ho-link\" href=\"https:\/\/www.hola.com\/realeza\/casa_monaco\/20251031864942\/tatiana-santo-domingo-hija-india-disfrazas-halloween-sorprenden-posado-mas-inesperado\/\" data-mrf-recirculation=\"article-body-link\" rel=\"nofollow noopener\" target=\"_blank\">\u00a0ha participado en una campa\u00f1a de la marca de moda \u00e9tica Muzungu Sisters,\u00a0<\/a>fundada por su padre. En dicha acci\u00f3n, madre e hija aparecieron con sus looks\u00a0combinados de estampado de tigre Begal.\u00a0<\/p>\n<p> <img src=\"https:\/\/www.europesays.com\/es\/wp-content\/uploads\/2025\/11\/57af21d1729d-gettyimages-2246871573.jpg\"   width=\"1024\" height=\"682\" loading=\"lazy\" decoding=\"async\" alt=\"India Casiraghi con sus padres en el D\u00eda Nacional de M\u00f3naco de 2025\" fetchpriority=\"auto\" class=\"image ho-image\"\/>\u00a9 Getty ImagesVarias fotos del patio del Palacio Grimaldi en que se ve a India Casiraghi junto a sus padres y el resto de sus familiares<\/p>\n<p id=\"egJ4zazoqX\" data-wc=\"79\">El linaje de India Casiraghi es de leyenda. No solo por ser nieta de la princesa Carolina, sino que tambi\u00e9n es<strong>\u00a0bisnieta de Grace Kelly, la estrella de Hollywood\u00a0<\/strong>que dej\u00f3 el s\u00e9ptimo arte para casarse con el pr\u00edncipe Rainiero. Si por parte de padre procede de una de las sagas m\u00e1s fascinantes de Europa, por parte de madre es bisnieta del industrial colombiano Julio Mario Santo Domingo, que lleg\u00f3 a ocupar el puesto 108 en la lista Forbes.\u00a0<\/p>\n<p> <img src=\"https:\/\/www.europesays.com\/es\/wp-content\/uploads\/2025\/11\/b2ccf5e627f0-gettyimages-2247455201.jpg\"   width=\"1024\" height=\"682\" loading=\"lazy\" decoding=\"async\" alt=\"India Casiraghi, rodeada de sus primos y de sus t\u00edos, Pierre Casiraghi y Beatrice Borromeo \" fetchpriority=\"auto\" class=\"image ho-image\"\/>India Casiraghi, rodeada de sus primos y de sus t\u00edos, Pierre Casiraghi y Beatrice Borromeo<br \/>\nLos d\u00edas que sale de su vida privada<\/p>\n<p id=\"ewfdpQMEkK\" data-wc=\"76\">A pesar de pertenecer a estos dos imperios, India y sus padres mantienen un perfil bastante discreto. Un anonimato que <a class=\"hm-link ho-link\" href=\"https:\/\/www.hola.com\/realeza\/casa_monaco\/20251119868310\/alberto-charlene-de-monaco-sobrinos-grimaldi-dia-nacional\/\" data-mrf-recirculation=\"article-body-link\" rel=\"nofollow noopener\" target=\"_blank\">abandonan cada 19 de noviembre para apoyar al pr\u00edncipe Alberto en su gran d\u00eda como monarca.<\/a> Andrea Casiraghi perdi\u00f3 a su padre, el legendario Stefano Casiraghi, cuando era un ni\u00f1o.<a class=\"hm-link ho-link\" href=\"https:\/\/www.hola.com\/realeza\/casa_monaco\/20251003858482\/stefano-casiraghi-35-aniversario-muerte-en-directo\/\" data-mrf-recirculation=\"article-body-link\" rel=\"nofollow noopener\" target=\"_blank\">\u00a0Su tr\u00e1gica muerte puso de luto a toda una naci\u00f3n y embarg\u00f3 de tristeza a la princesa Carolina<\/a>, que se quedaba viuda con tres hijos peque\u00f1os.\u00a0<\/p>\n<p> <img src=\"https:\/\/www.europesays.com\/es\/wp-content\/uploads\/2025\/11\/07e25fd1e7b3-gettyimages-2247445878.jpg\"   width=\"1024\" height=\"682\" loading=\"lazy\" decoding=\"async\" alt=\"India Casiraghi con sus padres en el D\u00eda de la Fiesta Nacional de M\u00f3naco de 2025\" fetchpriority=\"auto\" class=\"image ho-image\"\/>\u00a9 Getty Images<\/p>\n<p id=\"eyXqH6kvzm\" data-wc=\"81\">Con cierta fama de bohemio y de\u00a0enfant terrible,<a class=\"hm-link ho-link\" href=\"https:\/\/www.hola.com\/realeza\/casa_monaco\/2014020169484\/boda-andrea-casiraghi-tatiana-santo-domingo\/\" data-mrf-recirculation=\"article-body-link\" rel=\"nofollow noopener\" target=\"_blank\">\u00a0Andrea conoci\u00f3 a su mujer gracias a su hermana Carlota Casiraghi.<\/a> Tatiana no casaba con el prototipo de princesa monegasca al estilo Grace Kelly. Su estilo era desenfadado, bohemio y relajado, pero algo en ella denotaba, y ha denotado siempre, que proviene de una de las familias m\u00e1s adineradas de Sudam\u00e9rica. Criada en un ambiente cosmopolita, pol\u00edglota y casi una desconocida hasta que sali\u00f3 a la luz su relaci\u00f3n sentimental con Andrea.\u00a0<\/p>\n<p>Un &#8216;emporio&#8217; que vino con la cerveza<\/p>\n<p id=\"ezF8l_vG2ab\" data-wc=\"81\"><a class=\"hm-link ho-link\" href=\"https:\/\/www.hola.com\/actualidad\/2016050284803\/famila-santo-domingo-quien\/\" data-mrf-recirculation=\"article-body-link\" rel=\"nofollow noopener\" target=\"_blank\">El abuelo de Tatiana comenz\u00f3 a amasar su fortuna en la ciudad colombiana de Barranquilla\u00a0<\/a>a principios del siglo XX con el negocio de la cerveza. Cre\u00f3 un gran holding\u00a0que lleg\u00f3 a agrupar a m\u00e1s de 200 empresas que abarcaron sectores tan variopintos como el transporte a\u00e9reo, las telecomunicaciones, la industria automotriz, la energ\u00eda, la agroindustria y la televisi\u00f3n, entre otros. De su primera matrimonio, con la brasile\u00f1a Edyala Braga, naci\u00f3 Julio Mario Santo Domingo JR., el padre de Tatiana.\u00a0<\/p>\n<p> <img src=\"https:\/\/www.europesays.com\/es\/wp-content\/uploads\/2025\/11\/ea55c618f60a-gettyimages-2247438154.jpg\"   width=\"1024\" height=\"682\" loading=\"lazy\" decoding=\"async\" alt=\"India Casiraghi, con su madre, Tatiana Santo Domingo, y su padre, Andrea Casiraghi\" fetchpriority=\"auto\" class=\"image ho-image\"\/>\u00a9 Getty ImagesIndia Casiraghi, con su madre, Tatiana Santo Domingo, y su padre, Andrea Casiraghi<\/p>\n<p id=\"e4QWAZAJ_v\" data-wc=\"112\"><a class=\"hm-link ho-link\" href=\"https:\/\/www.hola.com\/realeza\/casa_monaco\/2015041578100\/tatiana-santo-domingo-elsa-pataky-nombres-hijos\/\" data-mrf-recirculation=\"article-body-link\" rel=\"nofollow noopener\" target=\"_blank\">India naci\u00f3 en el hospital Portland de Londres el 12 de abril de 2015<\/a> y fue precisamente hace nueve a\u00f1os, cuando ten\u00eda a\u00f1o y medio, cuando hizo su gran debut como una Grimaldi: en el balc\u00f3n del Palacio monegasco durante el D\u00eda de la Fiesta Nacional. Adem\u00e1s de este d\u00eda, a India se la suele ver en otros grandes eventos de<a class=\"hm-link ho-link\" href=\"https:\/\/www.hola.com\/realeza\/casa_monaco\/20250526834089\/carlota-casiraghi-alejandra-de-hannover-nietros-princesa-carolina-formula-1-monaco\/\" data-mrf-recirculation=\"article-body-link\" rel=\"nofollow noopener\" target=\"_blank\">l Principado como es el Gran Premio de F\u00f3rmula 1<\/a>, logrando casi la cuadratura del c\u00edrculo: controlar su privacidad y que tenga una infancia normal y tranquila, a la vez que pertenece a una de las familias reales m\u00e1s fascinantes y que mayor inter\u00e9s siguen despertando a lo largo de las d\u00e9cadas.\u00a0<\/p>\n","protected":false},"excerpt":{"rendered":"El D\u00eda Nacional de M\u00f3naco de este a\u00f1o ha servido para tomar de nuevo el pulso a la&hellip;\n","protected":false},"author":2,"featured_media":245274,"comment_status":"","ping_status":"","sticky":false,"template":"","format":"standard","meta":{"footnotes":""},"categories":[174],"tags":[255,146,147,25,24,256,1027,17329,23,62683],"class_list":{"0":"post-245273","1":"post","2":"type-post","3":"status-publish","4":"format-standard","5":"has-post-thumbnail","7":"category-famosos","8":"tag-celebrities","9":"tag-entertainment","10":"tag-entretenimiento","11":"tag-es","12":"tag-espana","13":"tag-famosos","14":"tag-realeza","15":"tag-realeza-monaco","16":"tag-spain","17":"tag-tatiana-santo-domingo"},"share_on_mastodon":{"url":"https:\/\/pubeurope.com\/@es\/115578589058492311","error":""},"_links":{"self":[{"href":"https:\/\/www.europesays.com\/es\/wp-json\/wp\/v2\/posts\/245273","targetHints":{"allow":["GET"]}}],"collection":[{"href":"https:\/\/www.europesays.com\/es\/wp-json\/wp\/v2\/posts"}],"about":[{"href":"https:\/\/www.europesays.com\/es\/wp-json\/wp\/v2\/types\/post"}],"author":[{"embeddable":true,"href":"https:\/\/www.europesays.com\/es\/wp-json\/wp\/v2\/users\/2"}],"replies":[{"embeddable":true,"href":"https:\/\/www.europesays.com\/es\/wp-json\/wp\/v2\/comments?post=245273"}],"version-history":[{"count":0,"href":"https:\/\/www.europesays.com\/es\/wp-json\/wp\/v2\/posts\/245273\/revisions"}],"wp:featuredmedia":[{"embeddable":true,"href":"https:\/\/www.europesays.com\/es\/wp-json\/wp\/v2\/media\/245274"}],"wp:attachment":[{"href":"https:\/\/www.europesays.com\/es\/wp-json\/wp\/v2\/media?parent=245273"}],"wp:term":[{"taxonomy":"category","embeddable":true,"href":"https:\/\/www.europesays.com\/es\/wp-json\/wp\/v2\/categories?post=245273"},{"taxonomy":"post_tag","embeddable":true,"href":"https:\/\/www.europesays.com\/es\/wp-json\/wp\/v2\/tags?post=245273"}],"curies":[{"name":"wp","href":"https:\/\/api.w.org\/{rel}","templated":true}]}}