{"id":245275,"date":"2025-11-19T21:54:12","date_gmt":"2025-11-19T21:54:12","guid":{"rendered":"https:\/\/www.europesays.com\/es\/245275\/"},"modified":"2025-11-19T21:54:12","modified_gmt":"2025-11-19T21:54:12","slug":"juanfer-el-artista-de-la-residencia-de-denia-expone-en-el-centro-su-obra-pictorica","status":"publish","type":"post","link":"https:\/\/www.europesays.com\/es\/245275\/","title":{"rendered":"Ju\u00e1nfer, el artista de la residencia de D\u00e9nia, expone en el centro su obra pict\u00f3rica"},"content":{"rendered":"<ul>\n<li>De las paredes de las instalaciones de Santa Ll\u00facia cuelgan ahora los cuadros pintados por el usuario Juan Fernando Rodr\u00edguez<\/li>\n<\/ul>\n<p>Juan Fernando Rodr\u00edguez Mar\u00edn es un artista que vive a la residencia de personas mayores Santa Ll\u00facia. Nacido de Alicante, pero vecino de San Vicente del Raspeig \u201cde toda la vida\u201d, Ju\u00e1nfer, su nombre art\u00edstico y con el que todo el mundo lo conoce en el centro, lleg\u00f3 a Santa Ll\u00facia hace ahora tres a\u00f1os. Dice que le gusta estar. Aqu\u00ed puede dar curso a la vertiente art\u00edstica que lo ha acompa\u00f1ado desde la infancia. \u201cRecuerdo que con tres a\u00f1os dibuj\u00e9 la quilla de un barco a la pared de casa\u201d, comenta.<\/p>\n<p><img loading=\"lazy\" decoding=\"async\" class=\"wp-image-1430665 size-full\" src=\"https:\/\/www.europesays.com\/es\/wp-content\/uploads\/2025\/11\/20251119_Visita_expo_Juanfer-10.jpg\" alt=\"Ju\u00e1nfer, el artista de la residencia de D\u00e9nia, expone en el centro su obra pict\u00f3rica\" width=\"1280\" height=\"853\"  \/><\/p>\n<p class=\"wp-caption-text\">Ju\u00e1nfer, ante uno de sus cuadros.<\/p>\n<p>Desde que est\u00e1 en Santa Ll\u00facia, ha pintado numerosas obras, con t\u00e9cnicas como el \u00f3leo, el dibujo, ceras o collage. Ahora, una selecci\u00f3n de esta producci\u00f3n se puede contemplar en las dos plantas comunes de la residencia, para goce de sus compa\u00f1eros y compa\u00f1eras, el personal y visitantes.<\/p>\n<p>De tem\u00e1ticas muy diversas, Ju\u00e1nfer plasma su universo con los trazos, los colores, los textos que acompa\u00f1an algunos de los cuadros: reminiscencias dalinianes, t\u00edtulos sugerentes como\u00a0An\u00eds com\u00fan mono, autorretratos, v\u00edrgenes, flores, las hogueras y las fallas, la mitolog\u00eda\u2026 Todos tienen su lugar en los lienzos de Ju\u00e1nfer.<\/p>\n<p>Preguntado por su cuadro favorito, tarde a elegir uno pero, finalmente, se decide y lo deja para el final del recorrido por la exposici\u00f3n que ha guiado esta ma\u00f1ana acompa\u00f1ada por la regidora de Servicios Sociales, Melani Ivars, la directora de la residencia, Iolanda Cabrera y toda aquella persona que ha querido sumarse por el camino. Y as\u00ed, nuestro itinerario acaba frente a un \u00f3leo sobre lienzo,\u00a0Oda a Miguel Hern\u00e1ndez, junto al que pose satisfecho para las fotograf\u00edas.<\/p>\n","protected":false},"excerpt":{"rendered":"De las paredes de las instalaciones de Santa Ll\u00facia cuelgan ahora los cuadros pintados por el usuario Juan&hellip;\n","protected":false},"author":2,"featured_media":245276,"comment_status":"","ping_status":"","sticky":false,"template":"","format":"standard","meta":{"footnotes":""},"categories":[173],"tags":[517,4071,42598,8937,229,233,231,230,5025,7092,42583,42582,42589,42585,20412,1013,177,42595,209,30922,232,42578,1819,42600,42599,1639,234,13193,146,147,2958,25,24,2793,3931,5270,42591,42596,1667,27050,42590,2441,42593,42594,4911,42579,42588,7080,10,14470,12657,133,42597,1925,42584,42580,42581,4069,2052,952,42592,8485,4286,4113,23,1651,42587,42586,19079,4664,1529,1018,35649],"class_list":{"0":"post-245275","1":"post","2":"type-post","3":"status-publish","4":"format-standard","5":"has-post-thumbnail","7":"category-arte-y-diseno","8":"tag-actualidad","9":"tag-agenda","10":"tag-agenda-cultural","11":"tag-altea","12":"tag-arte","13":"tag-arte-y-diseno","14":"tag-arts","15":"tag-arts-and-design","16":"tag-audios","17":"tag-benidorm","18":"tag-benisa","19":"tag-benissa","20":"tag-callossa-den-sarria","21":"tag-calp","22":"tag-calpe","23":"tag-cartelera","24":"tag-cine","25":"tag-costa-blanca","26":"tag-cultura","27":"tag-denia","28":"tag-design","29":"tag-diari","30":"tag-diario","31":"tag-diario-denia","32":"tag-diario-marina-alta","33":"tag-digital","34":"tag-diseno","35":"tag-el-tiempo","36":"tag-entertainment","37":"tag-entretenimiento","38":"tag-entrevistas","39":"tag-es","40":"tag-espana","41":"tag-espectaculos","42":"tag-festival","43":"tag-festivales","44":"tag-finestrat","45":"tag-informacio","46":"tag-informacion","47":"tag-javea","48":"tag-lalfas-del-pi","49":"tag-la-nucia","50":"tag-la-vila","51":"tag-la-vila-joiosa","52":"tag-marina","53":"tag-marina-alta","54":"tag-moraira","55":"tag-noticia","56":"tag-noticias","57":"tag-noticies","58":"tag-ondara","59":"tag-online","60":"tag-opinio","61":"tag-opinion","62":"tag-pedreguer","63":"tag-pego","64":"tag-pego-y-les-valls","65":"tag-periodico","66":"tag-poesia","67":"tag-politica","68":"tag-polop","69":"tag-programacion","70":"tag-reportajes","71":"tag-servicios","72":"tag-spain","73":"tag-teatro","74":"tag-teulada","75":"tag-teulada-y-moraira","76":"tag-turisme","77":"tag-turismo","78":"tag-ultima-hora","79":"tag-videos","80":"tag-xabia"},"share_on_mastodon":{"url":"","error":"Validation failed: Text character limit of 500 exceeded"},"_links":{"self":[{"href":"https:\/\/www.europesays.com\/es\/wp-json\/wp\/v2\/posts\/245275","targetHints":{"allow":["GET"]}}],"collection":[{"href":"https:\/\/www.europesays.com\/es\/wp-json\/wp\/v2\/posts"}],"about":[{"href":"https:\/\/www.europesays.com\/es\/wp-json\/wp\/v2\/types\/post"}],"author":[{"embeddable":true,"href":"https:\/\/www.europesays.com\/es\/wp-json\/wp\/v2\/users\/2"}],"replies":[{"embeddable":true,"href":"https:\/\/www.europesays.com\/es\/wp-json\/wp\/v2\/comments?post=245275"}],"version-history":[{"count":0,"href":"https:\/\/www.europesays.com\/es\/wp-json\/wp\/v2\/posts\/245275\/revisions"}],"wp:featuredmedia":[{"embeddable":true,"href":"https:\/\/www.europesays.com\/es\/wp-json\/wp\/v2\/media\/245276"}],"wp:attachment":[{"href":"https:\/\/www.europesays.com\/es\/wp-json\/wp\/v2\/media?parent=245275"}],"wp:term":[{"taxonomy":"category","embeddable":true,"href":"https:\/\/www.europesays.com\/es\/wp-json\/wp\/v2\/categories?post=245275"},{"taxonomy":"post_tag","embeddable":true,"href":"https:\/\/www.europesays.com\/es\/wp-json\/wp\/v2\/tags?post=245275"}],"curies":[{"name":"wp","href":"https:\/\/api.w.org\/{rel}","templated":true}]}}