{"id":245289,"date":"2025-11-19T22:04:10","date_gmt":"2025-11-19T22:04:10","guid":{"rendered":"https:\/\/www.europesays.com\/es\/245289\/"},"modified":"2025-11-19T22:04:10","modified_gmt":"2025-11-19T22:04:10","slug":"defensa-civil-de-gaza-reporta-27-muertos-por-ataques-israelies","status":"publish","type":"post","link":"https:\/\/www.europesays.com\/es\/245289\/","title":{"rendered":"Defensa Civil de Gaza reporta 27 muertos por ataques israel\u00edes"},"content":{"rendered":"<p>    <img src=\"https:\/\/www.europesays.com\/es\/wp-content\/uploads\/2025\/11\/2025-11-19T213A353A08Z-90391412.jpg\" width=\"1024\" height=\"682\" alt=\"\" loading=\"eager\" decoding=\"sync\" fetchpriority=\"high\"\/><\/p>\n<p>            afp_tickers        <\/p>\n<p>        Este contenido fue publicado en    <\/p>\n<p>        19 noviembre 2025 &#8211; 22:35\n<\/p>\n<p>La Defensa Civil de Gaza anunci\u00f3 el mi\u00e9rcoles la muerte de 27 personas por bombardeos israel\u00edes que, seg\u00fan el ej\u00e9rcito de este pa\u00eds, respondieron a violaciones del alto el fuego por parte del movimiento islamista palestino Ham\u00e1s.<\/p>\n<p>Los ataques son de los m\u00e1s mort\u00edferos del ej\u00e9rcito israel\u00ed sobre Gaza desde el inicio de la tregua promovida por Donald Trump en el territorio palestino, el 10 de octubre.<\/p>\n<p>Seg\u00fan el organismo de emergencias de este enclave controlado por Ham\u00e1s, los bombardeos dejaron 14 muertos en Ciudad de Gaza, en el norte de la Franja, y otros 13 en torno a Jan Yunis, en el sur.<\/p>\n<p>\u00abLos bombardeos y los muertos empezaron de nuevo. No nos dejan siquiera tiempo de respirar\u00bb, lament\u00f3 a AFP Ahraf Abu Sultan, un hombre de 50 a\u00f1os que justo acababa de volver a Ciudad de Gaza para reparar su casa destruida.<\/p>\n<p>\u00abNo hay esperanza para la vida en Gaza\u00bb, lament\u00f3 Nivine Ahmed, una desplazada que vive en una tienda en Jan Yunis.<\/p>\n<p>\u00abHemos escuchado el ruido de las explosiones y c\u00f3mo se elevaba el humo. La gente corr\u00eda, las sirenas de ambulancias resonaban\u00bb, record\u00f3.<\/p>\n<p>En un comunicado, el ej\u00e9rcito israel\u00ed inform\u00f3 de estos ataques contra \u00abobjetivos terroristas de Ham\u00e1s en la Franja de Gaza\u00bb en respuesta a disparos de milicianos del movimiento contra sus tropas en el sur del territorio.<\/p>\n<p>Aunque los soldados no sufrieron da\u00f1os, \u00abesta acci\u00f3n constituye una violaci\u00f3n del acuerdo de alto al fuego\u00bb, afirm\u00f3.<\/p>\n<p>Ham\u00e1s denunci\u00f3 en un comunicado las acciones como una \u00abescalada peligrosa\u00bb e inst\u00f3 a Estados Unidos a \u00abejercer una presi\u00f3n inmediata y seria\u00bb para forzar a Israel a respetar el acuerdo.<\/p>\n<p>Debido a las restricciones impuestas a los medios en Gaza y las dificultades de acceso en el terreno, AFP no puede verificar de forma independiente las informaciones de ambas partes.<\/p>\n<p>\u2013 Negociaciones estancadas \u2013<\/p>\n<p>El acuerdo de tregua promovido por el presidente estadounidense, Donald Trump, entr\u00f3 en vigor el 10 de octubre y se mantiene a pesar de las hostilidades estalladas entre ambos bandos.<\/p>\n<p>M\u00e1s de 280 palestinos han muerto desde el inicio de alto el fuego, seg\u00fan el Ministerio de Salud de este territorio controlado por Ham\u00e1s.<\/p>\n<p>Los bombardeos m\u00e1s letales tuvieron lugar el 29 de octubre, con m\u00e1s de 100 gazat\u00edes muertos, seg\u00fan Defensa Civil y datos de cinco hospitales del territorio.<\/p>\n<p>Israel asegura que sus ataques se dirigen \u00fanicamente al movimiento islamista y sus aliados, a quienes acusa de vulnerar el alto el fuego.<\/p>\n<p>El pacto contemplaba tambi\u00e9n la liberaci\u00f3n de 20 rehenes capturados por Ham\u00e1s y la devoluci\u00f3n de los cad\u00e1veres de los 28 que fallecieron.<\/p>\n<p>Aunque solo falta por restituir tres cuerpos, la implementaci\u00f3n de la segunda fase del acuerdo promovido por Trump todav\u00eda no ha empezado.<\/p>\n<p>En esta etapa deber\u00eda acordarse los t\u00e9rminos del desarme de Ham\u00e1s, la implementaci\u00f3n de una autoridad de transici\u00f3n y el despliegue de una fuerza internacional de estabilizaci\u00f3n en el enclave.<\/p>\n<p>La guerra empez\u00f3 el 7 de octubre de 2023 con el ataque de Ham\u00e1s contra el sur de Israel que result\u00f3 en la muerte de 1.221 personas, seg\u00fan un recuento con base en datos oficiales.<\/p>\n<p>La ofensiva de represalia israel\u00ed sobre Gaza mat\u00f3 al menos a 69.513 personas, de acuerdo con las cifras del Ministerio de Salud de Gaza, consideradas fiables por la ONU.<\/p>\n<p>glp\/rjm\/smw\/dbh\/mb\/eg\/cr<\/p>\n","protected":false},"excerpt":{"rendered":"afp_tickers Este contenido fue publicado en 19 noviembre 2025 &#8211; 22:35 La Defensa Civil de Gaza anunci\u00f3 el&hellip;\n","protected":false},"author":2,"featured_media":245290,"comment_status":"","ping_status":"","sticky":false,"template":"","format":"standard","meta":{"footnotes":""},"categories":[42],"tags":[17,18,636,13,14,11,61,62,63,64,19,20,9,10,15,16,90,12,21,22,65,66,67],"class_list":{"0":"post-245289","1":"post","2":"type-post","3":"status-publish","4":"format-standard","5":"has-post-thumbnail","7":"category-internacional","8":"tag-breaking-news","9":"tag-breakingnews","10":"tag-conflict","11":"tag-featured-news","12":"tag-featurednews","13":"tag-headlines","14":"tag-internacional","15":"tag-international","16":"tag-international-news","17":"tag-internationalnews","18":"tag-latest-news","19":"tag-latestnews","20":"tag-news","21":"tag-noticias","22":"tag-noticias-destacadas","23":"tag-noticiasdestacadas","24":"tag-ticker","25":"tag-titulares","26":"tag-ultimas-noticias","27":"tag-ultimasnoticias","28":"tag-world","29":"tag-world-news","30":"tag-worldnews"},"share_on_mastodon":{"url":"https:\/\/pubeurope.com\/@es\/115578632218169163","error":""},"_links":{"self":[{"href":"https:\/\/www.europesays.com\/es\/wp-json\/wp\/v2\/posts\/245289","targetHints":{"allow":["GET"]}}],"collection":[{"href":"https:\/\/www.europesays.com\/es\/wp-json\/wp\/v2\/posts"}],"about":[{"href":"https:\/\/www.europesays.com\/es\/wp-json\/wp\/v2\/types\/post"}],"author":[{"embeddable":true,"href":"https:\/\/www.europesays.com\/es\/wp-json\/wp\/v2\/users\/2"}],"replies":[{"embeddable":true,"href":"https:\/\/www.europesays.com\/es\/wp-json\/wp\/v2\/comments?post=245289"}],"version-history":[{"count":0,"href":"https:\/\/www.europesays.com\/es\/wp-json\/wp\/v2\/posts\/245289\/revisions"}],"wp:featuredmedia":[{"embeddable":true,"href":"https:\/\/www.europesays.com\/es\/wp-json\/wp\/v2\/media\/245290"}],"wp:attachment":[{"href":"https:\/\/www.europesays.com\/es\/wp-json\/wp\/v2\/media?parent=245289"}],"wp:term":[{"taxonomy":"category","embeddable":true,"href":"https:\/\/www.europesays.com\/es\/wp-json\/wp\/v2\/categories?post=245289"},{"taxonomy":"post_tag","embeddable":true,"href":"https:\/\/www.europesays.com\/es\/wp-json\/wp\/v2\/tags?post=245289"}],"curies":[{"name":"wp","href":"https:\/\/api.w.org\/{rel}","templated":true}]}}