{"id":245295,"date":"2025-11-19T22:11:10","date_gmt":"2025-11-19T22:11:10","guid":{"rendered":"https:\/\/www.europesays.com\/es\/245295\/"},"modified":"2025-11-19T22:11:10","modified_gmt":"2025-11-19T22:11:10","slug":"a-que-hora-es-el-espana-republica-checa-tv-horario-y-como-ver-los-cuartos-de-final-de-la-copa-davis","status":"publish","type":"post","link":"https:\/\/www.europesays.com\/es\/245295\/","title":{"rendered":"\u00bfA qu\u00e9 hora es el Espa\u00f1a &#8211; Rep\u00fablica Checa? TV, horario y c\u00f3mo ver los cuartos de final de la Copa Davis"},"content":{"rendered":"<p class=\"\"><b>Se termin\u00f3 la espera<\/b>. Este jueves 20 de noviembre, la Selecci\u00f3n espa\u00f1ola de tenis <b>har\u00e1 su debut en los cuartos de final<\/b> de una <a href=\"https:\/\/as.com\/tenis\/copa_davis\/\" target=\"_self\" rel=\"nofollow noopener\" title=\"https:\/\/as.com\/tenis\/copa_davis\/\">Copa Davis<\/a> que este curso se celebra en Bolonia. Eso s\u00ed, lo har\u00e1 con menos favoritismo del esperado <a href=\"https:\/\/as.com\/tenis\/alcaraz-anuncia-que-no-jugara-la-copa-davis-f202511-n\/\" target=\"_self\" rel=\"nofollow noopener\" title=\"https:\/\/as.com\/tenis\/alcaraz-anuncia-que-no-jugara-la-copa-davis-f202511-n\/\">por la baja de \u00faltima hora de Carlos Alcaraz<\/a>, gran estandarte de la Armada <b>que se ha visto obligado a renunciar debido a un edema en el isquiotibial<\/b>.<\/p>\n<p class=\"\">El enfrentamiento ante la Rep\u00fablica Checa <b>no ser\u00e1 ni mucho menos asequible<\/b>. De hecho, cuenta en sus filas con tres tenistas de la zona noble del ranking ATP como <b>Jiri Lehecka<\/b> (17\u00ba), <b>Jakub Mensik<\/b> (19\u00ba) y <b>Tom\u00e1s Machac<\/b> (32\u00ba). Adem\u00e1s, <a href=\"https:\/\/as.com\/tenis\/copa_davis\/republica-checa-el-rival-de-espana-en-cuartos-de-copa-davis-jugadores-y-su-ranking-atp-f202511-n\/\" target=\"_self\" rel=\"nofollow noopener\" title=\"https:\/\/as.com\/tenis\/copa_davis\/republica-checa-el-rival-de-espana-en-cuartos-de-copa-davis-jugadores-y-su-ranking-atp-f202511-n\/\">el bloque est\u00e1 dirigido por Tom\u00e1s Berdych<\/a>, que sabe lo que es levantar dos ensaladeras para su pa\u00eds. Sin duda una ardua tarea para el conjunto de David Ferrer, que est\u00e1 formado por <b>Jaume Munar, Pablo Carre\u00f1o, Marcel Granollers y Pedro Mart\u00ednez<\/b>.<\/p>\n<p>Horarios: \u00bfA qu\u00e9 hora es el Espa\u00f1a &#8211; Rep\u00fablica Checa de los cuartos de final de la Copa Davis?<\/p>\n<p class=\"\">El enfrentamiento de los cuartos de final de la Copa Davis entre Espa\u00f1a y Rep\u00fablica Checa <b>tendr\u00e1 lugar este jueves 20 de noviembre a partir de las 10:00<\/b> (hora peninsular espa\u00f1ola). La eliminatoria se disputar\u00e1 en el BolognaFiere. <\/p>\n<p>Televisi\u00f3n: \u00bfC\u00f3mo ver el Espa\u00f1a &#8211; Rep\u00fablica Checa de los cuartos de final de la Copa Davis?<\/p>\n<p class=\"\">La eliminatoria de cuartos de final de la Copa Davis entre Espa\u00f1a y Rep\u00fablica Checa de este jueves 20 de noviembre <b>se podr\u00e1 ver en directo a trav\u00e9s de Movistar+<\/b>, la plataforma que cuenta con los derechos de retransmisi\u00f3n del torneo en Espa\u00f1a. <b>El partido se emitir\u00e1 a trav\u00e9s del canal Movistar + (dial 7)<\/b>.<\/p>\n<p>Internet: \u00bfD\u00f3nde seguir el Espa\u00f1a &#8211; Rep\u00fablica Checa de los cuartos de final de la Copa Davis?Noticias relacionadas<a href=\"https:\/\/as.com\/tenis\/nadal-celebra-el-aniversario-de-su-retirada-volviendo-a-la-pista-f202511-n\/\" class=\"s_m_w _rt-16x9\" title=\"El balear, que dijo adi\u00f3s al tenis hace un a\u00f1o en la Davis de M\u00e1laga, comparte sesi\u00f3n de entrenamiento con Alexandra Eala en su academia.\" data-tb-link=\"\" rel=\"nofollow noopener\" target=\"_blank\"><img decoding=\"async\" src=\"https:\/\/www.europesays.com\/es\/wp-content\/uploads\/2025\/11\/R6VOF2EBQNC2ZCULYLYHBGVOQY.png\" alt=\"Nadal celebra el aniversario de su retirada volviendo a la pista\" class=\"\" height=\"9\" width=\"16\"   loading=\"lazy\" data-tb-thumbnail=\"\"\/><\/a><a href=\"https:\/\/as.com\/tenis\/copa_davis\/las-horas-mas-dificiles-de-una-espana-inspirada-en-mar-del-plata-f202511-n\/\" class=\"s_m_w _rt-16x9\" title=\"La baja de Carlos Alcaraz afecta seriamente a la Selecci\u00f3n de David Ferrer, cuyos integrantes apelan al esp\u00edritu de equipo para firmar la gesta.\" data-tb-link=\"\" rel=\"nofollow noopener\" target=\"_blank\"><img decoding=\"async\" src=\"https:\/\/www.europesays.com\/es\/wp-content\/uploads\/2025\/11\/WIPGRYXREJGO3LIYP52AQNP6LM.jpg\" alt=\"Las horas m\u00e1s dif\u00edciles de una Espa\u00f1a inspirada en Mar del Plata\" class=\"\" height=\"9\" width=\"16\"   loading=\"lazy\" data-tb-thumbnail=\"\"\/><\/a><\/p>\n<p class=\"\">En <b>AS.com<\/b> tambi\u00e9n se ofrecer\u00e1 una amplia cobertura de los cuartos de final de la Copa Davis entre Espa\u00f1a y Rep\u00fablica Checa. Con nosotros, tendr\u00e1s la narraci\u00f3n <b>punto a punto <\/b>del partido, con im\u00e1genes, v\u00eddeos, <b>la posibilidad de preguntar a nuestros especialistas<\/b>, estad\u00edsticas y todo tipo de informaci\u00f3n al instante. Todo ello, en conexi\u00f3n con nuestro <b>enviado especial <\/b>a Bolonia, <b>Jaime D\u00e1vila<\/b>.<\/p>\n<p class=\"\"><b>\u00a1Tus opiniones importan! <\/b>Comenta en los art\u00edculos y suscr\u00edbete gratis a nuestra <a href=\"https:\/\/asfan.as.com\/newsletters\/\" rel=\"nofollow noopener\" title=\"https:\/\/asfan.as.com\/newsletters\/\" target=\"_blank\">newsletter<\/a> y a las alertas informativas en la <a href=\"https:\/\/as.com\/aplicacion-de-as-n\/\" rel=\"nofollow noopener\" title=\"https:\/\/as.com\/aplicacion-de-as-n\/\" target=\"_blank\">App<\/a> o el canal de <a href=\"https:\/\/www.whatsapp.com\/channel\/0029VaAasdA7j6g745nz9M10\" rel=\"nofollow noopener\" title=\"https:\/\/www.whatsapp.com\/channel\/0029VaAasdA7j6g745nz9M10\" target=\"_blank\">WhatsApp<\/a>.<\/p>\n","protected":false},"excerpt":{"rendered":"Se termin\u00f3 la espera. Este jueves 20 de noviembre, la Selecci\u00f3n espa\u00f1ola de tenis har\u00e1 su debut en&hellip;\n","protected":false},"author":2,"featured_media":245296,"comment_status":"","ping_status":"","sticky":false,"template":"","format":"standard","meta":{"footnotes":""},"categories":[274],"tags":[168,25,24,23,167,327,326],"class_list":{"0":"post-245295","1":"post","2":"type-post","3":"status-publish","4":"format-standard","5":"has-post-thumbnail","7":"category-tenis","8":"tag-deportes","9":"tag-es","10":"tag-espana","11":"tag-spain","12":"tag-sports","13":"tag-tenis","14":"tag-tennis"},"share_on_mastodon":{"url":"https:\/\/pubeurope.com\/@es\/115578659771159871","error":""},"_links":{"self":[{"href":"https:\/\/www.europesays.com\/es\/wp-json\/wp\/v2\/posts\/245295","targetHints":{"allow":["GET"]}}],"collection":[{"href":"https:\/\/www.europesays.com\/es\/wp-json\/wp\/v2\/posts"}],"about":[{"href":"https:\/\/www.europesays.com\/es\/wp-json\/wp\/v2\/types\/post"}],"author":[{"embeddable":true,"href":"https:\/\/www.europesays.com\/es\/wp-json\/wp\/v2\/users\/2"}],"replies":[{"embeddable":true,"href":"https:\/\/www.europesays.com\/es\/wp-json\/wp\/v2\/comments?post=245295"}],"version-history":[{"count":0,"href":"https:\/\/www.europesays.com\/es\/wp-json\/wp\/v2\/posts\/245295\/revisions"}],"wp:featuredmedia":[{"embeddable":true,"href":"https:\/\/www.europesays.com\/es\/wp-json\/wp\/v2\/media\/245296"}],"wp:attachment":[{"href":"https:\/\/www.europesays.com\/es\/wp-json\/wp\/v2\/media?parent=245295"}],"wp:term":[{"taxonomy":"category","embeddable":true,"href":"https:\/\/www.europesays.com\/es\/wp-json\/wp\/v2\/categories?post=245295"},{"taxonomy":"post_tag","embeddable":true,"href":"https:\/\/www.europesays.com\/es\/wp-json\/wp\/v2\/tags?post=245295"}],"curies":[{"name":"wp","href":"https:\/\/api.w.org\/{rel}","templated":true}]}}