{"id":245297,"date":"2025-11-19T22:12:15","date_gmt":"2025-11-19T22:12:15","guid":{"rendered":"https:\/\/www.europesays.com\/es\/245297\/"},"modified":"2025-11-19T22:12:15","modified_gmt":"2025-11-19T22:12:15","slug":"el-frio-y-el-barro-protagonistas-este-sabado-del-trofeo-san-andres","status":"publish","type":"post","link":"https:\/\/www.europesays.com\/es\/245297\/","title":{"rendered":"El fr\u00edo y el barro, protagonistas este s\u00e1bado del Trofeo San Andr\u00e9s"},"content":{"rendered":"<p>\n        El cambio de climatolog\u00eda que se est\u00e1 produciendo durante estos d\u00edas en \u00c1lava marcar\u00e1 sin duda e<strong>l XXXIX Trofeo San Andr\u00e9s de ciclocross<\/strong> que fue presentado este mi\u00e9rcoles y se disputar\u00e1 el s\u00e1bado en Am\u00e9zaga de Zuya.\n<\/p>\n<p class=\"article-body__text \">\n        Hace una semana, cuando la organizaci\u00f3n empez\u00f3 a marcar el circuito, deb\u00eda doblegar sus esfuerzos para poder meter las estacas unos cent\u00edmetros. <strong>Tierra seca y m\u00e1s problemas de los habituales para esta \u00e9poca del a\u00f1o. Pero todo ha ido mutando desde el pasado fin de semana<\/strong>, cuando aparecieron las primeras tormentas.\n<\/p>\n<p class=\"article-body__text \">\n        La situaci\u00f3n ha variado y con lo que los partes climatol\u00f3gicos aventuran encima <strong>el barro est\u00e1 m\u00e1s que garantizado<\/strong>. Lluvia y fr\u00edo ser\u00e1n protagonistas en estas jornadas, as\u00ed que el ciclocross puro se encuentra garantizado.\n<\/p>\n<p class=\"article-body__text \">\n        <strong>El programa competitivo reserva la primera carrera para la categor\u00eda master 40, 50 y 60 <\/strong>a partir de las 9.30 horas. Una hora despu\u00e9s ser\u00e1 el turno para los y las corredoras cadetes.\n<\/p>\n<p class=\"article-body__text \">\n        Tras la primera ceremonia protocolaria llegar\u00e1 a las 12.00 horas el turno para la categor\u00eda j\u00fanior y las chicas, tanto juveniles como sub\u201923 y \u00e9lite. <strong>Cerrar\u00e1 la matinal la categor\u00eda masculina absoluta<\/strong>, adem\u00e1s de los master 30 desde las 13.00 horas.\n<\/p>\n<p>  Sin novedades en el recorrido<\/p>\n<p class=\"article-body__text \">\n        En lo que se refiere al recorrido no hay novedades respecto a lo de estos a\u00f1os anteriores. <strong>Casi 3.000 kil\u00f3metros de cuerda, con unos primeros metros de asfalto antes de afrontar la entrada a la primera campa<\/strong>. En ligera ascensi\u00f3n esos primeros instantes sobre hierba para, tras una ligera bajada, volver a superar un tramo de subida hasta llegar al famoso bosque.\n<\/p>\n<p class=\"article-body__text \">\n        De ah\u00ed, un peque\u00f1o tramo m\u00e1s llevadero hasta pasar a la segunda parte del recorrido y salir de nuevo a un tramo de parcelaria<strong> con el fin de recuperar un poco el resuello <\/strong>y\u00a0de nuevo adentrarse en una zona que se ir\u00e1 poniendo m\u00e1s pesada conforme transcurra la matinal.\n<\/p>\n<p class=\"article-body__text \">\n        Entre los representantes locales, Naiara S\u00e1ez de Jauregi o Haizea Tamayo parten como favoritas en categor\u00eda cadete, <strong>Mikel Llorente en juveniles y Be\u00f1at Fern\u00e1ndez de la Pe\u00f1a en sub\u201923 y \u00e9lite<\/strong>. En total ser\u00e1n 200 los participantes que se den cita este pr\u00f3ximo s\u00e1bado en la prueba zuyana, un cl\u00e1sico del calendario de ciclocross por estas fechas.<\/p>\n","protected":false},"excerpt":{"rendered":"El cambio de climatolog\u00eda que se est\u00e1 produciendo durante estos d\u00edas en \u00c1lava marcar\u00e1 sin duda el XXXIX&hellip;\n","protected":false},"author":2,"featured_media":245298,"comment_status":"","ping_status":"","sticky":false,"template":"","format":"standard","meta":{"footnotes":""},"categories":[273],"tags":[40895,313,312,168,25,24,16249,6874,3397,23,167,7132],"class_list":{"0":"post-245297","1":"post","2":"type-post","3":"status-publish","4":"format-standard","5":"has-post-thumbnail","7":"category-ciclismo","8":"tag-barro","9":"tag-ciclismo","10":"tag-cycling","11":"tag-deportes","12":"tag-es","13":"tag-espana","14":"tag-frio","15":"tag-protagonistas","16":"tag-sabado","17":"tag-spain","18":"tag-sports","19":"tag-trofeo"},"share_on_mastodon":{"url":"https:\/\/pubeurope.com\/@es\/115578663244780264","error":""},"_links":{"self":[{"href":"https:\/\/www.europesays.com\/es\/wp-json\/wp\/v2\/posts\/245297","targetHints":{"allow":["GET"]}}],"collection":[{"href":"https:\/\/www.europesays.com\/es\/wp-json\/wp\/v2\/posts"}],"about":[{"href":"https:\/\/www.europesays.com\/es\/wp-json\/wp\/v2\/types\/post"}],"author":[{"embeddable":true,"href":"https:\/\/www.europesays.com\/es\/wp-json\/wp\/v2\/users\/2"}],"replies":[{"embeddable":true,"href":"https:\/\/www.europesays.com\/es\/wp-json\/wp\/v2\/comments?post=245297"}],"version-history":[{"count":0,"href":"https:\/\/www.europesays.com\/es\/wp-json\/wp\/v2\/posts\/245297\/revisions"}],"wp:featuredmedia":[{"embeddable":true,"href":"https:\/\/www.europesays.com\/es\/wp-json\/wp\/v2\/media\/245298"}],"wp:attachment":[{"href":"https:\/\/www.europesays.com\/es\/wp-json\/wp\/v2\/media?parent=245297"}],"wp:term":[{"taxonomy":"category","embeddable":true,"href":"https:\/\/www.europesays.com\/es\/wp-json\/wp\/v2\/categories?post=245297"},{"taxonomy":"post_tag","embeddable":true,"href":"https:\/\/www.europesays.com\/es\/wp-json\/wp\/v2\/tags?post=245297"}],"curies":[{"name":"wp","href":"https:\/\/api.w.org\/{rel}","templated":true}]}}