{"id":245309,"date":"2025-11-19T22:20:15","date_gmt":"2025-11-19T22:20:15","guid":{"rendered":"https:\/\/www.europesays.com\/es\/245309\/"},"modified":"2025-11-19T22:20:15","modified_gmt":"2025-11-19T22:20:15","slug":"ivan-ferreiro-anuncia-el-estreno-esta-medianoche-del-videoclip-de-su-tema-mas-iconico-que-cumple-20-anos","status":"publish","type":"post","link":"https:\/\/www.europesays.com\/es\/245309\/","title":{"rendered":"Iv\u00e1n Ferreiro anuncia el estreno, esta medianoche, del v\u00eddeoclip de su tema m\u00e1s ic\u00f3nico que cumple 20 a\u00f1os"},"content":{"rendered":"<p class=\"ft-text ft-helper-closenews\"><strong>\u00abDesde aqu\u00ed, desde mi casa; Veo la playa vac\u00eda; Ya lo estaba hace unos d\u00edas; Ahora est\u00e1 llena de lluvia&#8230;\u00bb<\/strong>. As\u00ed arranca uno de las composiciones m\u00e1s ic\u00f3nicas de <a class=\"ft-link ft-link--decoration\" href=\"https:\/\/www.youtube.com\/watch?v=tqfZLeHmi30\" rel=\"nofollow noopener\" target=\"_blank\"><strong>Iv\u00e1n Ferreiro.<\/strong><\/a><\/p>\n<p class=\"ft-text\">Es de esas canciones reconocibles en sus primeros acordes. De esas, <strong>cuyos primeros versos son inolvidables. <\/strong>Tambi\u00e9n el resto de su letra, que se tararea al un\u00edsono por aquellos que la escuchan en un concierto, en una fiesta o en cualquier lugar donde se reproduzca. Es de esos temas que permanecen <strong>imborrables al paso del tiempo.<\/strong><\/p>\n<p class=\"ft-text\">Iv\u00e1n Ferreiro publica en 2005 &#8216;<strong>Turnedo&#8217;,<\/strong> canci\u00f3n que el m\u00fasico gallego\u00a0incluy\u00f3 en su primer \u00e1lbum en solitario\u00a0<strong>Canciones para el tiempo y la distancia<\/strong>. El tema fue compuesto por el propio Iv\u00e1n y por <strong>su hermano,\u00a0Amaro Ferreiro<\/strong>, quien, tiempo despu\u00e9s, confesar\u00eda que est\u00e1 basada en una de sus vivencias.<\/p>\n<p class=\"ft-text\">Fue el primer\u00a0sencillo\u00a0de esa \u00f3pera prima en solitario del m\u00fasico de Nigr\u00e1n, y en 2011, fue incluida en el \u00e1lbum grabado en directo\u00a0<strong>Confesiones de un artista de mierda<\/strong><strong>,<\/strong> interpretado<strong> <\/strong><a class=\"ft-link ft-link--decoration\" href=\"https:\/\/www.youtube.com\/watch?v=BqcyZvAnfB4\" rel=\"nofollow noopener\" target=\"_blank\"><strong>en esta ocasi\u00f3n junto a\u00a0Xoel L\u00f3pez. <\/strong><\/a><\/p>\n<p class=\"ft-text\">Considerada por publicaciones especializadas como la canci\u00f3n con mejor acogida de su autor, &#8216;<strong>Turnedo&#8217;<\/strong> tiene su propio v\u00eddeoclip. <a class=\"ft-link ft-link--decoration\" href=\"https:\/\/www.youtube.com\/watch?v=tqfZLeHmi30\" rel=\"nofollow noopener\" target=\"_blank\">Una producci\u00f3n de realizaci\u00f3n casera con los dos hermanos interpretando la canci\u00f3n con instrumentos de juguete<\/a>, Iv\u00e1n al\u00a0micr\u00f3fono\u00a0y Amaro a la\u00a0guitarra.<\/p>\n<p>Dos d\u00e9cadas despu\u00e9s: versi\u00f3n 2025<\/p>\n<p class=\"ft-text\">Este mi\u00e9rcoles, y cuando se cumplen 20 a\u00f1os de su publicaci\u00f3n, los Ferreiro han anunciado en sus redes sociales que este himno musical y, seguramente, la canci\u00f3n que m\u00e1s solicitan los asistentes en bolos y conciertos del exl\u00edder de Los Piratas, estrena nuevo videoclip: <strong>\u00abA las 00:00, Turnedo 2025\u00bb, publica Iv\u00e1n en sus perfiles de Facebook e Instagram.<\/strong><\/p>\n<p><img decoding=\"async\" src=\"https:\/\/www.europesays.com\/es\/wp-content\/uploads\/2025\/11\/1322b5f0-d6a3-41ff-8e8b-6ba7cef65c69_alta-libre-aspect-ratio_default_0.jpg\" width=\"1200\" height=\"1864\" alt=\"Iv\u00e1n Ferreiro anuncia en sus 'stories' nuevo videoclip de 'Turnedo'.\" class=\"ft-helper-img-rd\" loading=\"lazy\"\/><\/p>\n<p class=\"ft-helper-fontColor-quaternary ft-helper-fontSize-body-S ft-helper-spacer-t-xxs\">Iv\u00e1n Ferreiro anuncia en sus &#8216;stories&#8217; nuevo videoclip de &#8216;Turnedo&#8217;.  \/ Iv\u00e1n Ferreiro Instagram<\/p>\n<p class=\"ft-text\">Cuando el reloj supere las 12 de la noche de este mi\u00e9rcoles 19 de noviembre, y el jueves arranque su jornada, se producir\u00e1 el lanzamiento del v\u00eddeo, realizado para darle a este &#8216;hit&#8217; de los hermanos nigraneses el envoltorio que merece. Algo similar a lo que hizo Iv\u00e1n el pasado mes de septiembre con <strong>&#8216;Hoy por ayer&#8217;<\/strong>,<strong> la joya \u00abperdida\u00bb de Piratas<\/strong> que, como relat\u00f3 FARO en su d\u00eda, <a class=\"ft-link ft-link--decoration\" href=\"https:\/\/www.farodevigo.es\/visado\/escenarios\/2025\/09\/26\/ivan-ferreiro-desempolva-cancion-perdida-piratas-121984082.html\" rel=\"nofollow noopener\" target=\"_blank\">desempolv\u00f3 y sac\u00f3 lustre tambi\u00e9n estrenando un v\u00eddeoclip, <\/a>y cuyo t\u00edtulo fue el escogido por el m\u00fasico gallego para nombrar<strong>\u00a0<\/strong><a href=\"https:\/\/www.farodevigo.es\/ocio\/tv\/2025\/09\/23\/ivan-ferreiro-reinterpretara-gira-canciones-121858840.html\" class=\"ft-link ft-link--decoration\" rel=\"nofollow noopener\" target=\"_blank\"><strong>su gira de 35\u00ba aniversario en el mundo de la m\u00fasica.<\/strong><\/a>\u00a0<\/p>\n<p>La historia de &#8216;Turnedo&#8217;<\/p>\n<p class=\"ft-text\">En 2014, en una encuesta realizada entre sus lectores por la revista especializada\u00a0Rolling Stone, <strong>&#8216;Turnedo&#8217; fue votada como la segunda mejor canci\u00f3n nacional de los \u00faltimos 15 a\u00f1os<\/strong>, por detr\u00e1s de <strong>\u00abA\u00f1os 80\u00bb, de\u00a0Los Piratas<\/strong>. Su coautor, Iv\u00e1n Ferreiro dijo de ella: <strong>\u00abYo la defino como una\u00a0ranchera\u00a0que no se nota que lo es<\/strong>. Amaro y yo mantenemos la teor\u00eda de que todas las canciones son rancheras. <strong>Da igual si las hace Radiohead que Sabina o Calamaro. La letra habla en realidad de Amaro<\/strong>. Al principio intent\u00e9 escribir algo acerca de m\u00ed, pero no lo consegu\u00eda. No me ve\u00eda como el personaje de esa canci\u00f3n. Para cantar algo hay que tener asimilado lo que est\u00e1s diciendo. <strong>Por eso esta letra ten\u00eda que ser sobre mi hermano\u00bb<\/strong>.<\/p>\n<p class=\"ft-text\">En cuanto al t\u00edtulo, este surgi\u00f3 antes de ser compuesta, ya que era un t\u00edtulo sin ning\u00fan significado que a Iv\u00e1n le rondaba la cabeza, seg\u00fan asegur\u00f3 en otras declaraciones. Mientras, su hermano, adem\u00e1s de confesar que la playa de la que habla la canci\u00f3n es\u00a0<strong>Praia Am\u00e9rica, en Nigr\u00e1n<\/strong>, arenal que pod\u00eda ver desde la casa de sus padres, en una entrevista a un peri\u00f3dico nacional cont\u00f3 que la letra surgi\u00f3 tras un desenga\u00f1o amoroso, en \u00ablo que se tarda en escucharla\u00bb, seg\u00fan \u00e9l mismo dijo. Tras contarle<strong> su desamor a una amiga, se fue corriendo a plasmarlo en versos y estrofas<\/strong>, negro sobre blanco, y despu\u00e9s se la llev\u00f3 a su hermano. El resto ya es historia de la m\u00fasica.<\/p>\n<p data-close=\"closedContent\" class=\"subscribeHideForDisplay\">Suscr\u00edbete para seguir leyendo<\/p>\n","protected":false},"excerpt":{"rendered":"\u00abDesde aqu\u00ed, desde mi casa; Veo la playa vac\u00eda; Ya lo estaba hace unos d\u00edas; Ahora est\u00e1 llena&hellip;\n","protected":false},"author":2,"featured_media":245310,"comment_status":"","ping_status":"","sticky":false,"template":"","format":"standard","meta":{"footnotes":""},"categories":[170],"tags":[4187,209,146,147,25,24,1055,62731,4358,45788,53339,184,185,23,62732,13897,57668],"class_list":{"0":"post-245309","1":"post","2":"type-post","3":"status-publish","4":"format-standard","5":"has-post-thumbnail","7":"category-musica","8":"tag-anuncia","9":"tag-cultura","10":"tag-entertainment","11":"tag-entretenimiento","12":"tag-es","13":"tag-espana","14":"tag-estreno","15":"tag-ferreiro","16":"tag-ivan","17":"tag-ivan-ferreiro","18":"tag-medianoche","19":"tag-music","20":"tag-musica","21":"tag-spain","22":"tag-turnedo","23":"tag-videoclip","24":"tag-videoclips"},"share_on_mastodon":{"url":"https:\/\/pubeurope.com\/@es\/115578695109715208","error":""},"_links":{"self":[{"href":"https:\/\/www.europesays.com\/es\/wp-json\/wp\/v2\/posts\/245309","targetHints":{"allow":["GET"]}}],"collection":[{"href":"https:\/\/www.europesays.com\/es\/wp-json\/wp\/v2\/posts"}],"about":[{"href":"https:\/\/www.europesays.com\/es\/wp-json\/wp\/v2\/types\/post"}],"author":[{"embeddable":true,"href":"https:\/\/www.europesays.com\/es\/wp-json\/wp\/v2\/users\/2"}],"replies":[{"embeddable":true,"href":"https:\/\/www.europesays.com\/es\/wp-json\/wp\/v2\/comments?post=245309"}],"version-history":[{"count":0,"href":"https:\/\/www.europesays.com\/es\/wp-json\/wp\/v2\/posts\/245309\/revisions"}],"wp:featuredmedia":[{"embeddable":true,"href":"https:\/\/www.europesays.com\/es\/wp-json\/wp\/v2\/media\/245310"}],"wp:attachment":[{"href":"https:\/\/www.europesays.com\/es\/wp-json\/wp\/v2\/media?parent=245309"}],"wp:term":[{"taxonomy":"category","embeddable":true,"href":"https:\/\/www.europesays.com\/es\/wp-json\/wp\/v2\/categories?post=245309"},{"taxonomy":"post_tag","embeddable":true,"href":"https:\/\/www.europesays.com\/es\/wp-json\/wp\/v2\/tags?post=245309"}],"curies":[{"name":"wp","href":"https:\/\/api.w.org\/{rel}","templated":true}]}}