{"id":245311,"date":"2025-11-19T22:21:11","date_gmt":"2025-11-19T22:21:11","guid":{"rendered":"https:\/\/www.europesays.com\/es\/245311\/"},"modified":"2025-11-19T22:21:11","modified_gmt":"2025-11-19T22:21:11","slug":"el-vestido-fecha-de-estreno-y-trailer-oficial","status":"publish","type":"post","link":"https:\/\/www.europesays.com\/es\/245311\/","title":{"rendered":"El Vestido: Fecha de Estreno y Trailer Oficial"},"content":{"rendered":"<p>&#13;<br \/>\n\t\t\t\t\t&#13;<br \/>\n\t\t\t\t\tYa pod\u00e9is echar un ojo al trailer oficial y p\u00f3ster de El Vestido, la nueva pel\u00edcula de terror protagonizada por Bel\u00e9n Rueda (\u00abEl Orfanato\u00bb), que llegar\u00e1 a los cines el pr\u00f3ximo 13 de febrero de la mano de AF Pictures.<\/p>\n<p>Alicia y su hija Carla se mudan a una vieja casa en busca de un nuevo comienzo tras un divorcio dif\u00edcil. Sin embargo, pronto descubren que la casa guarda una historia oscura, una cadena de tragedias que parecen repetirse generaci\u00f3n tras generaci\u00f3n.<\/p>\n<p>Carla, que lucha por encontrar su lugar en el mundo, comienza a notar que algo en la casa no est\u00e1 bien. Su madre, cada vez m\u00e1s paranoica, empieza a temer que su hija sea la causante de los eventos extra\u00f1os que suceden a su alrededor. Pero la verdad es a\u00fan m\u00e1s aterradora: Alicia es la que est\u00e1 perdiendo el control&#8230; o peor a\u00fan, nunca lo tuvo.<\/p>\n<p>Jacob Santana se ha encargado de dirigir la pel\u00edcula cuyo reparto lo completan Elena Irureta y Bel\u00e9n \u00c9cija.<\/p>\n<p><img decoding=\"async\" class=\"lazyload\" src=\"https:\/\/www.europesays.com\/es\/wp-content\/uploads\/2025\/11\/el-vestido-poster.jpg\"\/><br \/>&#13;<br \/>\n\t\t\t\t\t&#13;<\/p>\n","protected":false},"excerpt":{"rendered":"&#13; &#13; Ya pod\u00e9is echar un ojo al trailer oficial y p\u00f3ster de El Vestido, la nueva pel\u00edcula&hellip;\n","protected":false},"author":2,"featured_media":245312,"comment_status":"","ping_status":"","sticky":false,"template":"","format":"standard","meta":{"footnotes":""},"categories":[169],"tags":[177,146,147,25,24,176,175,23],"class_list":{"0":"post-245311","1":"post","2":"type-post","3":"status-publish","4":"format-standard","5":"has-post-thumbnail","7":"category-cine","8":"tag-cine","9":"tag-entertainment","10":"tag-entretenimiento","11":"tag-es","12":"tag-espana","13":"tag-film","14":"tag-movies","15":"tag-spain"},"share_on_mastodon":{"url":"https:\/\/pubeurope.com\/@es\/115578698947141374","error":""},"_links":{"self":[{"href":"https:\/\/www.europesays.com\/es\/wp-json\/wp\/v2\/posts\/245311","targetHints":{"allow":["GET"]}}],"collection":[{"href":"https:\/\/www.europesays.com\/es\/wp-json\/wp\/v2\/posts"}],"about":[{"href":"https:\/\/www.europesays.com\/es\/wp-json\/wp\/v2\/types\/post"}],"author":[{"embeddable":true,"href":"https:\/\/www.europesays.com\/es\/wp-json\/wp\/v2\/users\/2"}],"replies":[{"embeddable":true,"href":"https:\/\/www.europesays.com\/es\/wp-json\/wp\/v2\/comments?post=245311"}],"version-history":[{"count":0,"href":"https:\/\/www.europesays.com\/es\/wp-json\/wp\/v2\/posts\/245311\/revisions"}],"wp:featuredmedia":[{"embeddable":true,"href":"https:\/\/www.europesays.com\/es\/wp-json\/wp\/v2\/media\/245312"}],"wp:attachment":[{"href":"https:\/\/www.europesays.com\/es\/wp-json\/wp\/v2\/media?parent=245311"}],"wp:term":[{"taxonomy":"category","embeddable":true,"href":"https:\/\/www.europesays.com\/es\/wp-json\/wp\/v2\/categories?post=245311"},{"taxonomy":"post_tag","embeddable":true,"href":"https:\/\/www.europesays.com\/es\/wp-json\/wp\/v2\/tags?post=245311"}],"curies":[{"name":"wp","href":"https:\/\/api.w.org\/{rel}","templated":true}]}}