{"id":245350,"date":"2025-11-19T22:50:14","date_gmt":"2025-11-19T22:50:14","guid":{"rendered":"https:\/\/www.europesays.com\/es\/245350\/"},"modified":"2025-11-19T22:50:14","modified_gmt":"2025-11-19T22:50:14","slug":"proponen-aplazar-ley-de-ia-para-ayudar-a-industria-local-dw-19-11-2025","status":"publish","type":"post","link":"https:\/\/www.europesays.com\/es\/245350\/","title":{"rendered":"proponen aplazar ley de IA para ayudar a industria local \u2013 DW \u2013 19\/11\/2025"},"content":{"rendered":"<p>El brazo ejecutivo de la <a class=\"internal-link\" href=\"https:\/\/www.dw.com\/es\/uni\u00f3n-europea\/t-17410587\" rel=\"nofollow noopener\" target=\"_blank\">Uni\u00f3n Europea (UE)<\/a> propuso este mi\u00e9rcoles (19.11.2025) retrasar la implementaci\u00f3n de unas nuevas reglas sobre la <a class=\"internal-link\" href=\"https:\/\/www.dw.com\/es\/inteligencia-artificial-ia\/t-63771882\" rel=\"nofollow noopener\" target=\"_blank\">inteligencia artificial<\/a> para ayudar a las empresas tecnol\u00f3gicas locales a competir con sus rivales globales.<\/p>\n<p>La estricta <a class=\"internal-link\" href=\"https:\/\/www.dw.com\/es\/inteligencia-artificial-es-europa-competitiva\/a-71564839\" rel=\"nofollow noopener\" target=\"_blank\">regulaci\u00f3n europea<\/a> del sector digital recibi\u00f3 cr\u00edticas de la administraci\u00f3n estadounidense de Donald Trump, pero tambi\u00e9n de empresas y gobiernos de la UE que la ven como un freno al crecimiento.<\/p>\n<p>Bruselas prometi\u00f3 facilitar el desarrollo de la industria local con unas propuestas presentadas este mi\u00e9rcoles que modifican sus <a class=\"internal-link\" href=\"https:\/\/www.dw.com\/es\/china-ganar\u00e1-la-carrera-de-la-inteligencia-artificial-advierte-el-jefe-de-nvidia\/a-74641082\" rel=\"nofollow noopener\" target=\"_blank\">reglas<\/a> de protecci\u00f3n de datos y retrasan la aplicaci\u00f3n de una parte de su nueva normativa <a class=\"internal-link\" href=\"https:\/\/www.dw.com\/es\/google-lanza-gemini-3-su-ia-m\u00e1s-inteligente-y-multimodal-para-competir-con-openai\/a-74796240\" rel=\"nofollow noopener\" target=\"_blank\">IA<\/a>.<\/p>\n<p>\u00abNuestras reglas no deber\u00edan ser un lastre, sino valor a\u00f1adido. Por ello, debemos tomar pasos inmediatos para librarnos del desorden regulatorio\u00bb, dijo la responsable tecnol\u00f3gica del bloque, Henna Virkunnen. La Comisi\u00f3n Europea plantea facilitar el acceso a las <a class=\"internal-link\" href=\"https:\/\/www.dw.com\/es\/google-destina-miles-de-millones-a-construir-centros-de-datos-en-alemania\/a-74732270\" rel=\"nofollow noopener\" target=\"_blank\">bases de datos<\/a> para entrenar modelos de IA, incluso de datos personales si es con \u00abintereses leg\u00edtimos\u00bb, y dar m\u00e1s tiempo a las empresas para adaptarse a la nueva ley de IA.<\/p>\n<p>Asociaciones de defensa de la privacidad de datos criticaron estos cambios, pero la industria tecnol\u00f3gica los celebr\u00f3 como \u00abun paso hacia la simplificaci\u00f3n del complejo paisaje regulatorio de la UE\u00bb.<\/p>\n<p>Las propuestas requieren la aprobaci\u00f3n del Parlamento Europeo y de los Veintisiete pa\u00edses miembros del bloque. La UE aprob\u00f3 una ley in\u00e9dita para regular esta industria que entr\u00f3 en vigor en agosto de 2024. Esta plantea un sistema de restricciones proporcional al riesgo para la sociedad que presenta cada sistema de IA.<\/p>\n<p>ct (afp, reuters, dpa)<\/p>\n<p>\u00a0<\/p>\n","protected":false},"excerpt":{"rendered":"El brazo ejecutivo de la Uni\u00f3n Europea (UE) propuso este mi\u00e9rcoles (19.11.2025) retrasar la implementaci\u00f3n de unas nuevas&hellip;\n","protected":false},"author":2,"featured_media":245351,"comment_status":"","ping_status":"","sticky":false,"template":"","format":"standard","meta":{"footnotes":""},"categories":[42],"tags":[17,18,13,14,11,61,62,63,64,19,20,9,10,15,16,12,21,22,65,66,67],"class_list":{"0":"post-245350","1":"post","2":"type-post","3":"status-publish","4":"format-standard","5":"has-post-thumbnail","7":"category-internacional","8":"tag-breaking-news","9":"tag-breakingnews","10":"tag-featured-news","11":"tag-featurednews","12":"tag-headlines","13":"tag-internacional","14":"tag-international","15":"tag-international-news","16":"tag-internationalnews","17":"tag-latest-news","18":"tag-latestnews","19":"tag-news","20":"tag-noticias","21":"tag-noticias-destacadas","22":"tag-noticiasdestacadas","23":"tag-titulares","24":"tag-ultimas-noticias","25":"tag-ultimasnoticias","26":"tag-world","27":"tag-world-news","28":"tag-worldnews"},"share_on_mastodon":{"url":"https:\/\/pubeurope.com\/@es\/115578812721356249","error":""},"_links":{"self":[{"href":"https:\/\/www.europesays.com\/es\/wp-json\/wp\/v2\/posts\/245350","targetHints":{"allow":["GET"]}}],"collection":[{"href":"https:\/\/www.europesays.com\/es\/wp-json\/wp\/v2\/posts"}],"about":[{"href":"https:\/\/www.europesays.com\/es\/wp-json\/wp\/v2\/types\/post"}],"author":[{"embeddable":true,"href":"https:\/\/www.europesays.com\/es\/wp-json\/wp\/v2\/users\/2"}],"replies":[{"embeddable":true,"href":"https:\/\/www.europesays.com\/es\/wp-json\/wp\/v2\/comments?post=245350"}],"version-history":[{"count":0,"href":"https:\/\/www.europesays.com\/es\/wp-json\/wp\/v2\/posts\/245350\/revisions"}],"wp:featuredmedia":[{"embeddable":true,"href":"https:\/\/www.europesays.com\/es\/wp-json\/wp\/v2\/media\/245351"}],"wp:attachment":[{"href":"https:\/\/www.europesays.com\/es\/wp-json\/wp\/v2\/media?parent=245350"}],"wp:term":[{"taxonomy":"category","embeddable":true,"href":"https:\/\/www.europesays.com\/es\/wp-json\/wp\/v2\/categories?post=245350"},{"taxonomy":"post_tag","embeddable":true,"href":"https:\/\/www.europesays.com\/es\/wp-json\/wp\/v2\/tags?post=245350"}],"curies":[{"name":"wp","href":"https:\/\/api.w.org\/{rel}","templated":true}]}}