{"id":245354,"date":"2025-11-19T22:53:37","date_gmt":"2025-11-19T22:53:37","guid":{"rendered":"https:\/\/www.europesays.com\/es\/245354\/"},"modified":"2025-11-19T22:53:37","modified_gmt":"2025-11-19T22:53:37","slug":"la-trama-de-koldo-puso-en-su-punto-de-mira-la-adjudicacion-millonaria-de-las-obras-del-aeropuerto-de-palma","status":"publish","type":"post","link":"https:\/\/www.europesays.com\/es\/245354\/","title":{"rendered":"La trama de Koldo puso en su punto de mira la adjudicaci\u00f3n millonaria de las obras del aeropuerto de Palma"},"content":{"rendered":"<p>\u00abEdificio procesador Palma\u00bb. Una anotaci\u00f3n en el tel\u00e9fono del exsocio de <a href=\"https:\/\/www.ultimahora.es\/etiqueta\/Santos+Cerd%C3%A1n.html?utm_source=Inline-tag&amp;utm_medium=internal\" rel=\"nofollow noopener\" target=\"_blank\">Santos Cerd\u00e1n<\/a>, ex n\u00famero 3 del PSOE acusado de corrupci\u00f3n y que este martes sali\u00f3 de la c\u00e1rcel tras cinco meses privado de libertad por el llamado \u2018<a href=\"https:\/\/www.ultimahora.es\/etiqueta\/Caso+Koldo.html?utm_source=Inline-tag&amp;utm_medium=internal\" rel=\"nofollow noopener\" target=\"_blank\">caso Koldo<\/a>\u2019, ha disparado todas las alarmas en<strong> la UCO, que cree que la <a href=\"https:\/\/www.ultimahora.es\/etiqueta\/trama.html?utm_source=Inline-tag&amp;utm_medium=internal\" rel=\"nofollow noopener\" target=\"_blank\">trama<\/a> punto en su punto de mira la reforma del aeropuerto de Son Sant Joan<\/strong>. La obra fue adjudicada a la empresa <a href=\"https:\/\/www.ultimahora.es\/etiqueta\/Acciona.html?utm_source=Inline-tag&amp;utm_medium=internal\" rel=\"nofollow noopener\" target=\"_blank\">Acciona<\/a>, por valor de 198 millones de euros.<\/p>\n<p>Este peri\u00f3dico ha tenido acceso al <strong>nuevo informe de la Unidad Central Operativa<\/strong>, con fecha del 11 de noviembre, entregado en la Sala Segunda del Tribunal Supremo, y que a lo largo de 226 p\u00e1ginas sit\u00faan a Cerd\u00e1n como el enlace entre el Gobierno y Acciona para el supuesto ama\u00f1o de adjudicaciones p\u00fablicas.<\/p>\n<p>Seg\u00fan los investigadores de esta unidad de \u00e9lite benem\u00e9rita, <strong>Servinabar, la empresa del exsecretario de organizaci\u00f3n del PSOE, obten\u00eda un 2% neto del importe de adjudicaci\u00f3n<\/strong>. Con respecto a Mallorca, los sospechas recaen en las supuestas intenciones de Koldo Garc\u00eda, el exministro <a href=\"https:\/\/www.ultimahora.es\/etiqueta\/Jos%C3%A9+Luis+%C3%81balos.html?utm_source=Inline-tag&amp;utm_medium=internal\" rel=\"nofollow noopener\" target=\"_blank\">Jos\u00e9 Luis \u00c1balos<\/a> y el propio Cerd\u00e1n, as\u00ed como otros colaboradores, de sacar beneficio de la reforma millonaria del <a href=\"https:\/\/www.ultimahora.es\/etiqueta\/Aeropuerto+de+Palma.html?utm_source=Inline-tag&amp;utm_medium=internal\" rel=\"nofollow noopener\" target=\"_blank\">aeropuerto de Palma<\/a>.<\/p>\n<p><strong>En un tel\u00e9fono<\/strong><br \/>La pista se hall\u00f3 en el tel\u00e9fono m\u00f3vil de Antx\u00f3n Alonso algunas <strong>capturas de pantalla de una nota manuscrita<\/strong> que versaba sobre la adjudicaci\u00f3n a Acciona de las obras palmesanas. Las fotos se tomaron durante una videoconferencia entre el exdirectivo de esa compa\u00f1\u00eda Justo Vicente Pelegrini y el due\u00f1o de la empresa Servinabar S.L. Es entonces cuando escriben \u00abEdificio procesador Palma\u00bb, en presunta referencia a Son Sant Joan. Sin embargo, de momento solo se tratan de sospechas y no hay constancia fehaciente de que se consumara la \u2018mordida\u2019.<\/p>\n<p>Sin embargo, desde la Unidad Central Operativa (UCO) han constatado que se trataba de un procedimiento habitual en la trama, en otras corruptelas constatadas, por lo que en el caso de Palma no se descarta que aparezcan en las pr\u00f3ximas semanas nuevos indicios. <strong>La Guardia Civil ha detectado al menos tres obras supuestamente ama\u00f1adas en Logro\u00f1o, Sevilla y Sant Feli\u00fa de Llobregat<\/strong>, seg\u00fan aparece en el citado informa de la UCO entregado en el Supremo. A ra\u00edz de las \u00faltimas diligencias policiales y los registros llevados a cabo, el magistrado del Tribunal Supremo Leopoldo Puente, que instruye el \u2018caso Koldo\u2019 e investiga a Cerd\u00e1n, ha imputado a tres exdirectivos de Acciona, Justo Vicente Pelegrini, Tom\u00e1s Olarte Sanz y Manuel Jos\u00e9 Garc\u00eda Alconchel.<\/p>\n<p>Tambi\u00e9n ha quedado acreditado que Santos Cerd\u00e1n, desde ayer en libertad provisional, us\u00f3 una tarjeta de Servinabar hasta el d\u00eda antes de la detenci\u00f3n de Koldo, cuando dej\u00f3 de utilizarla. Seg\u00fan la UCO, no solo Cerd\u00e1n se benefici\u00f3 econ\u00f3micamente de aquella relaci\u00f3n con la citada empresa, sino tambi\u00e9n sus familiares m\u00e1s allegados.<\/p>\n","protected":false},"excerpt":{"rendered":"\u00abEdificio procesador Palma\u00bb. Una anotaci\u00f3n en el tel\u00e9fono del exsocio de Santos Cerd\u00e1n, ex n\u00famero 3 del PSOE&hellip;\n","protected":false},"author":2,"featured_media":245355,"comment_status":"","ping_status":"","sticky":false,"template":"","format":"standard","meta":{"footnotes":""},"categories":[5],"tags":[5296,20035,17,18,4334,62742,8706,2272,25,24,13,14,11,5610,19,20,2552,9,10,15,16,62741,2553,2554,62743,2959,8411,23,12,13611,1529,21,22],"class_list":{"0":"post-245354","1":"post","2":"type-post","3":"status-publish","4":"format-standard","5":"has-post-thumbnail","7":"category-titulares","8":"tag-acciona","9":"tag-aeropuerto-de-palma","10":"tag-breaking-news","11":"tag-breakingnews","12":"tag-caso-koldo","13":"tag-caso-mascarillas","14":"tag-comisiones","15":"tag-covid-19","16":"tag-es","17":"tag-espana","18":"tag-featured-news","19":"tag-featurednews","20":"tag-headlines","21":"tag-jose-luis-abalos","22":"tag-latest-news","23":"tag-latestnews","24":"tag-local","25":"tag-news","26":"tag-noticias","27":"tag-noticias-destacadas","28":"tag-noticiasdestacadas","29":"tag-obra-publica","30":"tag-palma","31":"tag-palma-de-mallorca","32":"tag-pandemia-de-coronavirus","33":"tag-pedro-sanchez","34":"tag-santos-cerdan","35":"tag-spain","36":"tag-titulares","37":"tag-trama","38":"tag-ultima-hora","39":"tag-ultimas-noticias","40":"tag-ultimasnoticias"},"share_on_mastodon":{"url":"","error":"Validation failed: Text character limit of 500 exceeded"},"_links":{"self":[{"href":"https:\/\/www.europesays.com\/es\/wp-json\/wp\/v2\/posts\/245354","targetHints":{"allow":["GET"]}}],"collection":[{"href":"https:\/\/www.europesays.com\/es\/wp-json\/wp\/v2\/posts"}],"about":[{"href":"https:\/\/www.europesays.com\/es\/wp-json\/wp\/v2\/types\/post"}],"author":[{"embeddable":true,"href":"https:\/\/www.europesays.com\/es\/wp-json\/wp\/v2\/users\/2"}],"replies":[{"embeddable":true,"href":"https:\/\/www.europesays.com\/es\/wp-json\/wp\/v2\/comments?post=245354"}],"version-history":[{"count":0,"href":"https:\/\/www.europesays.com\/es\/wp-json\/wp\/v2\/posts\/245354\/revisions"}],"wp:featuredmedia":[{"embeddable":true,"href":"https:\/\/www.europesays.com\/es\/wp-json\/wp\/v2\/media\/245355"}],"wp:attachment":[{"href":"https:\/\/www.europesays.com\/es\/wp-json\/wp\/v2\/media?parent=245354"}],"wp:term":[{"taxonomy":"category","embeddable":true,"href":"https:\/\/www.europesays.com\/es\/wp-json\/wp\/v2\/categories?post=245354"},{"taxonomy":"post_tag","embeddable":true,"href":"https:\/\/www.europesays.com\/es\/wp-json\/wp\/v2\/tags?post=245354"}],"curies":[{"name":"wp","href":"https:\/\/api.w.org\/{rel}","templated":true}]}}