{"id":245364,"date":"2025-11-19T23:03:14","date_gmt":"2025-11-19T23:03:14","guid":{"rendered":"https:\/\/www.europesays.com\/es\/245364\/"},"modified":"2025-11-19T23:03:14","modified_gmt":"2025-11-19T23:03:14","slug":"mediaset-despide-fulminantemente-a-alessandro-lequio-tras-casi-30-anos-como-colaborador","status":"publish","type":"post","link":"https:\/\/www.europesays.com\/es\/245364\/","title":{"rendered":"Mediaset despide fulminantemente a Alessandro Lequio tras casi 30 a\u00f1os como colaborador"},"content":{"rendered":"<p>Mediaset ha decidido despedir a Alessandro Lequio como colaborador de &#8216;vamos a ver&#8217; seg\u00fan ha <a href=\"https:\/\/elpais.com\/sociedad\/2025-11-19\/mediaset-prescinde-de-alessandro-lecquio.html\" target=\"_blank\" data-type=\"link\" data-id=\"https:\/\/elpais.com\/sociedad\/2025-11-19\/mediaset-prescinde-de-alessandro-lecquio.html\" rel=\"noreferrer noopener nofollow\">avanzado<\/a> el diario El Pa\u00eds y ha verificado El Televisero. As\u00ed, el grupo de comunicaci\u00f3n prescinde de uno de sus colaboradores m\u00e1s pol\u00e9micos tras m\u00e1s de 30 a\u00f1os siendo cara de sus programas. <\/p>\n<p>Seg\u00fan el citado diario, los motivos que han esgrimido desde Mediaset para prescindir fulminantemente del italiano despu\u00e9s de las acusaciones de maltrato que denunci\u00f3 Antonia Dell&#8217;Atte al mismo peri\u00f3dico en una entrevista hace un mes.<\/p>\n<p>Despu\u00e9s de que Antonia Dell&#8217;Atte denunciara el maltrato al que le someti\u00f3 <a href=\"https:\/\/eltelevisero.huffingtonpost.es\/2025\/11\/alessandro-lequio-recibe-el-corte-del-dia-en-vamos-a-ver-tras-demostrar-que-no-ve-la-isla-de-las-tentaciones-centrate\/\" data-type=\"link\" data-id=\"https:\/\/eltelevisero.huffingtonpost.es\/2025\/11\/alessandro-lequio-recibe-el-corte-del-dia-en-vamos-a-ver-tras-demostrar-que-no-ve-la-isla-de-las-tentaciones-centrate\/\" rel=\"nofollow noopener\" target=\"_blank\">Alessandro Lequio <\/a>cuando estuvieron casados a finales de los 80, en Mediaset empezaron a valorar qu\u00e9 hacer con el italiano y si mantenerle como colaborador en &#8216;Vamos a ver&#8217;. <\/p>\n<p>Tras mantener reuniones con la modelo que fue jueza de &#8216;Bailando con las estrellas&#8217; en su primera edici\u00f3n y con su abogado, la c\u00fapula directiva de Mediaset se ha reunido este mi\u00e9rcoles con la direcci\u00f3n de Unicorn Content para tomar la decisi\u00f3n definitiva despu\u00e9s de que el abogado de Dell&#8217;Atte le entregara toda la documentaci\u00f3n judicial de la causa por la que Lequio denunci\u00f3 a la madre de su hijo Clemente por haberle llamado \u00abmaltratador\u00bb en p\u00fablico durante 20 a\u00f1os. <\/p>\n<p>En la \u00faltima entrevista en El Pa\u00eds, Antonia Dell&#8217;Atte acusaba a Alessandro Lequio de haberle maltratado. \u00abLa primera patada que me dio Lequio, estando embarazada, fue a la vuelta de la luna de miel\u00bb, explic\u00f3 la modelo italiana. Un titular que dio mucho que hablar y que se silenci\u00f3 en numerosos programas y medios. \u00abLa Justicia fall\u00f3 que yo no ment\u00eda cuando lo llamaba maltratador\u00bb, recordaba adem\u00e1s Dell&#8217;Atte. <\/p>\n<p>Todo esto ha derivado que desde Mediaset hayan acordado con Unicorn Content el despido de Alessandro Lequio tras casi 30 a\u00f1os siendo tertuliano en diferentes programas. A ello hay que sumar tambi\u00e9n todas las pol\u00e9micas que ha protagonizado el italiano en &#8216;Vamos a ver&#8217; con enfrentamientos con compa\u00f1eras como Alejandra Rubio o incluso la propia Patricia Pardo. <\/p>\n<p>Alessandro Lequio, despedido tras casi 30 a\u00f1os en Telecinco <\/p>\n<p>De esta manera, Alessandro Lequio dejar\u00e1 de ser colaborador de Telecinco tras casi 30 a\u00f1os. Fue en 1996 cuando Mar\u00eda Teresa Campos le dio la primera oportunidad al italiano de formar parte del m\u00edtico corrillo en &#8216;D\u00eda a d\u00eda&#8217;. Un trabajo que desde 1997 compagin\u00f3 con su participaci\u00f3n en &#8216;Cr\u00f3nicas marcianas&#8217; de Xavier Sard\u00e1. <\/p>\n<p>Tras la marcha de Mar\u00eda Teresa Campos a Antena 3, Alessandro Lequio fue uno de los pocos rostros que se mantuvo en &#8216;D\u00eda a d\u00eda&#8217; con Carolina Ferre. Y despu\u00e9s, el italiano pas\u00f3 a formar parte del equipo de colaboradores de &#8216;El programa de Ana Rosa&#8217; en el que se mantuvo hasta su salto a &#8216;Vamos a ver&#8217;. <\/p>\n","protected":false},"excerpt":{"rendered":"Mediaset ha decidido despedir a Alessandro Lequio como colaborador de &#8216;vamos a ver&#8217; seg\u00fan ha avanzado el diario&hellip;\n","protected":false},"author":2,"featured_media":245365,"comment_status":"","ping_status":"","sticky":false,"template":"","format":"standard","meta":{"footnotes":""},"categories":[174],"tags":[255,146,147,25,24,256,23],"class_list":{"0":"post-245364","1":"post","2":"type-post","3":"status-publish","4":"format-standard","5":"has-post-thumbnail","7":"category-famosos","8":"tag-celebrities","9":"tag-entertainment","10":"tag-entretenimiento","11":"tag-es","12":"tag-espana","13":"tag-famosos","14":"tag-spain"},"share_on_mastodon":{"url":"https:\/\/pubeurope.com\/@es\/115578864056448155","error":""},"_links":{"self":[{"href":"https:\/\/www.europesays.com\/es\/wp-json\/wp\/v2\/posts\/245364","targetHints":{"allow":["GET"]}}],"collection":[{"href":"https:\/\/www.europesays.com\/es\/wp-json\/wp\/v2\/posts"}],"about":[{"href":"https:\/\/www.europesays.com\/es\/wp-json\/wp\/v2\/types\/post"}],"author":[{"embeddable":true,"href":"https:\/\/www.europesays.com\/es\/wp-json\/wp\/v2\/users\/2"}],"replies":[{"embeddable":true,"href":"https:\/\/www.europesays.com\/es\/wp-json\/wp\/v2\/comments?post=245364"}],"version-history":[{"count":0,"href":"https:\/\/www.europesays.com\/es\/wp-json\/wp\/v2\/posts\/245364\/revisions"}],"wp:featuredmedia":[{"embeddable":true,"href":"https:\/\/www.europesays.com\/es\/wp-json\/wp\/v2\/media\/245365"}],"wp:attachment":[{"href":"https:\/\/www.europesays.com\/es\/wp-json\/wp\/v2\/media?parent=245364"}],"wp:term":[{"taxonomy":"category","embeddable":true,"href":"https:\/\/www.europesays.com\/es\/wp-json\/wp\/v2\/categories?post=245364"},{"taxonomy":"post_tag","embeddable":true,"href":"https:\/\/www.europesays.com\/es\/wp-json\/wp\/v2\/tags?post=245364"}],"curies":[{"name":"wp","href":"https:\/\/api.w.org\/{rel}","templated":true}]}}