{"id":245387,"date":"2025-11-19T23:25:19","date_gmt":"2025-11-19T23:25:19","guid":{"rendered":"https:\/\/www.europesays.com\/es\/245387\/"},"modified":"2025-11-19T23:25:19","modified_gmt":"2025-11-19T23:25:19","slug":"djokovic-en-bolonia-para-homenajear-a-su-padre-tenistico","status":"publish","type":"post","link":"https:\/\/www.europesays.com\/es\/245387\/","title":{"rendered":"Djokovic, en Bolonia para homenajear a su padre ten\u00edstico"},"content":{"rendered":"<p data-gtm-element-container=\"modulo-texto-link\" class=\"paragraph\"><strong>Novak Djokovic, Boris Becker e Ivan Ljubicic participaron este mi\u00e9rcoles en Bolonia, sede de la Copa Davis, en un homenaje al croata Nikola &#8216;Niki&#8217; Pilic<\/strong>, fallecido en septiembre de este mismo a\u00f1o.<\/p>\n<p data-gtm-element-container=\"modulo-texto-link\" class=\"paragraph\">Justo antes del duelo entre Italia y Austria de cuartos de final de la Copa Davis tuvo lugar el acto para rememorar la figura de Pilic, padre ten\u00edstico de un Djokovic que no quiso faltar al evento.<\/p>\n<blockquote class=\"twitter-tweet\" data-lang=\"es\"><p>\n<a href=\"https:\/\/twitter.com\/DavisCup\/status\/1991156127770325279\" rel=\"nofollow noopener\" target=\"_blank\">\n<\/p><\/blockquote>\n<p data-gtm-element-container=\"modulo-texto-link\" class=\"paragraph\">\u00ab<strong>Fue m\u00e1s que un entrenador para m\u00ed. Una parte de mi familia. Hoy no ser\u00eda quien soy sin \u00e9l<\/strong>\u00ab, declar\u00f3 &#8216;Nole&#8217; tras su muerte.<\/p>\n<p data-gtm-element-container=\"modulo-texto-link\" class=\"paragraph\">La Davis fue uno de los torneos predilectos del croata, ganador en cinco ocasiones de la &#8216;Ensaladera&#8217; con tres pa\u00edses diferentes: Alemania (1988, 1989 y 1993), Croacia (2005) y Serbia (2010).<\/p>\n<blockquote class=\"twitter-tweet\" data-lang=\"es\"><p>\n<a href=\"https:\/\/twitter.com\/DavisCup\/status\/1991152150840242532\" rel=\"nofollow noopener\" target=\"_blank\">\n<\/p><\/blockquote>\n<p data-gtm-element-container=\"modulo-texto-link\" class=\"paragraph\">Pilic, fallecido el 22 de septiembre a los 86 a\u00f1os,<strong> fue tambi\u00e9n entrenador de Boris Becker, Goran Ivanisevic o Michael Stich.<\/strong><\/p>\n<p>    Lee tambi\u00e9n<\/p>\n<p data-gtm-element-container=\"modulo-texto-link\" class=\"paragraph\">Como jugador, adem\u00e1s de finalista de Roland Garros en 1973, sufri\u00f3 la suspensi\u00f3n de la Federaci\u00f3n Yugoslava de Tenis durante nueve meses por no jugar en un partido de la Copa Davis contra Nueva Zelanda en Zagreb.<\/p>\n<p data-gtm-element-container=\"modulo-texto-link\" class=\"paragraph\">La Federaci\u00f3n Internacional de Tenis confirm\u00f3 la suspensi\u00f3n, pero la redujo a un mes, por lo que no pudo disputar los Abiertos de Italia y Alemania, y la primera semana de Wimbledon.<\/p>\n<p data-gtm-element-container=\"modulo-texto-link\" class=\"paragraph\">Esa suspensi\u00f3n provoc\u00f3 creaci\u00f3n de la Asociaci\u00f3n de Tenistas Profesionales, que m\u00e1s tarde se uni\u00f3 con los directores de torneos en 1990 para formar el circuito ATP.<\/p>\n<p><script async src=\"https:\/\/platform.twitter.com\/widgets.js\" charset=\"utf-8\"><\/script><\/p>\n","protected":false},"excerpt":{"rendered":"Novak Djokovic, Boris Becker e Ivan Ljubicic participaron este mi\u00e9rcoles en Bolonia, sede de la Copa Davis, en&hellip;\n","protected":false},"author":2,"featured_media":245388,"comment_status":"","ping_status":"","sticky":false,"template":"","format":"standard","meta":{"footnotes":""},"categories":[274],"tags":[168,25,24,23,167,327,326],"class_list":{"0":"post-245387","1":"post","2":"type-post","3":"status-publish","4":"format-standard","5":"has-post-thumbnail","7":"category-tenis","8":"tag-deportes","9":"tag-es","10":"tag-espana","11":"tag-spain","12":"tag-sports","13":"tag-tenis","14":"tag-tennis"},"share_on_mastodon":{"url":"https:\/\/pubeurope.com\/@es\/115578950360144707","error":""},"_links":{"self":[{"href":"https:\/\/www.europesays.com\/es\/wp-json\/wp\/v2\/posts\/245387","targetHints":{"allow":["GET"]}}],"collection":[{"href":"https:\/\/www.europesays.com\/es\/wp-json\/wp\/v2\/posts"}],"about":[{"href":"https:\/\/www.europesays.com\/es\/wp-json\/wp\/v2\/types\/post"}],"author":[{"embeddable":true,"href":"https:\/\/www.europesays.com\/es\/wp-json\/wp\/v2\/users\/2"}],"replies":[{"embeddable":true,"href":"https:\/\/www.europesays.com\/es\/wp-json\/wp\/v2\/comments?post=245387"}],"version-history":[{"count":0,"href":"https:\/\/www.europesays.com\/es\/wp-json\/wp\/v2\/posts\/245387\/revisions"}],"wp:featuredmedia":[{"embeddable":true,"href":"https:\/\/www.europesays.com\/es\/wp-json\/wp\/v2\/media\/245388"}],"wp:attachment":[{"href":"https:\/\/www.europesays.com\/es\/wp-json\/wp\/v2\/media?parent=245387"}],"wp:term":[{"taxonomy":"category","embeddable":true,"href":"https:\/\/www.europesays.com\/es\/wp-json\/wp\/v2\/categories?post=245387"},{"taxonomy":"post_tag","embeddable":true,"href":"https:\/\/www.europesays.com\/es\/wp-json\/wp\/v2\/tags?post=245387"}],"curies":[{"name":"wp","href":"https:\/\/api.w.org\/{rel}","templated":true}]}}