{"id":245394,"date":"2025-11-19T23:32:22","date_gmt":"2025-11-19T23:32:22","guid":{"rendered":"https:\/\/www.europesays.com\/es\/245394\/"},"modified":"2025-11-19T23:32:22","modified_gmt":"2025-11-19T23:32:22","slug":"museo-metropolitano-de-arte-revela-la-tematica-de-la-met-gala-2026-arte-del-vestuario","status":"publish","type":"post","link":"https:\/\/www.europesays.com\/es\/245394\/","title":{"rendered":"Museo Metropolitano de Arte revela la tem\u00e1tica de la Met Gala 2026: \u201cArte del Vestuario\u201d"},"content":{"rendered":"<p>La <strong>MET Gala<\/strong>, el evento anual de moda del Museo Metropolitano de Arte de Nueva York (Met), explorar\u00e1 el \u2018Arte del Vestuario\u2019, indagando en la moda como arte y la relaci\u00f3n entre la ropa y el cuerpo.<br \/>\n\u201cEl cuerpo est\u00e1 moldeado por las prendas y la apariencia de las prendas se inspira y refleja en el cuerpo\u201d, explic\u00f3 este lunes el director ejecutivo de la instituci\u00f3n, Max Hollein, en una rueda de prensa en la que estaba presente Anna Wintour, presidenta de la MET Gala, que se sent\u00f3 al lado del dise\u00f1ador Michael Kors.<br \/>\n<strong>El popular evento se celebrar\u00e1 el 4 de mayo de 2026<\/strong> en el interior del museo, mientras que la gran exposici\u00f3n de primavera, del mismo tema, se podr\u00e1 ver en el Met desde el 10 de mayo de ese a\u00f1o hasta el 10 de enero de 2027.<\/p>\n<p>Andrew Bolton, curador a cargo del Instituto del Traje del Met (Costume Institute), incidi\u00f3 en que el t\u00edtulo de la muestra (Costume Art, en ingl\u00e9s) alude a la historia de la propia instituci\u00f3n, que se fund\u00f3 en 1946 como una entidad independiente llamada Museo del Arte del Vestuario.<br \/>\nBolton destac\u00f3 que la exposici\u00f3n proclama el estatus de la moda como arte: \u201cEn las \u00faltimas d\u00e9cadas, la moda ha ido ganando cada vez m\u00e1s aceptaci\u00f3n como un tema digno de la misma contemplaci\u00f3n que las artes tradicionales, la pintura y la escultura\u201d.<br \/>\nPor ello, la muestra abordar\u00e1 la importancia del \u201ccuerpo vestido\u201d en la colecci\u00f3n del museo y combinar\u00e1 prendas del Instituto del Traje con pinturas, esculturas y otras piezas del Met, enfocadas en el arte occidental desde la prehistoria hasta la actualidad.<br \/>\nLas obras expuestas desafiar\u00e1n adem\u00e1s la normatividad e indagar\u00e1n en distintos tipos de belleza, recalc\u00f3 Bolton.<br \/>\nEsta diversidad de la que habl\u00f3 el curador se reflejaba hoy en un conjunto de prendas que serv\u00edan de pista para lo que el p\u00fablico ver\u00e1 en mayo de 2026.<br \/>\nEntre ellas se encontraba un conjunto del dise\u00f1ador belga Walter Van Beirendonck, compuesto por una camiseta y un pantal\u00f3n de spandex (un material sint\u00e9tico muy el\u00e1stico) de tono \u2018nude\u2019 en el que se perfilan en negro las partes del cuerpo masculino.<br \/>\nTambi\u00e9n destacaba un vestido blanco de cola, cuello alto y manga larga de la brit\u00e1nica Georgina Godley, que resaltaba el cuerpo de una mujer embarazada en un maniqu\u00ed, as\u00ed como un conjunto de top y tul de poli\u00e9ster de Renatta Buzzo en el que se superpon\u00edan representaciones de los \u00f3rganos del cuerpo humano.<br \/>\nMientras, la casa Givenchy ejemplific\u00f3 el tema de la exposici\u00f3n con un vestido de tul de seda blanco roto con detalles de encaje de color rosa p\u00e1lido, conjuntado con un cintur\u00f3n de metal que simulaba unos huesos.<br \/>\n<strong>Inauguraci\u00f3n de las galer\u00edas Cond\u00e9 Nast<\/strong><br \/>\nLa exposici\u00f3n \u2018Arte del Vestuario\u2019 inaugurar\u00e1 un nuevo conjunto de galer\u00edas de algo m\u00e1s de 3.600 metros cuadrados que se llamar\u00e1 Cond\u00e9 Nast -en honor a la empresa de medios propietaria de la revista Vogue- y donde \u201cse exhibir\u00e1n trajes que anteriormente nunca se han mostrado\u201d, indic\u00f3 Hollein.<br \/>\n\u201cEsta inauguraci\u00f3n supondr\u00e1 un hito importante en nuestra ambiciosa campa\u00f1a sobre c\u00f3mo mejoramos y transformamos el museo y c\u00f3mo exhibimos nuestras colecciones\u201d, agreg\u00f3 el ejecutivo.<br \/>\nLa muestra estar\u00e1 financiada, en parte, por el empresario Jeff Bezos, director ejecutivo de Amazon, y su esposa Lauren Bezos, y contar\u00e1 con apoyo de Cond\u00e9 Nast y la marca de lujo Saint Laurent.<\/p>\n<p><strong>EFE.<\/strong><\/p>\n","protected":false},"excerpt":{"rendered":"La MET Gala, el evento anual de moda del Museo Metropolitano de Arte de Nueva York (Met), explorar\u00e1&hellip;\n","protected":false},"author":2,"featured_media":245395,"comment_status":"","ping_status":"","sticky":false,"template":"","format":"standard","meta":{"footnotes":""},"categories":[173],"tags":[229,233,231,230,232,234,146,147,25,24,23],"class_list":{"0":"post-245394","1":"post","2":"type-post","3":"status-publish","4":"format-standard","5":"has-post-thumbnail","7":"category-arte-y-diseno","8":"tag-arte","9":"tag-arte-y-diseno","10":"tag-arts","11":"tag-arts-and-design","12":"tag-design","13":"tag-diseno","14":"tag-entertainment","15":"tag-entretenimiento","16":"tag-es","17":"tag-espana","18":"tag-spain"},"share_on_mastodon":{"url":"https:\/\/pubeurope.com\/@es\/115578977898986055","error":""},"_links":{"self":[{"href":"https:\/\/www.europesays.com\/es\/wp-json\/wp\/v2\/posts\/245394","targetHints":{"allow":["GET"]}}],"collection":[{"href":"https:\/\/www.europesays.com\/es\/wp-json\/wp\/v2\/posts"}],"about":[{"href":"https:\/\/www.europesays.com\/es\/wp-json\/wp\/v2\/types\/post"}],"author":[{"embeddable":true,"href":"https:\/\/www.europesays.com\/es\/wp-json\/wp\/v2\/users\/2"}],"replies":[{"embeddable":true,"href":"https:\/\/www.europesays.com\/es\/wp-json\/wp\/v2\/comments?post=245394"}],"version-history":[{"count":0,"href":"https:\/\/www.europesays.com\/es\/wp-json\/wp\/v2\/posts\/245394\/revisions"}],"wp:featuredmedia":[{"embeddable":true,"href":"https:\/\/www.europesays.com\/es\/wp-json\/wp\/v2\/media\/245395"}],"wp:attachment":[{"href":"https:\/\/www.europesays.com\/es\/wp-json\/wp\/v2\/media?parent=245394"}],"wp:term":[{"taxonomy":"category","embeddable":true,"href":"https:\/\/www.europesays.com\/es\/wp-json\/wp\/v2\/categories?post=245394"},{"taxonomy":"post_tag","embeddable":true,"href":"https:\/\/www.europesays.com\/es\/wp-json\/wp\/v2\/tags?post=245394"}],"curies":[{"name":"wp","href":"https:\/\/api.w.org\/{rel}","templated":true}]}}