{"id":245398,"date":"2025-11-19T23:35:15","date_gmt":"2025-11-19T23:35:15","guid":{"rendered":"https:\/\/www.europesays.com\/es\/245398\/"},"modified":"2025-11-19T23:35:15","modified_gmt":"2025-11-19T23:35:15","slug":"as-i-lay-dying-estrenan-nuevo-single-y-video","status":"publish","type":"post","link":"https:\/\/www.europesays.com\/es\/245398\/","title":{"rendered":"AS I LAY DYING estrenan nuevo single y v\u00eddeo."},"content":{"rendered":"<p>&#13;<br \/>\n        &#13;<br \/>\n&#13;<br \/>\n        &#13;<br \/>\n&#13;<\/p>\n<p>\u00a0<\/p>\n<p>\u00a0<\/p>\n<p><strong>AS I LAY DYING estrenan nuevo single y v\u00eddeo.<\/strong><br \/>\n<img fetchpriority=\"high\" decoding=\"async\" src=\"https:\/\/www.europesays.com\/es\/wp-content\/uploads\/2025\/11\/AsILayDying2025_500x267.jpg\" alt=\"AS I LAY DYING estrenan nuevo single y v\u00eddeo.\" width=\"500\" height=\"267\"\/><\/p>\n<p><a href=\"https:\/\/www.asilaydying.com\/\" target=\"_blank\" rel=\"noopener nofollow\"><strong>AS I LAY DYING<\/strong><\/a> han estrenado un nuevo single titulado \u201cIf I Fall\u201d.<\/p>\n<p>Comenta el l\u00edder Tim Lambesis: \u00abCompuse la primera versi\u00f3n de \u201cIf I Fall\u201d antes de tener a la nueva formaci\u00f3n y supe que el tema ten\u00eda mucho potencial. A medida que cada m\u00fasico se uni\u00f3 al proceso, el potencial creci\u00f3, todo el mundo trajo algo que elev\u00f3 lo que yo ya hab\u00eda empezado. Musicalmente atisba lo que es posible con esta energ\u00eda renovada, y a nivel de letras refleja al tipo de gente que quiero a mi alrededor para este pr\u00f3ximo cap\u00edtulo.\u201d<\/p>\n<p>Su anterior single y su nueva formaci\u00f3n en este <a href=\"https:\/\/www.rafabasa.com\/2025\/10\/08\/as-i-lay-dying-hamlet-ultra-raptor\/#AS_I_LAY_DYING\" rel=\"nofollow noopener\" target=\"_blank\">bloque<\/a>.<\/p>\n<p>La banda ha anunciado una nueva gira europea celebrando el vig\u00e9simo aniversario de su disco \u00abShadows Are Security\u00bb que no pasa por nuestro pa\u00eds.<\/p>\n<p>El cantante Tim Lambesis se qued\u00f3 solo a <a href=\"https:\/\/www.rafabasa.com\/2024\/11\/04\/as-i-lay-dying-in-vain-inverted-cross-metal-bats\/#AS_I_LAY_DYING\" rel=\"nofollow noopener\" target=\"_blank\">finales del a\u00f1o pasado<\/a>.<\/p>\n<p><a href=\"https:\/\/www.asilaydying.com\/\" target=\"_blank\" rel=\"noopener nofollow\"><strong>AS I LAY DYING<\/strong><\/a> editaron el 15 de noviembre a trav\u00e9s de Napalm Records un nuevo disco titulado \u201cThrough Storms Ahead\u201d.<\/p>\n<p>Todos los detalles en esta <a href=\"https:\/\/www.rafabasa.com\/2024\/09\/12\/single-y-nuevo-disco-de-as-i-lay-dying\/\" target=\"_blank\" rel=\"noopener nofollow\">noticia<\/a> y sus \u00faltimos v\u00eddeos en <a href=\"https:\/\/www.rafabasa.com\/2024\/11\/14\/nuevo-video-de-as-i-lay-dying-para-the-void-within\/\" target=\"_blank\" rel=\"noopener nofollow\">esta<\/a>.<\/p>\n<p>\u00a0<\/p>\n<p>\u00a0<\/p>\n<p>        &#13;<br \/>\n&#13;<br \/>\n&#13;<br \/>\n        &#13;<br \/>\n                        &#13;<br \/>\n            &#13;<br \/>\n&#13;<br \/>\n                        Art\u00edculo anterior<a href=\"https:\/\/www.rafabasa.com\/2025\/11\/19\/kiss-at-war-temple-balls\/\" rel=\"nofollow noopener\" target=\"_blank\">KISS \u2013 AT WAR \u2013 TEMPLE BALLS<\/a>Art\u00edculo siguiente<a href=\"https:\/\/www.rafabasa.com\/2025\/11\/19\/silent-scream-os-presentamos-a-la-banda-de-chus-corral-y-su-album-ep-contra-el-olvido\/\" rel=\"nofollow noopener\" target=\"_blank\">SILENT SCREAM \u2013 Os presentamos a la banda de Chus Corral y su \u00e1lbum\/EP  \u201cContra el Olvido\u201d<\/a>            \t                &#13;<br \/>\n&#13;<\/p>\n","protected":false},"excerpt":{"rendered":"&#13; &#13; &#13; &#13; &#13; \u00a0 \u00a0 AS I LAY DYING estrenan nuevo single y v\u00eddeo. AS I&hellip;\n","protected":false},"author":2,"featured_media":245399,"comment_status":"","ping_status":"","sticky":false,"template":"","format":"standard","meta":{"footnotes":""},"categories":[170],"tags":[48312,146,147,25,24,184,185,23],"class_list":{"0":"post-245398","1":"post","2":"type-post","3":"status-publish","4":"format-standard","5":"has-post-thumbnail","7":"category-musica","8":"tag-as-i-lay-dying","9":"tag-entertainment","10":"tag-entretenimiento","11":"tag-es","12":"tag-espana","13":"tag-music","14":"tag-musica","15":"tag-spain"},"share_on_mastodon":{"url":"https:\/\/pubeurope.com\/@es\/115578990243494723","error":""},"_links":{"self":[{"href":"https:\/\/www.europesays.com\/es\/wp-json\/wp\/v2\/posts\/245398","targetHints":{"allow":["GET"]}}],"collection":[{"href":"https:\/\/www.europesays.com\/es\/wp-json\/wp\/v2\/posts"}],"about":[{"href":"https:\/\/www.europesays.com\/es\/wp-json\/wp\/v2\/types\/post"}],"author":[{"embeddable":true,"href":"https:\/\/www.europesays.com\/es\/wp-json\/wp\/v2\/users\/2"}],"replies":[{"embeddable":true,"href":"https:\/\/www.europesays.com\/es\/wp-json\/wp\/v2\/comments?post=245398"}],"version-history":[{"count":0,"href":"https:\/\/www.europesays.com\/es\/wp-json\/wp\/v2\/posts\/245398\/revisions"}],"wp:featuredmedia":[{"embeddable":true,"href":"https:\/\/www.europesays.com\/es\/wp-json\/wp\/v2\/media\/245399"}],"wp:attachment":[{"href":"https:\/\/www.europesays.com\/es\/wp-json\/wp\/v2\/media?parent=245398"}],"wp:term":[{"taxonomy":"category","embeddable":true,"href":"https:\/\/www.europesays.com\/es\/wp-json\/wp\/v2\/categories?post=245398"},{"taxonomy":"post_tag","embeddable":true,"href":"https:\/\/www.europesays.com\/es\/wp-json\/wp\/v2\/tags?post=245398"}],"curies":[{"name":"wp","href":"https:\/\/api.w.org\/{rel}","templated":true}]}}