{"id":245400,"date":"2025-11-19T23:36:23","date_gmt":"2025-11-19T23:36:23","guid":{"rendered":"https:\/\/www.europesays.com\/es\/245400\/"},"modified":"2025-11-19T23:36:23","modified_gmt":"2025-11-19T23:36:23","slug":"primera-imagen-de-la-nueva-hechicera-suprema-de-marvel","status":"publish","type":"post","link":"https:\/\/www.europesays.com\/es\/245400\/","title":{"rendered":"Primera imagen de la nueva Hechicera Suprema de Marvel"},"content":{"rendered":"<p>La magia en <strong>Marvel<\/strong> acaba de cambiar de manos\u2026 y<br \/>\nnadie puede negar que era cuesti\u00f3n de tiempo. \u00bfEst\u00e1s listo para ver<br \/>\nc\u00f3mo <a title=\"Wanda Maximoff\" href=\"https:\/\/www.cinemascomics.com\/descubre-el-recorrido-de-wanda-maximoff-en-el-ucm\/\" target=\"_blank\" rel=\"noopener nofollow\">Wanda Maximoff<\/a> da un paso al<br \/>\nfrente y se convierte en la nueva Hechicera Suprema? Porque s\u00ed, ya<br \/>\ntenemos la primera imagen oficial de este momentazo, y te adelanto<br \/>\nque viene con m\u00e1s misterio del que parece a simple vista.<\/p>\n<p>\u00bfNo te pasa que a veces Marvel te sorprende justo cuando crees<br \/>\nque ya lo has visto todo? <a title=\"Y oye, antes de que sigas leyendo: si esta noticia te pica la curiosidad, te invito a comentar y seguirnos en Google News.\" href=\"https:\/\/news.google.com\/publications\/CAAqBwgKMMPA_AYwy9g2?hl=es&amp;gl=ES&amp;ceid=ES%3Aes\" target=\"_blank\" rel=\"noopener nofollow\" data-schema-attribute=\"mentions\">Y<br \/>\noye, antes de que sigas leyendo: si esta noticia te pica la<br \/>\ncuriosidad, te invito a comentar y seguirnos en Google<br \/>\nNews.<\/a><\/p>\n<p>Marvel ha preparado para ma\u00f1ana el lanzamiento de <strong>One<br \/>\nWorld Under Doom #9<\/strong>, el n\u00famero final de su \u00faltimo gran<br \/>\nevento. Aunque para sorpresa de nadie, o quiz\u00e1 s\u00ed, dependiendo de<br \/>\nlo conectado que est\u00e9s al mundo del c\u00f3mic, la transformaci\u00f3n de la<br \/>\nBruja Escarlata en la nueva Hechicera Suprema ya se hab\u00eda filtrado<br \/>\nantes de tiempo. Pero verlo en im\u00e1genes tiene otro peso, otra<br \/>\nsensaci\u00f3n, ese peque\u00f1o cosquilleo que solo aparece cuando algo<br \/>\nimportante est\u00e1 a punto de cambiar en el universo Marvel. \u00bfQu\u00e9<br \/>\nopinas?<\/p>\n<p>La<br \/>\nca\u00edda de Doom y el ascenso inevitable de Wanda en<br \/>\nMarvel<\/p>\n<p>Desde hace meses, Marvel ven\u00eda preparando este terreno.<br \/>\n<a title=\"Doctor Doom\" href=\"https:\/\/www.cinemascomics.com\/vengadores-doomsday-diferentes-doctor-doom\/\" target=\"_blank\" rel=\"noopener nofollow\">Doctor Doom<\/a>, siempre tan<br \/>\nobsesionado con controlar lo incontrolable, acab\u00f3 haci\u00e9ndose con el<br \/>\nt\u00edtulo de Hechicero Supremo\u2026 solo para perderlo. Y no de cualquier<br \/>\nforma: su derrota es un evento fijo en el tiempo, inalterable,<br \/>\nsellado por su propio uso de la magia m\u00e1s poderosa. Un error que<br \/>\nahora le estalla en la cara, justo cuando el universo Marvel m\u00e1s<br \/>\nnecesita una nueva guardiana m\u00edstica.<\/p>\n<p>Y es aqu\u00ed donde entra <a title=\"Bruja Escarlata\" href=\"https:\/\/es.wikipedia.org\/wiki\/Bruja_Escarlata\" target=\"_blank\" rel=\"noopener nofollow\" data-schema-attribute=\"mentions\">Bruja<br \/>\nEscarlata<\/a>. Seg\u00fan el adelanto publicado, la vemos cruzar la<br \/>\nmisteriosa Last Door hacia su residencia en Lotkill, un lugar que<br \/>\nya es casi un templo personal dentro de Marvel. Lo impactante no es<br \/>\nsolo su regreso, sino c\u00f3mo ha restaurado dos de los objetos m\u00e1s<br \/>\nemblem\u00e1ticos de Doctor Strange: el Ojo de Agamotto y la Capa de<br \/>\nLevitaci\u00f3n. Verlos sobre ella produce un efecto curioso\u2026 como si<br \/>\nfueran piezas que siempre estuvieron destinadas a sus manos, \u00bfno<br \/>\ncrees?<\/p>\n<p><img loading=\"lazy\" decoding=\"async\" aria-describedby=\"caption-attachment-421424\" class=\"wp-image-421424 size-full\" src=\"https:\/\/www.cinemascomics.com\/wp-content\/uploads\/2025\/11\/nueva-Hechicera-Suprema-de-Marvel.jpg\" alt=\"primera imagen de la nueva hechicera suprema de marvel\" width=\"1200\" height=\"1469\" title=\"Primera imagen de la nueva Hechicera Suprema de Marvel\"  \/><\/p>\n<p id=\"caption-attachment-421424\" class=\"wp-caption-text\">Marvel<br \/>\nComics<\/p>\n<p>Marvel ha sabido jugar bien sus cartas, dejando que esta<br \/>\ntransformaci\u00f3n respire sola, sin depender de bombazos medi\u00e1ticos. Y<br \/>\naun as\u00ed, consigue que todo el mundo hable del tema. Parece casi una<br \/>\nbroma interna del propio universo: cuando crees que ya nada va a<br \/>\ncambiar, Marvel te suelta un giro de esos que hacen chiribitas.<\/p>\n<p>Un futuro<br \/>\nm\u00e1gico escrito por Steve Orlando<\/p>\n<p>La nueva etapa de la Bruja Escarlata como Hechicera Suprema no<br \/>\nser\u00e1 un simple cambio de rol. Marvel ha confirmado que la<br \/>\nseguiremos en una nueva serie titulada Sorcerer Supreme, escrita<br \/>\npor Steve Orlando, quien ya conoce a Wanda como si fuera una amiga<br \/>\nde toda la vida. A su lado estar\u00e1 Bernard Chang, un artista con un<br \/>\nestilo din\u00e1mico y expresivo que encaja perfectamente con este nuevo<br \/>\ncap\u00edtulo.<\/p>\n<p>Orlando ha dejado claros los c\u00f3digos de lo que viene:<br \/>\n\u201cCuando se trata de la Bruja Escarlata, cualquier cosa es<br \/>\nposible\u201d. Y s\u00ed, quiz\u00e1 suene a frase promocional\u2026 pero en su<br \/>\ncaso es literal. Wanda es un personaje que en Marvel siempre ha<br \/>\nvivido entre extremos, y ahora tiene en sus manos los artefactos<br \/>\nm\u00e1s peligrosos del plano m\u00edstico. Su sensibilidad, su dolor, su<br \/>\nfuerza y su deseo de redenci\u00f3n son combustibles perfectos para una<br \/>\netapa que puede ser de las m\u00e1s emocionantes del a\u00f1o. \u00bfNo te lo<br \/>\nparece?<\/p>\n<p>Aqu\u00ed, Marvel aprovecha no solo el tir\u00f3n del personaje, sino su<br \/>\nlado m\u00e1s humano. Porque Wanda no se convierte en Hechicera Suprema<br \/>\npor ambici\u00f3n, ego o poder, sino por responsabilidad. Ella escucha<br \/>\nlo que otros no pueden, seg\u00fan Orlando. Y esa idea, casi po\u00e9tica, le<br \/>\nsienta de maravilla a un rol que siempre ha exigido m\u00e1s coraz\u00f3n que<br \/>\nhechizos.<\/p>\n<p>Un final<br \/>\nexplosivo que cambia las reglas<\/p>\n<p>Volviendo al evento principal: One World Under Doom #9 llega<br \/>\ncomo un torbellino. Marvel lo presenta como un final donde todo lo<br \/>\nque Doom ha construido se desmorona por un detalle m\u00ednimo pero<br \/>\ninevitable. Ese peque\u00f1o error, fijado en el tiempo para siempre, se<br \/>\nconvierte en el detonante de su ca\u00edda definitiva. Y no es una ca\u00edda<br \/>\ncualquiera; es un derrumbe personal, casi \u00edntimo, que lo obliga a<br \/>\ntomar una decisi\u00f3n irreversible.<\/p>\n<p><img loading=\"lazy\" decoding=\"async\" aria-describedby=\"caption-attachment-410221\" class=\"size-full wp-image-410221\" src=\"https:\/\/www.cinemascomics.com\/wp-content\/uploads\/2025\/07\/doctor-doom-One-World-Under-Doom.jpg\" alt=\"doctor doom one world under doom\" width=\"1250\" height=\"900\" title=\"Primera imagen de la nueva Hechicera Suprema de Marvel\"  \/><\/p>\n<p id=\"caption-attachment-410221\" class=\"wp-caption-text\">One World<br \/>\nUnder Doom<\/p>\n<p>Marvel juega con la idea de que incluso el mayor de los<br \/>\ndictadores puede tener un punto d\u00e9bil, una grieta emocional. Doom,<br \/>\nque siempre ha querido controlar cada aspecto del tiempo, del<br \/>\nconocimiento y de la magia, acaba atrapado en su propia trampa. Y<br \/>\nlo mejor es que este punto de no retorno no se puede deshacer ni<br \/>\ncon magia ni con viajes temporales. Es el tipo de iron\u00eda que Marvel<br \/>\nsuele usar para cerrar grandes arcos. \u00bfQu\u00e9 opinas de que Doom<br \/>\ntermine as\u00ed?<\/p>\n<p>Con su ca\u00edda confirmada, la pregunta de qui\u00e9n llevar\u00eda la Capa<br \/>\nde Levitaci\u00f3n y el Ojo de Agamotto quedaba flotando\u2026 pero solo para<br \/>\nquienes realmente creyeron que Marvel iba a jugar al despiste.<br \/>\nWanda era la elecci\u00f3n l\u00f3gica, emocional y narrativa. No hab\u00eda<br \/>\nalternativa que tuviera tanto peso.<\/p>\n<p>El nuevo destino de<br \/>\nWanda Maximoff<\/p>\n<p>La imagen revelada, esa primera toma de Wanda transformada como<br \/>\nnueva Hechicera Suprema, no solo adelanta un nuevo cap\u00edtulo para el<br \/>\nuniverso Marvel. Tambi\u00e9n marca un punto de inflexi\u00f3n para un<br \/>\npersonaje que, en los \u00faltimos a\u00f1os, ha pasado por muchas capas de<br \/>\nreinvenci\u00f3n.<\/p>\n<p>Verla con la Capa, con el Ojo, con esa mezcla de solemnidad y<br \/>\npoder, transmite algo muy distinto a lo habitual. No es un remplazo<br \/>\ndel <a title=\"Doctor Strange\" href=\"https:\/\/es.wikipedia.org\/wiki\/Doctor_Strange\" target=\"_blank\" rel=\"noopener nofollow\" data-schema-attribute=\"mentions\">Doctor Strange<\/a>. No<br \/>\nes un experimento temporal. Es una declaraci\u00f3n: Marvel quiere que<br \/>\nWanda sea el coraz\u00f3n del apartado m\u00e1gico a partir de ahora.<\/p>\n<p><img loading=\"lazy\" decoding=\"async\" aria-describedby=\"caption-attachment-405653\" class=\"size-full wp-image-405653\" src=\"https:\/\/www.cinemascomics.com\/wp-content\/uploads\/2025\/05\/Doctor-Strange-comic-marvel-450.jpg\" alt=\"doctor strange\" width=\"1250\" height=\"900\" title=\"Primera imagen de la nueva Hechicera Suprema de Marvel\"  \/><\/p>\n<p id=\"caption-attachment-405653\" class=\"wp-caption-text\">Marvel<br \/>\nComics<\/p>\n<p>Adem\u00e1s, la est\u00e9tica elegida para esta etapa tiene ese toque<br \/>\nmisterioso, casi artesanal, que pega con su personalidad. No es la<br \/>\nmagia limpia y ordenada del Doctor Strange, sino algo m\u00e1s org\u00e1nico,<br \/>\nm\u00e1s emocional. Como si el propio tejido del universo respondiera de<br \/>\notra manera cuando ella entra en escena.<\/p>\n<p>Y s\u00ed, ya s\u00e9 que hablar de estas cosas puede sonar exagerado,<br \/>\npero Marvel ha encontrado la forma de que este cambio no parezca un<br \/>\ncapricho editorial sino una evoluci\u00f3n natural. Wanda tiene<br \/>\nhistoria, tiene cicatrices, tiene poder y tiene un v\u00ednculo con la<br \/>\nmagia que ning\u00fan otro personaje ha explorado igual.<\/p>\n<p>Un cierre con sabor a<br \/>\nnuevo comienzo<\/p>\n<p>Al final, esta primera imagen de Wanda como Hechicera Suprema no<br \/>\nes solo un adelanto visual. Es una invitaci\u00f3n. Marvel quiere que<br \/>\nsigamos cada paso de lo que viene, y la verdad\u2026 cuesta resistirse.<br \/>\nSobre todo cuando ya sabemos que su pr\u00f3xima serie jugar\u00e1 con<br \/>\nposibilidades que antes no estaban sobre la mesa. Con Marvel<br \/>\nsiempre hay una capa extra de sorpresa, una nueva puerta que se<br \/>\nabre, incluso cuando pens\u00e1bamos que todas ya estaban<br \/>\nexploradas.<\/p>\n<p><img loading=\"lazy\" decoding=\"async\" alt=\"david larrad\" src=\"https:\/\/www.europesays.com\/es\/wp-content\/uploads\/2025\/11\/1763595383_898_941a690b7d54415da40937e0741023bcd1a8c7bda2ca4658b9d14159ee098c54\"  class=\"avatar avatar-120 photo cc-author-avatar-img\" height=\"120\" width=\"120\" title=\"Primera imagen de la nueva Hechicera Suprema de Marvel\"\/><\/p>\n<p>David Larrad<\/p>\n<p><a href=\"https:\/\/isni.org\/isni\/0000000517919555\" target=\"_blank\" rel=\"noopener nofollow\">ISNI: 0000 0005 1791 9555<\/a> | Estudi\u00f3 Realizaci\u00f3n<br \/>\nAudiovisual de Espect\u00e1culos y televisi\u00f3n en Fundaci\u00f3n para la<br \/>\nense\u00f1anza Audiovisual. Realiz\u00f3 Master de Dise\u00f1o gr\u00e1fico y de<br \/>\n3D.<\/p>\n","protected":false},"excerpt":{"rendered":"La magia en Marvel acaba de cambiar de manos\u2026 y nadie puede negar que era cuesti\u00f3n de tiempo.&hellip;\n","protected":false},"author":2,"featured_media":245401,"comment_status":"","ping_status":"","sticky":false,"template":"","format":"standard","meta":{"footnotes":""},"categories":[169],"tags":[177,146,147,25,24,176,175,23],"class_list":{"0":"post-245400","1":"post","2":"type-post","3":"status-publish","4":"format-standard","5":"has-post-thumbnail","7":"category-cine","8":"tag-cine","9":"tag-entertainment","10":"tag-entretenimiento","11":"tag-es","12":"tag-espana","13":"tag-film","14":"tag-movies","15":"tag-spain"},"share_on_mastodon":{"url":"https:\/\/pubeurope.com\/@es\/115578994349278398","error":""},"_links":{"self":[{"href":"https:\/\/www.europesays.com\/es\/wp-json\/wp\/v2\/posts\/245400","targetHints":{"allow":["GET"]}}],"collection":[{"href":"https:\/\/www.europesays.com\/es\/wp-json\/wp\/v2\/posts"}],"about":[{"href":"https:\/\/www.europesays.com\/es\/wp-json\/wp\/v2\/types\/post"}],"author":[{"embeddable":true,"href":"https:\/\/www.europesays.com\/es\/wp-json\/wp\/v2\/users\/2"}],"replies":[{"embeddable":true,"href":"https:\/\/www.europesays.com\/es\/wp-json\/wp\/v2\/comments?post=245400"}],"version-history":[{"count":0,"href":"https:\/\/www.europesays.com\/es\/wp-json\/wp\/v2\/posts\/245400\/revisions"}],"wp:featuredmedia":[{"embeddable":true,"href":"https:\/\/www.europesays.com\/es\/wp-json\/wp\/v2\/media\/245401"}],"wp:attachment":[{"href":"https:\/\/www.europesays.com\/es\/wp-json\/wp\/v2\/media?parent=245400"}],"wp:term":[{"taxonomy":"category","embeddable":true,"href":"https:\/\/www.europesays.com\/es\/wp-json\/wp\/v2\/categories?post=245400"},{"taxonomy":"post_tag","embeddable":true,"href":"https:\/\/www.europesays.com\/es\/wp-json\/wp\/v2\/tags?post=245400"}],"curies":[{"name":"wp","href":"https:\/\/api.w.org\/{rel}","templated":true}]}}