{"id":245414,"date":"2025-11-19T23:44:13","date_gmt":"2025-11-19T23:44:13","guid":{"rendered":"https:\/\/www.europesays.com\/es\/245414\/"},"modified":"2025-11-19T23:44:13","modified_gmt":"2025-11-19T23:44:13","slug":"portal-de-noticias-del-gobierno-de-canarias-311","status":"publish","type":"post","link":"https:\/\/www.europesays.com\/es\/245414\/","title":{"rendered":"Portal de Noticias del Gobierno de Canarias"},"content":{"rendered":"<blockquote>\n<p>Proexca cierra con \u00e9xito un evento de networking con 300 personas top de la industria audiovisual y sus subsectores y de la industria del videojuego<\/p>\n<\/blockquote>\n<p>La c\u00e9ntrica plaza madrile\u00f1a de Callao ha atra\u00eddo hoy la atenci\u00f3n de la industria audiovisual y de videojuegos de la capital espa\u00f1ola para conocer el potencial canario de la industria de la animaci\u00f3n, los videojuegos, cine de ficci\u00f3n o cine publicitario.<\/p>\n<p>Organizado por Proexca, con la colaboraci\u00f3n del Cl\u00faster Audiovisual de Canarias, las asociaciones regionales de videojuegos ACADEVI y ARCADEV, y con el apoyo de la Direcci\u00f3n General de Innovaci\u00f3n Cultural e Industrias Creativas del Gobierno de Canarias, m\u00e1s de 300 empresas, grandes nombres de la industria y medios han participado hoy en un original evento en el que el talento canario y las ventajas del archipi\u00e9lago para desarrollar proyectos audiovisuales y de videojuegos han sido los principales protagonistas.<\/p>\n<p>El evento no solo supuso una inmejorable ocasi\u00f3n para ampliar la red de contactos de los profesionales, tanto canarios como nacionales, sino tambi\u00e9n el entorno perfecto para descubrir nuevas oportunidades de negocio y colaboraci\u00f3n. Las cifras macroecon\u00f3micas de 2024 que presenta Canarias son hist\u00f3ricas. El archipi\u00e9lago registr\u00f3 ingresos superiores a 218 millones de euros por rodajes de pel\u00edculas y series, lo que representa un crecimiento del 50% en la inversi\u00f3n econ\u00f3mica respecto al a\u00f1o anterior. 154 rodajes de pel\u00edculas y series, un 17,6% m\u00e1s que en 2023. Mientras que la generaci\u00f3n de empleo se increment\u00f3 en un 40%, superando los 14.000 empleos directos distribuidos a lo largo del archipi\u00e9lago. Canarias es adem\u00e1s la tercera comunidad aut\u00f3noma por volumen de empleo en el subsector animaci\u00f3n, representando el 7,94% del empleo espa\u00f1ol, y en producci\u00f3n y estudios destacan las 26 producciones de 2024 y la veintena de estudios de animaci\u00f3n activos entre Gran Canaria y Tenerife.<\/p>\n<p>Si bien la producci\u00f3n cinematogr\u00e1fica sigue siendo la fuerza dominante, la inversi\u00f3n institucional se dirige cada vez m\u00e1s hacia subsectores digitales de alto valor a\u00f1adido. Esto incluye la inversi\u00f3n de 5,8 millones de euros en un Estudio Virtual de vanguardia en Gran Canaria, y el posicionamiento cualitativo del sector de Videojuegos, que ha escalado al cuarto puesto en valoraci\u00f3n a nivel nacional.<\/p>\n<p>El viceconsejero de Presidencia y presidente de Proexca, Alfonso Cabello, inaugur\u00f3 esta jornada. \u201cEstar hoy aqu\u00ed es incre\u00edble, ver todo lo que la industria en Canarias ha aportado, la expectaci\u00f3n que ha generado con un centenar de empresas de la pen\u00ednsula, medios de comunicaci\u00f3n. Es un verdadero honor participar de este ambiente de creaci\u00f3n y talento, en el que fluyen las ideas. Estoy seguro de que de aqu\u00ed saldr\u00e1n cosas importantes, es un d\u00eda muy especial\u201d, ha se\u00f1alado.<\/p>\n<p>Desde las 19:30 horas unas 30.000 personas pasaron por \u00a0la zona y pudieron disfrutar con sorpresa y emoci\u00f3n de la proyecci\u00f3n de im\u00e1genes de muchas de las principales obras audiovisuales realizadas en Canarias, tanto de producci\u00f3n cinematogr\u00e1fica, como de animaci\u00f3n, videojuegos, VFX y postproducci\u00f3n. Las dos grandes pantallas exteriores de los Cines Callao, hacia la plaza de Callao y hacia la Gran V\u00eda madrile\u00f1a, mostraron durante una hora im\u00e1genes de muchos de los trabajos desarrollados en el archipi\u00e9lago, proyectos que demuestran el talento, la capacidad de producci\u00f3n, los paisajes y, en definitiva, todas las posibilidades que ofrecen las islas para los profesionales de la industria.<\/p>\n<p>Posteriormente, el encuentro celebrado en la terraza de los Cines Callao pivot\u00f3 en torno a un coloquio en el que participaron varias personalidades de proyecci\u00f3n nacional e internacional con vinculaci\u00f3n con Canarias, como la actriz Toni Acosta, el director Juan Carlos Fresnadillo, el productor y guionista Kike Maillo y el cofundador de Morgana Studio, Jaime Cano. En este espacio conducido por el humorista Dar\u00edo L\u00f3pez, tambi\u00e9n tuvo voz el director general de la Asociaci\u00f3n Nacional de Videojuegos (AEVI), Jos\u00e9 Mar\u00eda Moreno.<\/p>\n<p>Durante el di\u00e1logo compartieron sus experiencias, sus perspectivas sobre la industria en Canarias, a la vez que valoraron el talento y la riqueza de la industria canaria. As\u00ed, en el encuentro se abordaron temas como la consolidaci\u00f3n del ecosistema que se ha desarrollado en los \u00faltimos a\u00f1os en Canarias, el creciente talento creativo, o los ventajosos incentivos fiscales, uno de los sistemas m\u00e1s competitivos de Europa.<\/p>\n<p>Adem\u00e1s de esta din\u00e1mica conversaci\u00f3n sobre las ventajas y los atractivos de Canarias para desarrollar proyectos audiovisuales, el evento incluy\u00f3 un networking sobre el sector audiovisual en el archipi\u00e9lago, espacio ideal para visibilizar el potencial de las empresas de las islas y dar a las empresas, la posibilidad de contactar directamente con futuros socios, partners o proveedores que puedan impulsar proyectos conjuntos en el archipi\u00e9lago.<\/p>\n<p>El evento sirvi\u00f3 tambi\u00e9n para reforzar la imagen de la nueva estrategia de comunicaci\u00f3n del Gobierno de Canarias, \u201cCanarias, nuestra mejor versi\u00f3n\u201d, una marca paraguas bajo la cual, todos los agentes relacionados con la internacionalizaci\u00f3n del archipi\u00e9lago caminan unidos para ofrecer la mejor versi\u00f3n de las islas, en los sectores estrat\u00e9gicos determinados por el Gobierno de Canarias.<\/p>\n<p>Se trata de una nueva identidad visual que representa el esp\u00edritu de transformaci\u00f3n que ha emprendido Canarias en los \u00faltimos a\u00f1os, pero que va mucho m\u00e1s all\u00e1: \u201cCanarias, nuestra mejor versi\u00f3n\u201d simboliza un mismo mensaje conceptual que refuerza el posicionamiento del archipi\u00e9lago tanto a nivel nacional como internacional.<\/p>\n<p>A trav\u00e9s de esta nueva estrategia, Canarias proyecta al mundo una imagen unificada, coherente y reconocible de una econom\u00eda que en los \u00faltimos a\u00f1os ha apostado por fortalecer los sectores tradicionales del archipi\u00e9lago y, al mismo tiempo, por abrir nuevos caminos hacia el desarrollo de nuevos sectores emergentes y la innovaci\u00f3n.<\/p>\n<p>Es en este contexto en el que tiene cabida un evento como el celebrado hoy en Madrid, en el que el talento canario ha tratado de atraer a empresas y profesionales con la ambici\u00f3n de crecer en un entorno tan competitivo y ventajoso como el que ofrece el archipi\u00e9lago, y en el que las empresas canarias del sector han podido impulsar su visibilidad y mostrar su competitividad para continuar su proceso de expansi\u00f3n.<\/p>\n<p>Callao ha supuesto as\u00ed el escaparate ideal para las islas en las que cualquier proyecto puede crecer y las personas pueden alcanzar su m\u00e1ximo potencial.<\/p>\n","protected":false},"excerpt":{"rendered":"Proexca cierra con \u00e9xito un evento de networking con 300 personas top de la industria audiovisual y sus&hellip;\n","protected":false},"author":2,"featured_media":245415,"comment_status":"","ping_status":"","sticky":false,"template":"","format":"standard","meta":{"footnotes":""},"categories":[5],"tags":[17,18,25,24,13,14,11,19,20,9,10,15,16,23,12,21,22],"class_list":{"0":"post-245414","1":"post","2":"type-post","3":"status-publish","4":"format-standard","5":"has-post-thumbnail","7":"category-titulares","8":"tag-breaking-news","9":"tag-breakingnews","10":"tag-es","11":"tag-espana","12":"tag-featured-news","13":"tag-featurednews","14":"tag-headlines","15":"tag-latest-news","16":"tag-latestnews","17":"tag-news","18":"tag-noticias","19":"tag-noticias-destacadas","20":"tag-noticiasdestacadas","21":"tag-spain","22":"tag-titulares","23":"tag-ultimas-noticias","24":"tag-ultimasnoticias"},"share_on_mastodon":{"url":"https:\/\/pubeurope.com\/@es\/115579025063930785","error":""},"_links":{"self":[{"href":"https:\/\/www.europesays.com\/es\/wp-json\/wp\/v2\/posts\/245414","targetHints":{"allow":["GET"]}}],"collection":[{"href":"https:\/\/www.europesays.com\/es\/wp-json\/wp\/v2\/posts"}],"about":[{"href":"https:\/\/www.europesays.com\/es\/wp-json\/wp\/v2\/types\/post"}],"author":[{"embeddable":true,"href":"https:\/\/www.europesays.com\/es\/wp-json\/wp\/v2\/users\/2"}],"replies":[{"embeddable":true,"href":"https:\/\/www.europesays.com\/es\/wp-json\/wp\/v2\/comments?post=245414"}],"version-history":[{"count":0,"href":"https:\/\/www.europesays.com\/es\/wp-json\/wp\/v2\/posts\/245414\/revisions"}],"wp:featuredmedia":[{"embeddable":true,"href":"https:\/\/www.europesays.com\/es\/wp-json\/wp\/v2\/media\/245415"}],"wp:attachment":[{"href":"https:\/\/www.europesays.com\/es\/wp-json\/wp\/v2\/media?parent=245414"}],"wp:term":[{"taxonomy":"category","embeddable":true,"href":"https:\/\/www.europesays.com\/es\/wp-json\/wp\/v2\/categories?post=245414"},{"taxonomy":"post_tag","embeddable":true,"href":"https:\/\/www.europesays.com\/es\/wp-json\/wp\/v2\/tags?post=245414"}],"curies":[{"name":"wp","href":"https:\/\/api.w.org\/{rel}","templated":true}]}}