{"id":245416,"date":"2025-11-19T23:49:09","date_gmt":"2025-11-19T23:49:09","guid":{"rendered":"https:\/\/www.europesays.com\/es\/245416\/"},"modified":"2025-11-19T23:49:09","modified_gmt":"2025-11-19T23:49:09","slug":"alcaraz-bendice-a-la-nueva-sensacion-del-tenis-es-un-jugador-especial","status":"publish","type":"post","link":"https:\/\/www.europesays.com\/es\/245416\/","title":{"rendered":"Alcaraz bendice a la nueva sensaci\u00f3n del tenis: \u00abEs un jugador especial&#8230;\u00bb"},"content":{"rendered":"<p class=\"L6-news-detail__text\"><b>Joao Fonseca<\/b> es uno de esos j\u00f3venes que est\u00e1n llamado a poder competir contra <b><a title=\"Jannik Sinner y Carlos Alcaraz\" href=\"https:\/\/www.lasexta.com\/noticias\/deportes\/tenis\/carlos-alcaraz-habla-como-nunca-sinner-esta-jannik-obsesionado_20251119691d920c360d0840bcea81d3.html\" target=\"_blank\" rel=\"nofollow noopener\">Jannik Sinner y Carlos Alcaraz<\/a><\/b>. Aunque sean palabras mayores, en el circuito coinciden en que tiene las cualidades para llegar a los mejores en los pr\u00f3ximos a\u00f1os. Tambi\u00e9n el tenista murciano le ha lanzado muchos elogios.<\/p>\n<p class=\"L6-news-detail__text\">En una entrevista a &#8216;O Globo&#8217; ha definido a Fonseca como <b>\u00abun jugador especial\u00bb.<\/b><\/p>\n<p class=\"L6-news-detail__text\">As\u00ed analiza su tenis: \u00abTiene <b>una potencia asombrosa en sus golpes <\/b>y un saque muy bueno, aspecto que fue lo que m\u00e1s me cost\u00f3 a m\u00ed cuando entr\u00e9 al circuito. Su derecha es tremenda tambi\u00e9n y creo que el mayor margen de mejora que tiene es la movilidad, pero eso lo ir\u00e1 puliendo poco a poco\u00bb.<\/p>\n<p class=\"L6-news-detail__text\">En este 2025 ha progresado mucho y ya est\u00e1 entre los 25 mejores tenistas del mundo:<b> \u00abLo que ha hecho este a\u00f1o es realmente impresionante. Meterse en el top 25<\/b> resulta muy meritorio y creo que progresar\u00e1 much\u00edsimo los dos pr\u00f3ximos a\u00f1os\u00bb.<\/p>\n<p class=\"L6-news-detail__text\">\u00abVeremos c\u00f3mo gestiona la presi\u00f3n, pero vaticino que le esperan cosas muy importantes y no es descartable que <b>pueda llegar al top 3 en un tiempo<\/b>. Ser\u00eda clave para \u00e9l meterse ah\u00ed y trabajar para mantenerse entre los mejores\u00bb, cierra Alcaraz.<\/p>\n<p>Se ver\u00e1n en Estados Unidos<\/p>\n<p class=\"L6-news-detail__text\">Antes de que finalice el presente curso, Alcaraz y Fonseca se medir\u00e1n en torneos de <b>exhibici\u00f3n que se juegan en Estados Unidos.<\/b><\/p>\n<p class=\"L6-news-detail__text\">Ambos se enfrentar\u00e1n el <b>8 de diciembre en Miami <\/b>en un partido amistoso.<\/p>\n<p class=\"L6-support-news-video__title\">Se plantea denunciar<\/p>\n<p>            <a href=\"https:\/\/www.lasexta.com\/noticias\/deportes\/futbol\/jugador-nacho-ruiz-denuncia-insultos-homofobos-vestir-determinada-manera_20251119691dd9cd360d0840bceb4071.html\" class=\"L6-news__link\" rel=\"nofollow noopener\" target=\"_blank\"><br \/>\n                El jugador Nacho Ruiz denuncia insultos hom\u00f3fobos: \u00abPor vestir de una determinada manera&#8230;\u00bb<\/p>\n<p class=\"recirculation-video-desc\">El futbolista del Conquense ha denunciado insultos hom\u00f3fobos en su partido del fin de semana contra el Quintanar del Rey.<\/p>\n<p>            <\/a><\/p>\n","protected":false},"excerpt":{"rendered":"Joao Fonseca es uno de esos j\u00f3venes que est\u00e1n llamado a poder competir contra Jannik Sinner y Carlos&hellip;\n","protected":false},"author":2,"featured_media":167608,"comment_status":"","ping_status":"","sticky":false,"template":"","format":"standard","meta":{"footnotes":""},"categories":[274],"tags":[168,25,24,23,167,327,326],"class_list":{"0":"post-245416","1":"post","2":"type-post","3":"status-publish","4":"format-standard","5":"has-post-thumbnail","7":"category-tenis","8":"tag-deportes","9":"tag-es","10":"tag-espana","11":"tag-spain","12":"tag-sports","13":"tag-tenis","14":"tag-tennis"},"share_on_mastodon":{"url":"https:\/\/pubeurope.com\/@es\/115579044713640819","error":""},"_links":{"self":[{"href":"https:\/\/www.europesays.com\/es\/wp-json\/wp\/v2\/posts\/245416","targetHints":{"allow":["GET"]}}],"collection":[{"href":"https:\/\/www.europesays.com\/es\/wp-json\/wp\/v2\/posts"}],"about":[{"href":"https:\/\/www.europesays.com\/es\/wp-json\/wp\/v2\/types\/post"}],"author":[{"embeddable":true,"href":"https:\/\/www.europesays.com\/es\/wp-json\/wp\/v2\/users\/2"}],"replies":[{"embeddable":true,"href":"https:\/\/www.europesays.com\/es\/wp-json\/wp\/v2\/comments?post=245416"}],"version-history":[{"count":0,"href":"https:\/\/www.europesays.com\/es\/wp-json\/wp\/v2\/posts\/245416\/revisions"}],"wp:featuredmedia":[{"embeddable":true,"href":"https:\/\/www.europesays.com\/es\/wp-json\/wp\/v2\/media\/167608"}],"wp:attachment":[{"href":"https:\/\/www.europesays.com\/es\/wp-json\/wp\/v2\/media?parent=245416"}],"wp:term":[{"taxonomy":"category","embeddable":true,"href":"https:\/\/www.europesays.com\/es\/wp-json\/wp\/v2\/categories?post=245416"},{"taxonomy":"post_tag","embeddable":true,"href":"https:\/\/www.europesays.com\/es\/wp-json\/wp\/v2\/tags?post=245416"}],"curies":[{"name":"wp","href":"https:\/\/api.w.org\/{rel}","templated":true}]}}